{"id":653928,"date":"2026-01-10T12:16:20","date_gmt":"2026-01-10T12:16:20","guid":{"rendered":"https:\/\/www.europesays.com\/fr\/653928\/"},"modified":"2026-01-10T12:16:20","modified_gmt":"2026-01-10T12:16:20","slug":"poursuivre-le-combat-les-agriculteurs-ne-desarment-pas-apres-le-feu-vert-de-lunion-europeenne-au-mercosur","status":"publish","type":"post","link":"https:\/\/www.europesays.com\/fr\/653928\/","title":{"rendered":"\u00ab\u00a0Poursuivre le combat\u00a0\u00bb\u00a0: les agriculteurs ne d\u00e9sarment pas apr\u00e8s le feu vert de l\u2019Union europ\u00e9enne au Mercosur"},"content":{"rendered":"<p>\n                                                                L\u2019accord d\u00e9cri\u00e9 a \u00e9t\u00e9 valid\u00e9 par une majorit\u00e9 des \u00c9tats, vendredi, malgr\u00e9 l\u2019opposition de la France.\n                            <\/p>\n<p>La majorit\u00e9 des \u00c9tats membres de l\u2019Union europ\u00e9enne (UE) <a href=\"https:\/\/www.franceinfo.fr\/economie\/commerce\/mercosur\/une-majorite-de-pays-de-l-union-europeenne-approuve-l-accord-avec-le-mercosur-malgre-l-opposition-de-la-france_7730527.html\" target=\"_self\" rel=\"noopener\">ont approuv\u00e9, vendredi, la signature de l\u2019accord<\/a> de libre-\u00e9change avec le bloc sud-am\u00e9ricain du Mercosur, Argentine, Br\u00e9sil, Paraguay et Uruguay.<\/p>\n<p>Une validation qui survient apr\u00e8s plus de vingt-cinq ans de\u2060n\u00e9gociations, <a href=\"https:\/\/www.midilibre.fr\/2026\/01\/08\/les-agriculteurs-francais-naccepteront-jamais-lavertissement-du-patron-de-la-fnsea-arnaud-rousseau-avant-la-signature-du-mercosur-13150987.php\" target=\"_self\" rel=\"noopener\">malgr\u00e9 la col\u00e8re des agriculteurs et l\u2019opposition de la France<\/a>, la Pologne, la Hongrie, l\u2019Autriche et l\u2019Irlande.<\/p>\n<p>La Commission europ\u00e9enne et\u200d des pays tels que l\u2019Allemagne et l\u2019Espagne voient dans cet accord un \u00e9l\u00e9ment cl\u00e9 de la strat\u00e9gie visant \u00e0 ouvrir de nouveaux march\u00e9s, afin d\u2019att\u00e9nuer l\u2019impact des droits de douane am\u00e9ricains et de r\u00e9duire la d\u00e9pendance \u00e0 l\u2019\u00e9gard de la Chine.\u00a0Particuli\u00e8rement pour les minerais comme le lithium pour batteries.<\/p>\n<p>Des concessions insuffisantes<\/p>\n<p>\u00c0 l\u2019inverse, ses d\u00e9tracteurs s\u2019inqui\u00e8tent d\u2019une hausse des importations de produits alimentaires bon march\u00e9, notamment de b\u0153uf, de volaille et de sucre, au d\u00e9triment de l\u2019agriculture locale.<\/p>\n<p>Pour convaincre les sceptiques, la Commission europ\u00e9enne a mis\u200c en place des mesures de sauvegarde permettant de suspendre les importations de produits agricoles sensibles. Elle a aussi renforc\u00e9 les contr\u00f4les des importations et propos\u00e9 le d\u00e9blocage anticip\u00e9 de certains fonds allou\u00e9s \u00e0 l\u2019agriculture.<\/p>\n<p>Ces concessions, insuffisantes pour la France, semblent avoir convaincu l\u2019Italie, dont le soutien \u00e0 l\u2019accord commercial a \u00e9t\u00e9 d\u00e9cisif.<\/p>\n<p>\u00ab\u00a0On ne baissera pas les bras\u00a0\u00bb<\/p>\n<p>Le texte doit d\u00e9sormais \u00eatre soumis au vote des eurod\u00e9put\u00e9s, mais la pr\u00e9sidente de la Commission europ\u00e9enne, Ursula von der Leyen, envisage une application du texte sans attendre la ratification du Parlement.<\/p>\n<p>Jeudi, le Pr\u00e9sident fran\u00e7ais Emmanuel Macron a affirm\u00e9, lui, que \u00ab\u00a0l\u2019\u00e9tape de la signature de l\u2019accord\u00a0\u00bb, pr\u00e9vu le 17\u00a0janvier au Paraguay, \u00ab\u00a0ne constitue pas la fin de l\u2019histoire\u00a0\u00bb, s\u2019engageant \u00e0 continuer de prot\u00e9ger le monde paysan.<\/p>\n<p>De mesures, port\u00e9es par le gouvernement (lire ci-dessous), ont \u00e9t\u00e9 annonc\u00e9es dans la foul\u00e9e, alors que les agriculteurs menaient de nouvelles actions en France, mais aussi plus largement \u00e0 travers l\u2019Europe.<\/p>\n<p>Si les tracteurs de la Coordination rurale ont quitt\u00e9 Paris apr\u00e8s leurs blocages, ceux de la Conf\u00e9d\u00e9ration paysanne ont perturb\u00e9, vendredi, le trafic sur le p\u00e9riph\u00e9rique parisien. Porte-parole du syndicat, St\u00e9phane Galais et Thomas Gibert, ont \u00e9t\u00e9, parall\u00e8lement, interpell\u00e9s aux abords de l\u2019Arc de Triomphe.<\/p>\n<p>\u00ab\u00a0Les agriculteurs fran\u00e7ais n\u2019accepteront jamais qu\u2019on leur impose des r\u00e8gles si les importations ne les respectent pas. On ne baissera pas les bras\u00a0\u00bb, pr\u00e9venait, jeudi, le patron de la FNSEA, Arnaud Rousseau, contact\u00e9 par notre r\u00e9daction.<\/p>\n<p>Le premier syndicat agricole fran\u00e7ais appelle \u00e0 \u00ab\u00a0poursuivre le combat\u00a0\u00bb\u00a0contre le Mercosur, avec, notamment, une mobilisation du monde paysan, le 20\u00a0janvier, devant le Parlement europ\u00e9en, \u00e0 Strasbourg.<\/p>\n<p>    Des mesures pour tenter d\u2019apaiser la col\u00e8re<\/p>\n<p>En fin de journ\u00e9e, la ministre de l\u2019Agriculture, Annie Genevard, a annonc\u00e9 face \u00e0 la presse une s\u00e9rie de mesures pour aider les agriculteurs et simplifier leur travail. \u00ab\u00a0Votre message est re\u00e7u cinq sur cinq\u00a0\u00bb, a-t-elle affirm\u00e9, cherchant \u00e0 \u00ab\u00a0apaiser les tensions\u00a0\u00bb\u00a0avec le monde paysan. Le gouvernement a annonc\u00e9 un doublement \u00e0 22\u00a0M\u20ac du fonds d\u2019indemnisation destin\u00e9 aux \u00e9leveurs impact\u00e9s par la dermatose nodulaire bovine. Une brigade d\u00e9di\u00e9e au contr\u00f4le des produits pouvant contenir les substances interdites \u00e0 l\u2019importation sera cr\u00e9\u00e9e. Trois fonds de soutien aux fili\u00e8res (M\u00e9diterran\u00e9e, fruits et l\u00e9gumes, prot\u00e9ines) seront muscl\u00e9s \u00e0 hauteur de 30\u00a0M\u20ac au total. La ministre veut acc\u00e9l\u00e9rer, par ailleurs, la publication des d\u00e9crets de simplification, \u00e0 la suite du vote de la loi Duplomb.\u00a0\u00ab\u00a0De m\u00eame, les textes qui permettent de trouver des solutions plus vite pour lutter contre les nuisibles, les virus, les bact\u00e9ries qui ravagent les productions seront pris avant le salon\u00a0\u00bb, a-t-elle ajout\u00e9. Le quota du nombre de loups pouvant \u00eatre abattus va augmenter, lui, de 10\u00a0%. Ces mesures \u00e9valu\u00e9es \u00e0 300\u00a0M\u20ac restent suspendues \u00e0 l\u2019adoption du budget et dispara\u00eetront avec le gouvernement s\u2019il est censur\u00e9, a pr\u00e9venu Am\u00e9lie de Montchalin, ministre de l\u2019action et des comptes publics. \u00ab\u00a0S\u2019il n\u2019y a pas de gouvernement, il n\u2019y aura pas de solution pour les agriculteurs\u00a0\u00bb, a-t-elle affirm\u00e9.<\/p>\n","protected":false},"excerpt":{"rendered":"L\u2019accord d\u00e9cri\u00e9 a \u00e9t\u00e9 valid\u00e9 par une majorit\u00e9 des \u00c9tats, vendredi, malgr\u00e9 l\u2019opposition de la France. La majorit\u00e9&hellip;\n","protected":false},"author":2,"featured_media":653929,"comment_status":"","ping_status":"","sticky":false,"template":"","format":"standard","meta":{"footnotes":""},"categories":[5],"tags":[11,327,33,1011,27,14,12,28],"class_list":{"0":"post-653928","1":"post","2":"type-post","3":"status-publish","4":"format-standard","5":"has-post-thumbnail","7":"category-international","8":"tag-actualites","9":"tag-agriculture","10":"tag-economie","11":"tag-fr","12":"tag-france","13":"tag-international","14":"tag-news","15":"tag-world"},"share_on_mastodon":{"url":"https:\/\/pubeurope.com\/@fr\/115870759924248442","error":""},"_links":{"self":[{"href":"https:\/\/www.europesays.com\/fr\/wp-json\/wp\/v2\/posts\/653928","targetHints":{"allow":["GET"]}}],"collection":[{"href":"https:\/\/www.europesays.com\/fr\/wp-json\/wp\/v2\/posts"}],"about":[{"href":"https:\/\/www.europesays.com\/fr\/wp-json\/wp\/v2\/types\/post"}],"author":[{"embeddable":true,"href":"https:\/\/www.europesays.com\/fr\/wp-json\/wp\/v2\/users\/2"}],"replies":[{"embeddable":true,"href":"https:\/\/www.europesays.com\/fr\/wp-json\/wp\/v2\/comments?post=653928"}],"version-history":[{"count":0,"href":"https:\/\/www.europesays.com\/fr\/wp-json\/wp\/v2\/posts\/653928\/revisions"}],"wp:featuredmedia":[{"embeddable":true,"href":"https:\/\/www.europesays.com\/fr\/wp-json\/wp\/v2\/media\/653929"}],"wp:attachment":[{"href":"https:\/\/www.europesays.com\/fr\/wp-json\/wp\/v2\/media?parent=653928"}],"wp:term":[{"taxonomy":"category","embeddable":true,"href":"https:\/\/www.europesays.com\/fr\/wp-json\/wp\/v2\/categories?post=653928"},{"taxonomy":"post_tag","embeddable":true,"href":"https:\/\/www.europesays.com\/fr\/wp-json\/wp\/v2\/tags?post=653928"}],"curies":[{"name":"wp","href":"https:\/\/api.w.org\/{rel}","templated":true}]}}