{"id":653937,"date":"2026-01-10T12:22:18","date_gmt":"2026-01-10T12:22:18","guid":{"rendered":"https:\/\/www.europesays.com\/fr\/653937\/"},"modified":"2026-01-10T12:22:18","modified_gmt":"2026-01-10T12:22:18","slug":"suivez-avec-nous-la-rencontre-entre-le-sluc-nancy-et-monaco","status":"publish","type":"post","link":"https:\/\/www.europesays.com\/fr\/653937\/","title":{"rendered":"suivez avec nous la rencontre entre le SLUC Nancy et Monaco"},"content":{"rendered":"<p>Arriv\u00e9 directement \u00e0 Nancy en provenance de Valence (Espagne), o\u00f9 il jouait en Euroleague jeudi soir (victoire 92 \u00e0 101), Monaco est actuellement priv\u00e9 de deux joueurs, bless\u00e9s : Yoan Makoundou et l&rsquo;int\u00e9reieur allemand Daniel Theis.<\/p>\n<p>De son c\u00f4t\u00e9, le SLUC s&rsquo;alignera au complet, Enzo Goudou-Sinha \u00e9tant remis de son entorse \u00e0 la cheville.\u00a0<\/p>\n<p class=\"description\">Les compositions d&rsquo;\u00e9quipes<\/p>\n<p>            &#13;<br \/>\n    &#13;<br \/>\n    &#13;<br \/>\n    <a href=\"https:\/\/cdn-s-www.estrepublicain.fr\/images\/15f84b10-441a-48ca-813a-7ddab41bc25a\/NW_raw\/title-1767983980.jpg\" title=\"\" class=\"chocolat-image GA-tracking\" data-ga_type=\"click\" data-ga_category=\"D\u00e9tail\" data-ga_action=\"zoomer\" data-ga_label=\"aggrandir image\" target=\"_blank\" rel=\"noopener\">&#13;<br \/>\n        <img src=\"https:\/\/www.europesays.com\/fr\/wp-content\/uploads\/2026\/01\/title-1767983980.jpg\"   alt=\"\" fetchpriority=\"high\" decoding=\"async\" data-mobile=\"NW_listA_M|1767983980\" data-base=\"NW_listA|1767983980\"\/>&#13;<br \/>\n    <\/a>&#13;<\/p>\n","protected":false},"excerpt":{"rendered":"Arriv\u00e9 directement \u00e0 Nancy en provenance de Valence (Espagne), o\u00f9 il jouait en Euroleague jeudi soir (victoire 92&hellip;\n","protected":false},"author":2,"featured_media":653938,"comment_status":"","ping_status":"","sticky":false,"template":"","format":"standard","meta":{"footnotes":""},"categories":[9635],"tags":[1111,11,1791,3545,3602,1704,1706,1705,1777,674,1701,1011,27,775,1702,12,25,11567,517,1700],"class_list":{"0":"post-653937","1":"post","2":"type-post","3":"status-publish","4":"format-standard","5":"has-post-thumbnail","7":"category-nancy","8":"tag-actu","9":"tag-actualites","10":"tag-basket-ball","11":"tag-direct-sport","12":"tag-edition-bar-le-duc","13":"tag-edition-nancy-et-agglomeration","14":"tag-edition-pont-a-mousson","15":"tag-edition-toul","16":"tag-eu","17":"tag-europe","18":"tag-fil-info-sport","19":"tag-fr","20":"tag-france","21":"tag-grand-est","22":"tag-nancy","23":"tag-news","24":"tag-republique-francaise","25":"tag-sluc","26":"tag-sport","27":"tag-sport-lorrain"},"share_on_mastodon":{"url":"https:\/\/pubeurope.com\/@fr\/115870783446043272","error":""},"_links":{"self":[{"href":"https:\/\/www.europesays.com\/fr\/wp-json\/wp\/v2\/posts\/653937","targetHints":{"allow":["GET"]}}],"collection":[{"href":"https:\/\/www.europesays.com\/fr\/wp-json\/wp\/v2\/posts"}],"about":[{"href":"https:\/\/www.europesays.com\/fr\/wp-json\/wp\/v2\/types\/post"}],"author":[{"embeddable":true,"href":"https:\/\/www.europesays.com\/fr\/wp-json\/wp\/v2\/users\/2"}],"replies":[{"embeddable":true,"href":"https:\/\/www.europesays.com\/fr\/wp-json\/wp\/v2\/comments?post=653937"}],"version-history":[{"count":0,"href":"https:\/\/www.europesays.com\/fr\/wp-json\/wp\/v2\/posts\/653937\/revisions"}],"wp:featuredmedia":[{"embeddable":true,"href":"https:\/\/www.europesays.com\/fr\/wp-json\/wp\/v2\/media\/653938"}],"wp:attachment":[{"href":"https:\/\/www.europesays.com\/fr\/wp-json\/wp\/v2\/media?parent=653937"}],"wp:term":[{"taxonomy":"category","embeddable":true,"href":"https:\/\/www.europesays.com\/fr\/wp-json\/wp\/v2\/categories?post=653937"},{"taxonomy":"post_tag","embeddable":true,"href":"https:\/\/www.europesays.com\/fr\/wp-json\/wp\/v2\/tags?post=653937"}],"curies":[{"name":"wp","href":"https:\/\/api.w.org\/{rel}","templated":true}]}}