{"id":653940,"date":"2026-01-10T12:25:10","date_gmt":"2026-01-10T12:25:10","guid":{"rendered":"https:\/\/www.europesays.com\/fr\/653940\/"},"modified":"2026-01-10T12:25:10","modified_gmt":"2026-01-10T12:25:10","slug":"apres-deux-ans-sans-mediatheque-une-solution-temporaire-trouvee-a-la-mosson","status":"publish","type":"post","link":"https:\/\/www.europesays.com\/fr\/653940\/","title":{"rendered":"Apr\u00e8s deux ans sans m\u00e9diath\u00e8que, une solution temporaire trouv\u00e9e \u00e0 la Mosson"},"content":{"rendered":"<p>                    Par<br \/>\n        <strong><br \/>\n            <a href=\"https:\/\/actu.fr\/auteur\/c-nithard\" title=\"Consulter tous les articles de C\u00e9dric Nithard\" target=\"_blank\" rel=\"noopener\">C\u00e9dric Nithard<\/a><br \/>\n                    <\/strong><\/p>\n<p>        Publi\u00e9 le<\/p>\n<p>            10 janv. 2026 \u00e0 11h41        <\/p>\n<p>Depuis novembre 2023, <strong>la m\u00e9diath\u00e8que Jean-Jacques Rousseau<\/strong>, situ\u00e9e dans le quartier de <strong>la Mosson<\/strong> \u00e0 <strong>Montpellier<\/strong>, a ferm\u00e9 ses portes pour des raisons de s\u00e9curit\u00e9 li\u00e9s \u00e0 des probl\u00e8mes structurels importants du b\u00e2timent. Si une programmation hors les murs a \u00e9t\u00e9 assur\u00e9e, <strong>les 4 000 abonn\u00e9s<\/strong> devaient se reporter sur les autres m\u00e9diath\u00e8ques de la m\u00e9tropole. Ce n\u2019est plus le cas depuis quelques semaines avec <strong>l\u2019ouverture d\u2019une m\u00e9diath\u00e8que temporaire<\/strong>, en attendant <strong>la construction d\u2019un nouveau b\u00e2timent<\/strong> dont la livraison est pr\u00e9vue au premier semestre 2030.<\/p>\n<p>8 000 documents<\/p>\n<p class=\" wall-content\">Le quartier de la Mosson retrouve enfin une m\u00e9diath\u00e8que. Ou plut\u00f4t une version miniature d\u2019environ 150 m2. Mais l\u2019essentiel est l\u00e0 pour les plus petits, les adolescents et les adultes. Ouverte depuis le 10 d\u00e9cembre au pied d\u2019un immeuble au 1234 avenue de Heidelberg, dans un local propri\u00e9t\u00e9 d\u2019Alt\u00e9med en face des halles des Quatre saisons, 8 000 documents y sont disponibles en pr\u00eat ou en consultation sur place.<\/p>\n<p>    <a href=\"https:\/\/www.google.com\/maps\/embed?pb=!1m18!1m12!1m3!1d2888.024483541969!2d3.813370575634047!3d43.626849354135594!2m3!1f0!2f0!3f0!3m2!1i1024!2i768!4f13.1!3m3!1m2!1s0x12b6ac18ce31642d%3A0x2d9a50a55cff9430!2sM%C3%A9diath%C3%A8que%20temporaire%20Jean-Jacques%20Rousseau!5e0!3m2!1sfr!2sfr!4v1767814337525!5m2!1sfr!2sfr\" title=\"Ouvrie le lien\" target=\"_blank\" rel=\"noopener\">Cliquez ici pour visualiser le contenu<\/a><\/p>\n<p class=\" wall-content\">L\u2019espace \u00e9tant r\u00e9duit, l\u2019int\u00e9gralit\u00e9 des collections de l\u2019ancienne m\u00e9diath\u00e8que ne peut y \u00eatre pr\u00e9sent\u00e9e. Mais les travailleurs en insertion de Gammes ont r\u00e9alis\u00e9 un joli travail sur le mobilier, enti\u00e8rement en bois issu de r\u00e9utilisation, pour offrir autant de rangements que le permet le lieu. Sans oublier des espaces de lectures. Car si le lieu est contraint, il offre une ambiance \u00ab\u00a0maison\u00a0\u00bb et, selon une des biblioth\u00e9caires, impose \u00e0 chacun un certain volume sonore maitris\u00e9. M\u00eame aux plus jeunes.<\/p>\n<p><img loading=\"lazy\" decoding=\"async\" src=\"https:\/\/www.europesays.com\/fr\/wp-content\/uploads\/2026\/01\/mediatheque-jean-jacques-rousseau-directrice-aurelie-mateo-montpellier-640x427.jpg\" alt=\"\" width=\"640\" height=\"427\"\/>Aur\u00e9lie Mateo, directrice de la m\u00e9diath\u00e8que Jean-Jacques Rousseau : \u00ab\u00a0D&rsquo;avoir un lieu de proximit\u00e9 c&rsquo;est fondamental\u00a0\u00bb<\/p>\n<p>Pour la directrice que vous \u00eates, cela doit \u00eatre un plaisir de voir cette m\u00e9diath\u00e8que ouverte m\u00eame si elle n&rsquo;est que temporaire ?<\/p>\n<p>Aur\u00e9lie Mateo : \u00c9videmment. C&rsquo;\u00e9tait tr\u00e8s attendu par les habitants et l&rsquo;\u00e9quipe. On avait continu\u00e9 \u00e0 travailler avec des actions hors les murs chez des partenaires ou sur l&rsquo;espace public mais on avait vraiment besoin d&rsquo;un lieu pour accueillir les personnes. Donc oui c&rsquo;est un vrai plaisir de rouvrir pour nous et les habitants.<\/p>\n<p>Qu&rsquo;est-ce que le public peut y trouver ?<\/p>\n<p>AM : Il y a 8 000 documents qu&rsquo;ils peuvent emprunter et des espaces pour lire sur place. Nous avons mis une attention particuli\u00e8re sur les collections pour qu&rsquo;elles soient attractives et nous les renouv\u00e8lerons r\u00e9guli\u00e8rement. On va \u00e9galement proposer des temps de lecture pour les tout-petits, des accueils de classes, des s\u00e9ances de jeux vid\u00e9o&#8230; il y a vraiment le panel de ce que l&rsquo;on peut retrouver dans une m\u00e9diath\u00e8que plus grande mais en plus r\u00e9duit. <\/p>\n<p>\u00c9tant dans un espace plus r\u00e9duit, la m\u00e9diath\u00e8que a d\u00fb \u00eatre divis\u00e9 en plusieurs lieux.<\/p>\n<p>AM : Il y a vraiment la m\u00e9diath\u00e8que sur l&rsquo;avenue de Heidelberg avec les pr\u00eats de documents et l&rsquo;ensemble des services classiques. La ludoth\u00e8que se trouve \u00e0 quelques m\u00e8tres au centre social de la CAF. Nous sommes purement sur du jeu, il n&rsquo;y a pas de pr\u00eat, mais ce sont des temps de convivialit\u00e9 pour les familles.<\/p>\n<p>Ces espaces ludoth\u00e8ques sont devenus importants pour une m\u00e9diath\u00e8que ?<\/p>\n<p>AM : Oui. Le jeu est un outil incroyable qui touche l&rsquo;ensemble des publics. Des tout-petits avec un espace consacr\u00e9 aux plus grands, c&rsquo;est un outil accessible et facteur de lien social. Et c&rsquo;\u00e9tait vraiment pl\u00e9biscit\u00e9 par les habitants. Cette ludoth\u00e8que existait \u00e0 Rousseau et c&rsquo;\u00e9tait vraiment important pour nous de rouvrir ce lieu.<\/p>\n<p>Combien y avait-il d&rsquo;abonn\u00e9s \u00e0 l&rsquo;ancienne m\u00e9diath\u00e8que Jean-Jacques Rousseau ?<\/p>\n<p>AM : Il y avait environ 4 000 abonn\u00e9s. Nous avons ouvert la m\u00e9diath\u00e8que temporaire le 10 d\u00e9cembre et nous sommes en train de voir nos abonn\u00e9s revenir. Et m\u00eame de nouveaux. On esp\u00e8re retrouver tous nos abonn\u00e9s petit \u00e0 petit. Certains \u00e9taient all\u00e9s dans d&rsquo;autres m\u00e9diath\u00e8ques du r\u00e9seau mais d&rsquo;avoir un lieu de proximit\u00e9 c&rsquo;est fondamental.<\/p>\n<p>Une m\u00e9diath\u00e8que divis\u00e9e<\/p>\n<p class=\" wall-content\">D\u00e9di\u00e9e aux pr\u00eats et \u00e0 la consultation sur place, les autres services propos\u00e9es habituellement ont \u00e9t\u00e9 divis\u00e9s dans trois autres lieux. La ludoth\u00e8que se trouve ainsi au sein du centre social Caf L\u2019\u00cele aux Familles et propose des temps de jeux aux familles. La Maison Pour Tous L\u00e9o Lagrange accueille un espace jeux vid\u00e9o les mercredis apr\u00e8s-midi et un espace petite enfance les vendredis matins. La Maison Pour Tous Georges Brassens sera elle d\u00e9di\u00e9e pendant les vacances scolaires \u00e0 un espace d\u2019ateliers scientifiques et \u00e0 des temps d\u2019actions \u00ab\u00a0\u00e9v\u00e8nementiels\u00a0\u00bb.<\/p>\n<p>Vid\u00e9os : en ce moment sur ActuLa future m\u00e9diath\u00e8que<\/p>\n<p class=\" wall-content\">Lors du dernier conseil de m\u00e9tropole en d\u00e9cembre, le lancement de l\u2019op\u00e9ration de construction de la nouvelle m\u00e9diath\u00e8que Jean-Jacques Rousseau a \u00e9t\u00e9 vot\u00e9 \u00e0 l\u2019unanimit\u00e9. Oubliez l\u2019ancienne localisation 230 avenue du\u00a0 Biterrois. Celle-ci sera situ\u00e9e \u00e0 l\u2019angle des rues de Bari et de Lausanne, au coeur du quartier de la Mosson. D\u2019une surface de 2 350m2, elle int\u00e8grera notamment des espaces d\u00e9di\u00e9s \u00e0 la petite enfance, aux adolescents, \u00e0 la culture scientifique, une ludoth\u00e8que ainsi qu\u2019un \u00ab\u00a0mus\u00e9e hors les murs\u00a0\u00bb en partenariat avec le mus\u00e9e Fabre. D\u2019un budget pr\u00e9visionnel s\u2019\u00e9levant \u00e0 14,86M\u20ac, sa livraison est pr\u00e9vue au premier semestre 2030. En attendant, \u00e0 la m\u00e9diath\u00e8que temporaire d\u2019assurer un service essentiel dans l\u2019ambition \u00e9ducative port\u00e9e \u00e0 la transformation du quartier. L\u2019ancienne enregistrait en effet 90 000 entr\u00e9es par an, dont 70% de moins de 18 ans.<\/p>\n<p>Votre r\u00e9gion, votre actu !<\/p>\n<p>Recevez chaque jour les infos qui comptent pour vous.<\/p>\n<p>\t<a href=\"https:\/\/actu.fr\/newsletter\" class=\"ac-btn ac-btn--corner ac-btn--medium ac-btn--blue800\" target=\"_blank\" rel=\"noopener\">S&rsquo;incrire<\/a><br \/>\n<strong>M\u00e9diath\u00e8que temporaire Jean-Jacques Rousseau<\/strong>, 1234 avenue de Heidelberg, Montpellier. Ouvert les mardis et vendredis de 15h \u00e0 18h et les mercredis et samedis de 10h \u00e0 12h30 et de 13h30 \u00e0 18h. Ferm\u00e9 les lundis, jeudis et dimanches. Les matin\u00e9es des mardis, jeudis et vendredis sont r\u00e9serv\u00e9s aux accueils des partenaires.<br \/><strong>La ludoth\u00e8que au centre social Caf L\u2019\u00cele aux Familles<\/strong>, 401 avenue de Barcelone, Montpellier. Ouvert les mardis et vendredis de 16h \u00e0 18h et les mercredis de 10h \u00e0 12h30 et de 14h \u00e0 18h. Ferm\u00e9 les lundis, jeudis, samedis et dimanches.<br \/>\nPlus de renseignements et programmation des m\u00e9diath\u00e8ques sur <a href=\"https:\/\/mediatheques.montpellier3m.fr\/\" target=\"_blank\" rel=\"noopener\">mediatheques.montpellier3m.fr<\/a>.<\/p>\n<p class=\" wall-content\">Personnalisez votre actualit\u00e9 en ajoutant vos villes et m\u00e9dias en favori avec <a href=\"https:\/\/moncompte.actu.fr\" title=\"D\u00e9couvez Mon Actu\" rel=\"nofollow noopener\" data-trk=\"{&quot;cta&quot;:{&quot;action&quot;:&quot;https:\\\/\\\/moncompte.actu.fr&quot;,&quot;category&quot;:&quot;mon compte&quot;,&quot;from&quot;:&quot;article footer&quot;,&quot;name&quot;:&quot;Mon actu&quot;,&quot;type&quot;:&quot;cta&quot;}}\" target=\"_blank\">Mon Actu<\/a>.<\/p>\n","protected":false},"excerpt":{"rendered":"Par C\u00e9dric Nithard Publi\u00e9 le 10 janv. 2026 \u00e0 11h41 Depuis novembre 2023, la m\u00e9diath\u00e8que Jean-Jacques Rousseau, situ\u00e9e&hellip;\n","protected":false},"author":2,"featured_media":653941,"comment_status":"","ping_status":"","sticky":false,"template":"","format":"standard","meta":{"footnotes":""},"categories":[9599],"tags":[1111,11,1777,674,1011,27,2208,12,2680,25,104],"class_list":{"0":"post-653940","1":"post","2":"type-post","3":"status-publish","4":"format-standard","5":"has-post-thumbnail","7":"category-montpellier","8":"tag-actu","9":"tag-actualites","10":"tag-eu","11":"tag-europe","12":"tag-fr","13":"tag-france","14":"tag-montpellier","15":"tag-news","16":"tag-occitanie","17":"tag-republique-francaise","18":"tag-societe"},"share_on_mastodon":{"url":"https:\/\/pubeurope.com\/@fr\/115870795408400249","error":""},"_links":{"self":[{"href":"https:\/\/www.europesays.com\/fr\/wp-json\/wp\/v2\/posts\/653940","targetHints":{"allow":["GET"]}}],"collection":[{"href":"https:\/\/www.europesays.com\/fr\/wp-json\/wp\/v2\/posts"}],"about":[{"href":"https:\/\/www.europesays.com\/fr\/wp-json\/wp\/v2\/types\/post"}],"author":[{"embeddable":true,"href":"https:\/\/www.europesays.com\/fr\/wp-json\/wp\/v2\/users\/2"}],"replies":[{"embeddable":true,"href":"https:\/\/www.europesays.com\/fr\/wp-json\/wp\/v2\/comments?post=653940"}],"version-history":[{"count":0,"href":"https:\/\/www.europesays.com\/fr\/wp-json\/wp\/v2\/posts\/653940\/revisions"}],"wp:featuredmedia":[{"embeddable":true,"href":"https:\/\/www.europesays.com\/fr\/wp-json\/wp\/v2\/media\/653941"}],"wp:attachment":[{"href":"https:\/\/www.europesays.com\/fr\/wp-json\/wp\/v2\/media?parent=653940"}],"wp:term":[{"taxonomy":"category","embeddable":true,"href":"https:\/\/www.europesays.com\/fr\/wp-json\/wp\/v2\/categories?post=653940"},{"taxonomy":"post_tag","embeddable":true,"href":"https:\/\/www.europesays.com\/fr\/wp-json\/wp\/v2\/tags?post=653940"}],"curies":[{"name":"wp","href":"https:\/\/api.w.org\/{rel}","templated":true}]}}