{"id":653942,"date":"2026-01-10T12:26:13","date_gmt":"2026-01-10T12:26:13","guid":{"rendered":"https:\/\/www.europesays.com\/fr\/653942\/"},"modified":"2026-01-10T12:26:13","modified_gmt":"2026-01-10T12:26:13","slug":"coupe-de-france-avant-de-defier-le-fc-metz-montpellier-cherche-un-nouveau-souffle","status":"publish","type":"post","link":"https:\/\/www.europesays.com\/fr\/653942\/","title":{"rendered":"Coupe de France. Avant de d\u00e9fier le FC Metz, Montpellier cherche un nouveau souffle"},"content":{"rendered":"<p>En 2012, la g\u00e9n\u00e9ration dor\u00e9e de Montpellier, incarn\u00e9e entre autres par <a href=\"https:\/\/www.republicain-lorrain.fr\/p\/olivier-giroud\" target=\"_blank\" rel=\"noopener\">Olivier Giroud<\/a> et <a href=\"https:\/\/www.republicain-lorrain.fr\/sport\/2025\/10\/25\/benjamin-stambouli-(fc-metz)-a-schalke-on-etait-tres-mal-embarque-et-on-s-en-est-sorti\" target=\"_blank\" rel=\"noopener\">Benjamin Stambouli<\/a> , d\u00e9crochait le titre de champion de France. Treize ans plus tard, le club h\u00e9raultais, place forte du football fran\u00e7ais sous l\u2019\u00e8re Louis Nicollin, \u00e9tait rel\u00e9gu\u00e9 en Ligue 2, apr\u00e8s une saison catastrophique, avec un triste bilan record de 16 points en 34 journ\u00e9es.<\/p>\n<p>Un club en reconstruction<\/p>\n<p>Traumatis\u00e9 par cette rel\u00e9gation, le MHSC a voulu relancer une dynamique avec un objectif clair en fin de saison\u00a0: retrouver la Ligue 1. Le&#8230;<\/p>\n","protected":false},"excerpt":{"rendered":"En 2012, la g\u00e9n\u00e9ration dor\u00e9e de Montpellier, incarn\u00e9e entre autres par Olivier Giroud et Benjamin Stambouli , d\u00e9crochait&hellip;\n","protected":false},"author":2,"featured_media":653943,"comment_status":"","ping_status":"","sticky":false,"template":"","format":"standard","meta":{"footnotes":""},"categories":[9599],"tags":[1111,11,15922,5598,1777,674,8113,107,63,1011,27,6212,6213,2208,12,2680,25,517,1700],"class_list":{"0":"post-653942","1":"post","2":"type-post","3":"status-publish","4":"format-standard","5":"has-post-thumbnail","7":"category-montpellier","8":"tag-actu","9":"tag-actualites","10":"tag-coupe-de-france-de-football","11":"tag-edition-metz-et-agglomeration","12":"tag-eu","13":"tag-europe","14":"tag-fc-metz","15":"tag-fil-info","16":"tag-football","17":"tag-fr","18":"tag-france","19":"tag-metz","20":"tag-metz-ville-57b","21":"tag-montpellier","22":"tag-news","23":"tag-occitanie","24":"tag-republique-francaise","25":"tag-sport","26":"tag-sport-lorrain"},"share_on_mastodon":{"url":"https:\/\/pubeurope.com\/@fr\/115870799177734566","error":""},"_links":{"self":[{"href":"https:\/\/www.europesays.com\/fr\/wp-json\/wp\/v2\/posts\/653942","targetHints":{"allow":["GET"]}}],"collection":[{"href":"https:\/\/www.europesays.com\/fr\/wp-json\/wp\/v2\/posts"}],"about":[{"href":"https:\/\/www.europesays.com\/fr\/wp-json\/wp\/v2\/types\/post"}],"author":[{"embeddable":true,"href":"https:\/\/www.europesays.com\/fr\/wp-json\/wp\/v2\/users\/2"}],"replies":[{"embeddable":true,"href":"https:\/\/www.europesays.com\/fr\/wp-json\/wp\/v2\/comments?post=653942"}],"version-history":[{"count":0,"href":"https:\/\/www.europesays.com\/fr\/wp-json\/wp\/v2\/posts\/653942\/revisions"}],"wp:featuredmedia":[{"embeddable":true,"href":"https:\/\/www.europesays.com\/fr\/wp-json\/wp\/v2\/media\/653943"}],"wp:attachment":[{"href":"https:\/\/www.europesays.com\/fr\/wp-json\/wp\/v2\/media?parent=653942"}],"wp:term":[{"taxonomy":"category","embeddable":true,"href":"https:\/\/www.europesays.com\/fr\/wp-json\/wp\/v2\/categories?post=653942"},{"taxonomy":"post_tag","embeddable":true,"href":"https:\/\/www.europesays.com\/fr\/wp-json\/wp\/v2\/tags?post=653942"}],"curies":[{"name":"wp","href":"https:\/\/api.w.org\/{rel}","templated":true}]}}