{"id":653950,"date":"2026-01-10T12:32:17","date_gmt":"2026-01-10T12:32:17","guid":{"rendered":"https:\/\/www.europesays.com\/fr\/653950\/"},"modified":"2026-01-10T12:32:17","modified_gmt":"2026-01-10T12:32:17","slug":"la-jauge-va-etre-augmentee-ce-quil-faut-savoir-sur-louverture-des-inscriptions-a-lurban-trail-de-rennes","status":"publish","type":"post","link":"https:\/\/www.europesays.com\/fr\/653950\/","title":{"rendered":"\u00ab\u00a0La jauge va \u00eatre augment\u00e9e\u00a0\u00bb\u00a0: ce qu\u2019il faut savoir sur l\u2019ouverture des inscriptions \u00e0 l\u2019Urban Trail de Rennes"},"content":{"rendered":"<p>Ils sont d\u00e9j\u00e0 nombreux \u00e0 avoir coch\u00e9 la date dans leur calendrier. Les dates d\u2019inscriptions pour <a href=\"https:\/\/www.letelegramme.fr\/ille-et-vilaine\/rennes-35000\/urban-trail-a-rennes-on-connait-la-date-de-ledition-2026-6922771.php\" target=\"_blank\" rel=\"noopener\">la 8e \u00e9dition de l\u2019Urban Trail de Rennes<\/a>, pr\u00e9vue le 19 avril 2026, ont \u00e9t\u00e9 d\u00e9voil\u00e9es r\u00e9cemment. Cette ann\u00e9e encore, il faudra \u00eatre rapide pour esp\u00e9rer d\u00e9crocher un dossard.<\/p>\n<p>Une tr\u00e8s forte demande<\/p>\n<p>\u00ab Il y a toujours un engouement assez exceptionnel \u00bb, confirme David Hervelin, responsable de l\u2019organisation de la course. \u00ab Les places partent en quelques minutes \u00bb.<\/p>\n<p>D\u2019autant plus que le succ\u00e8s de cette course qui traverse plusieurs lieux embl\u00e9matiques de Rennes d\u00e9passe les fronti\u00e8res bretonnes. \u00ab On a r\u00e9guli\u00e8rement des gens qui viennent du sud de la France. Certains nous disent que c\u2019est mieux que les journ\u00e9es du patrimoine \u00bb.<\/p>\n<p>Face \u00e0 une demande qui exc\u00e8de largement le nombre de dossards, l\u2019organisation a choisi d\u2019\u00e9taler les inscriptions sur trois jours afin de ne pas saturer la plateforme de r\u00e9servation. Rendez-vous le 13 janvier \u00e0 7 h 30 pour le 14 km et le challenge entreprises Groupe Legendre ; le 14 janvier \u00e0 la m\u00eame heure pour le 7 km ; et le 15 janvier \u00e9galement \u00e0 7h30 pour le 24 km.<\/p>\n<p>Jauge \u00e9largie<\/p>\n<p>Bonne nouvelle pour les amateurs de longues distances. \u00ab La jauge du 24 kilom\u00e8tres va \u00eatre augment\u00e9e cette ann\u00e9e \u00bb, annonce David Hervelin. \u00ab On va organiser un deuxi\u00e8me d\u00e9part pour fluidifier la course. Ca va nous faire passer de 13 000 \u00e0 14 000 coureurs. Apr\u00e8s, on ne peut pas faire beaucoup plus car il y a des probl\u00e9matiques de flux sur le parcours \u00bb.<\/p>\n<p>Pour ceux qui ne r\u00e9ussiront pas \u00e0 s\u2019inscrire mi-janvier, tout n\u2019est pas perdu. Il sera possible de racheter un dossard via la bourse d\u2019\u00e9change officielle. \u00ab Les gens s\u2019inscrivent t\u00f4t, mais ont parfois des emp\u00eachements ou des blessures \u00bb, pr\u00e9cise l\u2019organisation. \u00ab La bourse d\u2019\u00e9change fonctionne bien. Il y a eu plus de 1 200 \u00e9changes de dossards l\u2019ann\u00e9e derni\u00e8re. Un record ! \u00bb<\/p>\n<p>Concernant le trac\u00e9, le myst\u00e8re reste entier, m\u00eame si les organisateurs promettent des nouveaut\u00e9s. \u00ab On a valid\u00e9 des premiers lieux et le teasing va pouvoir commencer sur nos r\u00e9seaux sociaux \u00bb, pr\u00e9cise David Hervelin. \u00ab Il y aura \u00e9videmment toujours certains lieux embl\u00e9matiques, mais on va aussi explorer des nouveaux quartiers de Rennes \u00bb.<\/p>\n","protected":false},"excerpt":{"rendered":"Ils sont d\u00e9j\u00e0 nombreux \u00e0 avoir coch\u00e9 la date dans leur calendrier. Les dates d\u2019inscriptions pour la 8e&hellip;\n","protected":false},"author":2,"featured_media":653951,"comment_status":"","ping_status":"","sticky":false,"template":"","format":"standard","meta":{"footnotes":""},"categories":[2821],"tags":[1111,11,829,1777,674,1011,27,848,12,584,25],"class_list":{"0":"post-653950","1":"post","2":"type-post","3":"status-publish","4":"format-standard","5":"has-post-thumbnail","7":"category-rennes","8":"tag-actu","9":"tag-actualites","10":"tag-bretagne","11":"tag-eu","12":"tag-europe","13":"tag-fr","14":"tag-france","15":"tag-ille-et-vilaine","16":"tag-news","17":"tag-rennes","18":"tag-republique-francaise"},"share_on_mastodon":{"url":"https:\/\/pubeurope.com\/@fr\/115870822861178055","error":""},"_links":{"self":[{"href":"https:\/\/www.europesays.com\/fr\/wp-json\/wp\/v2\/posts\/653950","targetHints":{"allow":["GET"]}}],"collection":[{"href":"https:\/\/www.europesays.com\/fr\/wp-json\/wp\/v2\/posts"}],"about":[{"href":"https:\/\/www.europesays.com\/fr\/wp-json\/wp\/v2\/types\/post"}],"author":[{"embeddable":true,"href":"https:\/\/www.europesays.com\/fr\/wp-json\/wp\/v2\/users\/2"}],"replies":[{"embeddable":true,"href":"https:\/\/www.europesays.com\/fr\/wp-json\/wp\/v2\/comments?post=653950"}],"version-history":[{"count":0,"href":"https:\/\/www.europesays.com\/fr\/wp-json\/wp\/v2\/posts\/653950\/revisions"}],"wp:featuredmedia":[{"embeddable":true,"href":"https:\/\/www.europesays.com\/fr\/wp-json\/wp\/v2\/media\/653951"}],"wp:attachment":[{"href":"https:\/\/www.europesays.com\/fr\/wp-json\/wp\/v2\/media?parent=653950"}],"wp:term":[{"taxonomy":"category","embeddable":true,"href":"https:\/\/www.europesays.com\/fr\/wp-json\/wp\/v2\/categories?post=653950"},{"taxonomy":"post_tag","embeddable":true,"href":"https:\/\/www.europesays.com\/fr\/wp-json\/wp\/v2\/tags?post=653950"}],"curies":[{"name":"wp","href":"https:\/\/api.w.org\/{rel}","templated":true}]}}