{"id":653952,"date":"2026-01-10T12:33:11","date_gmt":"2026-01-10T12:33:11","guid":{"rendered":"https:\/\/www.europesays.com\/fr\/653952\/"},"modified":"2026-01-10T12:33:11","modified_gmt":"2026-01-10T12:33:11","slug":"mundolsheim-dans-le-restaurant-de-sylvain-scherer-la-bouchee-a-la-reine-en-son-royaume","status":"publish","type":"post","link":"https:\/\/www.europesays.com\/fr\/653952\/","title":{"rendered":"Mundolsheim. Dans le restaurant de Sylvain Scherer, la bouch\u00e9e \u00e0 la reine en son royaume"},"content":{"rendered":"<p>Incontournable de la gastronomie alsacienne, la bouch\u00e9e \u00e0 la reine se pr\u00eate tout particuli\u00e8rement \u00e0 un repas hivernal. \u00ab Oui, mais pas seulement. Chez moi, on peut en manger toute l\u2019ann\u00e9e. J\u2019en ai, par exemple, encore servi pr\u00e8s de 400 en octobre dernier\u00a0\u00bb, glisse Sylvain Scherer, le patron et chef du Restaurant de la gare \u00e0 Mundolsheim.<\/p>\n<p>Il faut dire qu\u2019il en a fait un plat signature depuis que sa version a \u00e9t\u00e9 couronn\u00e9e du prix de la meilleure d\u2019Alsace lors d\u2019un concours organis\u00e9, <a href=\"https:\/\/www.dna.fr\/edition-de-strasbourg\/2019\/09\/21\/palmares-bouchee-a-la-reine-d-alsace\" target=\"_blank\" rel=\"noopener\">en septembre\u00a02019<\/a> , dans le cadre de la Foire europ\u00e9enne \u00e0 Strasbourg. \u00ab La bouch\u00e9e \u00e0 la reine pla\u00eet parce qu\u2019elle est \u00e0 la fois gourmande et rassurante, se d\u00e9lecte le quinquag\u00e9naire. Elle fait partie de ces plats que l\u2019on mangeait enfant et que l\u2019on appr\u00e9cie de retrouver une fois adulte&#8230;.<\/p>\n","protected":false},"excerpt":{"rendered":"Incontournable de la gastronomie alsacienne, la bouch\u00e9e \u00e0 la reine se pr\u00eate tout particuli\u00e8rement \u00e0 un repas hivernal.&hellip;\n","protected":false},"author":2,"featured_media":653953,"comment_status":"","ping_status":"","sticky":false,"template":"","format":"standard","meta":{"footnotes":""},"categories":[2820],"tags":[1111,11,2389,2880,1777,674,107,1011,27,1661,775,6016,3264,12,2661,25,273,640,3265],"class_list":{"0":"post-653952","1":"post","2":"type-post","3":"status-publish","4":"format-standard","5":"has-post-thumbnail","7":"category-strasbourg","8":"tag-actu","9":"tag-actualites","10":"tag-alsace","11":"tag-edition-strasbourg","12":"tag-eu","13":"tag-europe","14":"tag-fil-info","15":"tag-fr","16":"tag-france","17":"tag-gastronomie","18":"tag-grand-est","19":"tag-magazine-cuisine-et-vins","20":"tag-mundolsheim","21":"tag-news","22":"tag-patrimoine-culturel","23":"tag-republique-francaise","24":"tag-selection-de-la-redaction","25":"tag-strasbourg","26":"tag-strasbourg-nord"},"share_on_mastodon":{"url":"https:\/\/pubeurope.com\/@fr\/115870826767097367","error":""},"_links":{"self":[{"href":"https:\/\/www.europesays.com\/fr\/wp-json\/wp\/v2\/posts\/653952","targetHints":{"allow":["GET"]}}],"collection":[{"href":"https:\/\/www.europesays.com\/fr\/wp-json\/wp\/v2\/posts"}],"about":[{"href":"https:\/\/www.europesays.com\/fr\/wp-json\/wp\/v2\/types\/post"}],"author":[{"embeddable":true,"href":"https:\/\/www.europesays.com\/fr\/wp-json\/wp\/v2\/users\/2"}],"replies":[{"embeddable":true,"href":"https:\/\/www.europesays.com\/fr\/wp-json\/wp\/v2\/comments?post=653952"}],"version-history":[{"count":0,"href":"https:\/\/www.europesays.com\/fr\/wp-json\/wp\/v2\/posts\/653952\/revisions"}],"wp:featuredmedia":[{"embeddable":true,"href":"https:\/\/www.europesays.com\/fr\/wp-json\/wp\/v2\/media\/653953"}],"wp:attachment":[{"href":"https:\/\/www.europesays.com\/fr\/wp-json\/wp\/v2\/media?parent=653952"}],"wp:term":[{"taxonomy":"category","embeddable":true,"href":"https:\/\/www.europesays.com\/fr\/wp-json\/wp\/v2\/categories?post=653952"},{"taxonomy":"post_tag","embeddable":true,"href":"https:\/\/www.europesays.com\/fr\/wp-json\/wp\/v2\/tags?post=653952"}],"curies":[{"name":"wp","href":"https:\/\/api.w.org\/{rel}","templated":true}]}}