{"id":653958,"date":"2026-01-10T12:36:10","date_gmt":"2026-01-10T12:36:10","guid":{"rendered":"https:\/\/www.europesays.com\/fr\/653958\/"},"modified":"2026-01-10T12:36:10","modified_gmt":"2026-01-10T12:36:10","slug":"a-nice-entre-christian-estrosi-et-eric-ciotti-les-dessous-dune-lutte-fratricide-pour-la-mairie","status":"publish","type":"post","link":"https:\/\/www.europesays.com\/fr\/653958\/","title":{"rendered":"\u00c0 Nice, entre Christian Estrosi et \u00c9ric Ciotti, les dessous d\u2019une lutte fratricide pour la mairie"},"content":{"rendered":"<p data-module=\"standfirst\" data-context=\"@media (min-width:48em)\">\n    <strong>R\u00c9CIT &#8211;<\/strong> La baie des Anges prend des allures de ring de combat. \u00c0 trois mois des \u00e9lections municipales, le duel qui met aux prises Christian Estrosi et \u00c9ric Ciotti \u00e0 Nice rythme la campagne dans la cinqui\u00e8me ville de France.<\/p>\n<p class=\"fig-paragraph fig-paragraph--dropped\">Avec son air boudeur, cr\u00e2ne brillant, \u0153il malicieux et accent chantant, le\u00a0candidat UDR aux\u00a0<a href=\"http:\/\/www.lefigaro.fr\/nice\/municipales-2026-a-nice-l-appel-au-calme-du-prefet-face-au-risque-d-une-campagne-sous-haute-tension-20251217\" data-fig-type=\"NewsFlash\" data-gtm-custom-categorie=\"navigation\" data-gtm-custom-action=\"crossclick\" data-gtm-custom-label=\"Contextuel\" data-gtm-event=\"customEventSPE\" data-fig-domain=\"LEFIGARO\" target=\"_blank\" rel=\"noopener\">municipales \u00e0\u00a0Nice\u00a0<\/a>soigne ses formules\u00a0: \u00ab\u00a0J\u2019ai gard\u00e9 les codes du logiciel Estrosi, j\u2019ai contribu\u00e9 \u00e0 le fabriquer\u00a0\u00bb, tonne le d\u00e9put\u00e9 dans le petit matin ni\u00e7ois.<a href=\"http:\/\/www.lefigaro.fr\/politique\/l-avenement-de-l-union-des-droites-apres-son-alliance-avec-le-rn-eric-ciotti-veut-transformer-l-essai-20251229\" data-fig-type=\"Article\" data-gtm-custom-categorie=\"navigation\" data-gtm-custom-action=\"crossclick\" data-gtm-custom-label=\"Contextuel\" data-gtm-event=\"customEventSPE\" data-fig-domain=\"LEFIGARO\" target=\"_blank\" rel=\"noopener\">\u00a0\u00c9ric Ciotti\u00a0<\/a>est mordant, prend son temps, conna\u00eet les chiffres du d\u00e9ficit de la ville, le co\u00fbt \u2013 faramineux \u00e0 ses yeux \u2013 des projets, le nombre trop important d\u2019employ\u00e9s des \u00e9quipes du maire et celui trop faible des policiers municipaux. Il glisse en passant la d\u00e9claration d\u2019honoraires de la soci\u00e9t\u00e9 de conseil, dirig\u00e9e par<a href=\"http:\/\/www.lefigaro.fr\/nice\/municipales-2026-a-nice-christian-estrosi-lance-officiellement-sa-campagne-lors-d-une-grande-reunion-publique-20251122\" data-fig-type=\"NewsFlash\" data-gtm-custom-categorie=\"navigation\" data-gtm-custom-action=\"crossclick\" data-gtm-custom-label=\"Contextuel\" data-gtm-event=\"customEventSPE\" data-fig-domain=\"LEFIGARO\" target=\"_blank\" rel=\"noopener\">\u00a0Christian Estrosi\u00a0<\/a>et son \u00e9pouse, de 1,5\u00a0million d\u2019euros\u00a0: \u00ab\u00a0Vous ne trouvez pas que c\u2019est beaucoup\u00a0?\u00a0\u00bb \u00c0\u00a0l\u2019\u00e9couter, rien ne va \u00e0\u00a0Nice mais surtout chez l\u2019\u00e9dile. \u00ab\u00a0Estrosi n\u2019a aucune notion de l\u2019argent. Il conna\u00eet les d\u00e9penses, pas les recettes. C\u2019est son probl\u00e8me.\u00a0\u00bb<\/p>\n<p class=\"fig-paragraph fig-paragraph--dropped\">Tout \u00e0\u00a0trac, au premier \u00e9tage de son QG de campagne, face au port o\u00f9 il sirote son caf\u00e9, l\u2019homme \u2013 qui a plac\u00e9 seize de ses d\u00e9put\u00e9s\u2026<\/p>\n<p class=\"fig-premium-paywall__infos\">\n        Cet article est r\u00e9serv\u00e9 aux abonn\u00e9s.        Il vous reste 92% \u00e0 d\u00e9couvrir.\n    <\/p>\n<p>                <img  data- alt=\"Le Figaro\" class=\"fig-img--complete fig-img\"\/><\/p>\n<p class=\"fig-premium-paywall__title\">Le Figaro c\u00e9l\u00e8bre ses 200 ans<\/p>\n<p class=\"fig-premium-paywall__subtitle\">Offre anniversaire : 2\u20ac\/mois pendant 200 semaines<\/p>\n<p class=\"fig-premium-paywall__connect\">\n                D\u00e9j\u00e0 abonn\u00e9\u00a0?                <a class=\"fig-premium-paywall__connect-link\" href=\"https:\/\/connect.lefigaro.fr\/login?client=horizon_web&amp;type=main&amp;redirect_uri=https%3A%2F%2Fwww.lefigaro.fr%2Fnice%2Fa-nice-entre-christian-estrosi-et-eric-ciotti-les-dessous-d-une-lutte-fratricide-pour-la-mairie-20260110\" data-js-gtm=\"{&quot;customCategorie&quot;: &quot;conversion&quot;, &quot;customAction&quot;: &quot;before_Landing_Connexion_paywall_auto&quot;, &quot;customLabel&quot;: &quot;bGVmaWdhcm8uZnJfXzFmMGViZDRiLWVkNzMtNmFlYS05NTc5LWRmMGE4MmMwMjA5Y19fQXJ0aWNsZQ==_\u00c0 Nice, entre Christian Estrosi et \u00c9ric Ciotti, les dessous d\u2019une lutte fratricide pour la mairie_125&quot;, &quot;customIDSPE&quot;: &quot;bGVmaWdhcm8uZnJfXzFmMGViZDRiLWVkNzMtNmFlYS05NTc5LWRmMGE4MmMwMjA5Y19fQXJ0aWNsZQ==&quot;, &quot;event&quot;: &quot;customEventSPE&quot;}\" target=\"_blank\" rel=\"noopener\"><br \/>\n                    Connectez-vous<br \/>\n                <\/a>\n            <\/p>\n","protected":false},"excerpt":{"rendered":"R\u00c9CIT &#8211; La baie des Anges prend des allures de ring de combat. \u00c0 trois mois des \u00e9lections&hellip;\n","protected":false},"author":2,"featured_media":653959,"comment_status":"","ping_status":"","sticky":false,"template":"","format":"standard","meta":{"footnotes":""},"categories":[2819],"tags":[1111,11,2397,4188,6537,1777,674,1011,27,12,2401,882,25],"class_list":{"0":"post-653958","1":"post","2":"type-post","3":"status-publish","4":"format-standard","5":"has-post-thumbnail","7":"category-nice","8":"tag-actu","9":"tag-actualites","10":"tag-christian-estrosi","11":"tag-elections-municipales","12":"tag-eric-ciotti","13":"tag-eu","14":"tag-europe","15":"tag-fr","16":"tag-france","17":"tag-news","18":"tag-nice","19":"tag-provence-alpes-cote-dazur","20":"tag-republique-francaise"},"share_on_mastodon":{"url":"https:\/\/pubeurope.com\/@fr\/115870838545619801","error":""},"_links":{"self":[{"href":"https:\/\/www.europesays.com\/fr\/wp-json\/wp\/v2\/posts\/653958","targetHints":{"allow":["GET"]}}],"collection":[{"href":"https:\/\/www.europesays.com\/fr\/wp-json\/wp\/v2\/posts"}],"about":[{"href":"https:\/\/www.europesays.com\/fr\/wp-json\/wp\/v2\/types\/post"}],"author":[{"embeddable":true,"href":"https:\/\/www.europesays.com\/fr\/wp-json\/wp\/v2\/users\/2"}],"replies":[{"embeddable":true,"href":"https:\/\/www.europesays.com\/fr\/wp-json\/wp\/v2\/comments?post=653958"}],"version-history":[{"count":0,"href":"https:\/\/www.europesays.com\/fr\/wp-json\/wp\/v2\/posts\/653958\/revisions"}],"wp:featuredmedia":[{"embeddable":true,"href":"https:\/\/www.europesays.com\/fr\/wp-json\/wp\/v2\/media\/653959"}],"wp:attachment":[{"href":"https:\/\/www.europesays.com\/fr\/wp-json\/wp\/v2\/media?parent=653958"}],"wp:term":[{"taxonomy":"category","embeddable":true,"href":"https:\/\/www.europesays.com\/fr\/wp-json\/wp\/v2\/categories?post=653958"},{"taxonomy":"post_tag","embeddable":true,"href":"https:\/\/www.europesays.com\/fr\/wp-json\/wp\/v2\/tags?post=653958"}],"curies":[{"name":"wp","href":"https:\/\/api.w.org\/{rel}","templated":true}]}}