{"id":653960,"date":"2026-01-10T12:37:25","date_gmt":"2026-01-10T12:37:25","guid":{"rendered":"https:\/\/www.europesays.com\/fr\/653960\/"},"modified":"2026-01-10T12:37:25","modified_gmt":"2026-01-10T12:37:25","slug":"malgre-les-incertitudes-nationales-cette-commune-de-loire-atlantique-vote-un-budget-ambitieux-pour-2026","status":"publish","type":"post","link":"https:\/\/www.europesays.com\/fr\/653960\/","title":{"rendered":"Malgr\u00e9 les incertitudes nationales, cette commune de Loire-Atlantique vote un budget ambitieux pour 2026"},"content":{"rendered":"<p>                    Par<br \/>\n        <strong><br \/>\n            <a href=\"https:\/\/actu.fr\/auteur\/journaliste-sm\" title=\"Consulter tous les articles de R\u00e9daction Clisson\" target=\"_blank\" rel=\"noopener\">R\u00e9daction Clisson<\/a><br \/>\n                    <\/strong><\/p>\n<p>        Publi\u00e9 le<\/p>\n<p>            9 janv. 2026 \u00e0 23h28        <\/p>\n<p>Le dernier conseil municipal de <a href=\"https:\/\/actu.fr\/pays-de-la-loire\/haute-goulaine_44071\" target=\"_blank\" rel=\"noopener\"><b>Haute-Goulaine<\/b> <\/a>a principalement \u00e9t\u00e9<b> consacr\u00e9 au vote du budget 2026 de la commune<\/b>. Les \u00e9l\u00e9ments ont \u00e9t\u00e9 pr\u00e9sent\u00e9s par Suzanne Desforges, adjointe aux finances. Compte tenu des <b>\u00e9lections municipales<\/b> et <b>du contexte national,<\/b> cet exercice est rempli d\u2019incertitude.<\/p>\n<p class=\" wall-content\">Selon les pr\u00e9visions, ce budget s\u2019\u00e9tablit \u00e0 <b>9,8\u00a0millions d\u2019euros<\/b> qui se r\u00e9partissent en <b>7,3\u00a0millions d\u2019euros pour le fonctionnement<\/b> et <b>2,5\u00a0millions d\u2019euros pour l\u2019investissement<\/b> (dont 1\u2009475\u2009890\u00a0\u20ac pour les nouveaux \u00e9quipements). Les <b>d\u00e9penses <\/b>r\u00e9elles de fonctionnement s\u2019\u00e9l\u00e8vent \u00e0<b> 6,1\u00a0millions d\u2019euros.<\/b> Elles se r\u00e9partissent entre 2,8\u00a0millions d\u2019euros de charges de personnels communaux, les indemnit\u00e9s des \u00e9lus et le co\u00fbt des formations\u2009; 1,2\u00a0million d\u2019euros pour les services \u00e0 la population (enfance et jeunesse, restauration scolaire, CCAS, solidarit\u00e9s), 307\u2009190\u00a0\u20ac pour le fonctionnement des services g\u00e9n\u00e9raux et de la police municipale, 86\u2009213\u00a0\u20ac pour la culture\/animation, 69\u2009804\u00a0\u20ac\u00a0pour la vie associative (dont les subventions).<\/p>\n<p class=\" wall-content\">Les charges de personnel concernen<b>t 47 postes d\u2019agents \u00e9quivalent temps plein <\/b>(48 en 2019). Pour financer tout \u00e7a, les imp\u00f4ts et taxes permettront de <b>collecter 5,2\u00a0millions d\u2019euros. <\/b>\u00c0 noter qu\u2019il n\u2019y aura pas d\u2019augmentation des taux de la part de la municipalit\u00e9\u2009:<\/p>\n<blockquote class=\"ac-article-quote wall-content\">\n<p>Les bases augmenteront du seul fait de la loi de finances actuellement en discussion.<\/p>\n<p>L\u2019adjointe Suzanne Desforges<\/p><\/blockquote>\n<p class=\" wall-content\"><b>Les dotations et participations de l\u2019\u00c9tat rapporteront 1,1\u00a0million d\u2019euros<\/b> tandis que les produits des services et divers (location de salles, restauration scolaire\u2026) sont estim\u00e9s \u00e0 586\u2009000\u00a0euros.<\/p>\n<p>Vid\u00e9os : en ce moment sur Actu1,4\u00a0million d\u2019euros pour l\u2019investissement<\/p>\n<p class=\" wall-content\">Un d\u00e9bat a \u00e9t\u00e9 d\u00e9clench\u00e9 sur les <b>tarifs municipaux de locations et loyers 2026<\/b> qu<b>i marquent une augmentation de 1\u2009%.<\/b><\/p>\n<blockquote class=\"ac-article-quote wall-content\">\n<p>Est-ce bien n\u00e9cessaire pour Haute-Goulaine.<\/p>\n<p>Philippe Tijou, du groupe minoritaire.<\/p><\/blockquote>\n<p>Votre r\u00e9gion, votre actu !<\/p>\n<p>Recevez chaque jour les infos qui comptent pour vous.<\/p>\n<p>\t<a href=\"https:\/\/actu.fr\/newsletter\" class=\"ac-btn ac-btn--corner ac-btn--medium ac-btn--blue800\" target=\"_blank\" rel=\"noopener\">S&rsquo;incrire<\/a><\/p>\n<blockquote class=\"ac-article-quote wall-content\">\n<p>Cette majoration qui prend en compte l\u2019inflation est minime.<\/p>\n<p>Suzanne Desforges<\/p><\/blockquote>\n<blockquote class=\"ac-article-quote wall-content\">\n<p>Oui mais la commune contribue ainsi \u00e0 l\u2019augmentation du co\u00fbt de la vie.<\/p>\n<p>L\u2019\u00e9lu d\u2019opposition<\/p><\/blockquote>\n<p class=\" wall-content\">S\u2019agissant des <b>subventions vers\u00e9es aux associations par la commune<\/b>, elles sont accord\u00e9es selon les crit\u00e8res habituels, en particulier le nombre d\u00a0\u00bbadh\u00e9rents.<\/p>\n<blockquote class=\"ac-article-quote wall-content\">\n<p>J\u2019observe que la subvention \u00e0 la soci\u00e9t\u00e9 de chasse Saint-Hubert est en nette augmentation par rapport \u00e0 l\u2019an pass\u00e9, alors qu\u2019il y a peu de Goulainais parmi ses membres, il me semble.<\/p>\n<p>Philippe Tijou<\/p><\/blockquote>\n<p class=\" wall-content\">Il lui a \u00e9t\u00e9 r\u00e9pondu par le maire que\u2009:<\/p>\n<blockquote class=\"ac-article-quote wall-content\">\n<p>les subventions ne sont pas toutes calcul\u00e9es selon le nombre d\u2019adh\u00e9rents, mais aussi selon le service rendu \u00e0 la commune. C\u2019est le cas de la Saint-Hubert qui organise des battues aux sangliers pour en limiter le nombre sur le territoire communal.<\/p>\n<\/blockquote>\n<p class=\" wall-content\">Les d\u00e9penses d\u2019\u00e9quipements au service de <b>la population sont estim\u00e9es \u00e0 1,4\u00a0million d\u2019euros<\/b>.<\/p>\n<blockquote class=\"ac-article-quote wall-content\">\n<p>Pour ce budget de transition, il y a peu de nouveaux investissements. Il s\u2019agit en fait de financer les grosses op\u00e9rations engag\u00e9es voire finalis\u00e9es, comme les am\u00e9nagements \u00e0 la Surboisi\u00e8re, la salle Christine-Caron et surtout la cr\u00e8che en construction, le tout pour 806\u2009000\u00a0\u20ac.<\/p>\n<p>Suzanne Desforges<\/p><\/blockquote>\n<p class=\" wall-content\">Il est toutefois pr\u00e9vu 146\u2009650\u00a0\u20ac pour le scolaire, petite enfance, enfance et jeunesse, 70\u2009400\u00a0\u20ac pour les b\u00e2timents l\u2019accessibilit\u00e9, les mat\u00e9riels et mobiliers, 60\u2009000\u00a0\u20ac pour l\u2019environnement et la transition \u00e9cologique, 30\u2009611\u00a0\u20ac pour l\u2019urbanisme, 27\u2009600\u00a0\u20ac pour la culture, l\u2019animation et la vie associative, 25\u2009000\u00a0\u20ac pour la voirie, les r\u00e9seaux et la s\u00e9curit\u00e9 routi\u00e8re, 6\u2009800\u00a0\u20ac pour les services g\u00e9n\u00e9raux. Le reste, 282\u2009000\u00a0\u20ac, concerne un trait\u00e9 de concession (participation de la commune contre remise d\u2019ouvrages d\u2019am\u00e9nagements).<b> Le budget primitif 2026 a \u00e9t\u00e9 adopt\u00e9 par 18\u00a0voix pour, 8\u00a0contre et 1 abstention. <\/b>En revanche, les subventions ont \u00e9t\u00e9 vot\u00e9es \u00e0 l\u2019unanimit\u00e9 moins une abstention.<\/p>\n<p>Une pr\u00e9sentation \u00ab\u2009insinc\u00e8re\u2009\u00bb<\/p>\n<p class=\" wall-content\">Lors de la s\u00e9ance pr\u00e9c\u00e9dente, la cheffe de file de la minorit\u00e9, Anne-Sophie Gstach-Morand, avait estim\u00e9 que \u00ab\u2009les comptes \u00e9taient pr\u00e9sent\u00e9s sont insinc\u00e8res\u2009\u00bb, notamment en ce qui concerne<b> l\u2019endettement r\u00e9el de la commune<\/b>.<\/p>\n<blockquote class=\"ac-article-quote wall-content\">\n<p>Par exemple, on parle d\u2019un fonds de soutien de l\u2019\u00c9tat pour l\u2019emprunt toxique contract\u00e9 il y a pr\u00e8s de 20\u00a0ans, qui va dispara\u00eetre en 2028. Il n\u2019en est pas fait \u00e9tat dans ce rapport. De m\u00eame, il faut rappeler qu\u2019en 2024, l\u2019endettement r\u00e9el de la commune est de 786\u00a0\u20ac par habitant, soit largement sup\u00e9rieur \u00e0 la moyenne de la strate (624\u00a0\u20ac\/habitant).<\/p>\n<\/blockquote>\n<p class=\" wall-content\">De son c\u00f4t\u00e9, Cl\u00e9ment Leroy a exprim\u00e9 son inqui\u00e9tude, quant \u00e0 <b>la situation financi\u00e8re pour 2029-2030<\/b>. Il a fait remarquer qu\u2019il \u00ab\u2009va manquer <b>200\u2009000\u00a0\u00e0 300\u2009000 \u20ac de capacit\u00e9 d\u2019autofinancement \u00e0 la commune<\/b>\u2009\u00bb alors que c<b>ette capacit\u00e9 \u00e9tait de 800\u2009000\u00a0\u20ac en d\u00e9but de mandat.<\/b><\/p>\n<blockquote class=\"ac-article-quote wall-content\">\n<p>Vous dites que c\u2019est une projection, mais on peut se demander comment l\u2019on pourra honorer ce que nous devrons payer l\u2019annuit\u00e9 \u00e0 LAD-SELA, \u00e0 savoir environ 500\u2009000\u00a0\u20ac pour le centre bourg. L\u2019\u00e9quipe \u00e0 venir n\u2019aura pas beaucoup de marge de man\u0153uvre pour investir. Certes, la commune a investi, mais on en paiera le prix en 2029-2030.<\/p>\n<\/blockquote>\n<p class=\" wall-content\">Pour Fabrice Cuchot, \u00ab\u2009il n\u2019y a aucune alerte\u2009\u00bb. Malgr\u00e9 les explications de Suzanne Desforges, Cl\u00e9ment Leroy a assur\u00e9 qu<b>\u2019il y aura \u00ab\u2009deux ans compliqu\u00e9s\u2009\u00bb pour l\u2019\u00e9quipe suivante<\/b>.<\/p>\n<blockquote class=\"ac-article-quote wall-content\">\n<p>Le fonds de soutien de l\u2019\u00c9tat pour l\u2019emprunt toxique gonfle artificiellement la sant\u00e9 financi\u00e8re de la commune jusqu\u2019en 2029. Ensuite tout s\u2019effondre. Comment la commune pourra-t-elle faire face \u00e0 ses obligations sans autofinancement\u2009?<\/p>\n<p>Cl\u00e9ment Leroy<\/p><\/blockquote>\n<p class=\" wall-content\">S\u2019agissant du <b>programme d\u2019investissement,<\/b> l\u2019adjointe aux finances a indiqu\u00e9 que <b>l\u2019ann\u00e9e 2026 verra le renouvellement des \u00e9quipes municipales.<\/b><\/p>\n<blockquote class=\"ac-article-quote wall-content\">\n<p>Par cons\u00e9quent, les cr\u00e9dits inscrits \u00e0 l\u2019occasion du budget pr\u00e9visionnel 2026 seront affect\u00e9s \u00e0 des projets en cours ainsi que sur des enveloppes d\u00e9di\u00e9es aux urgences\/impr\u00e9vus.<\/p>\n<p>Suzanne D\u00e9forges<\/p><\/blockquote>\n<p class=\" wall-content\">Les enveloppes disponibles pour de <b>nouveaux projets seront volontairement limit\u00e9es<\/b>. De ce fait, tout nouveau projet d\u2019investissement pourra \u00eatre<b> inscrit \u00e0 l\u2019occasion de la pr\u00e9paration du budget suppl\u00e9mentaire 2026<\/b>.<\/p>\n<p class=\" wall-content\">Personnalisez votre actualit\u00e9 en ajoutant vos villes et m\u00e9dias en favori avec <a href=\"https:\/\/moncompte.actu.fr\" title=\"D\u00e9couvez Mon Actu\" rel=\"nofollow noopener\" data-trk=\"{&quot;cta&quot;:{&quot;action&quot;:&quot;https:\\\/\\\/moncompte.actu.fr&quot;,&quot;category&quot;:&quot;mon compte&quot;,&quot;from&quot;:&quot;article footer&quot;,&quot;name&quot;:&quot;Mon actu&quot;,&quot;type&quot;:&quot;cta&quot;}}\" target=\"_blank\">Mon Actu<\/a>.<\/p>\n","protected":false},"excerpt":{"rendered":"Par R\u00e9daction Clisson Publi\u00e9 le 9 janv. 2026 \u00e0 23h28 Le dernier conseil municipal de Haute-Goulaine a principalement&hellip;\n","protected":false},"author":2,"featured_media":653961,"comment_status":"","ping_status":"","sticky":false,"template":"","format":"standard","meta":{"footnotes":""},"categories":[2818],"tags":[1111,11,1003,1777,674,1011,27,766,12,2636,25,104,2900],"class_list":{"0":"post-653960","1":"post","2":"type-post","3":"status-publish","4":"format-standard","5":"has-post-thumbnail","7":"category-nantes","8":"tag-actu","9":"tag-actualites","10":"tag-budget","11":"tag-eu","12":"tag-europe","13":"tag-fr","14":"tag-france","15":"tag-nantes","16":"tag-news","17":"tag-pays-de-la-loire","18":"tag-republique-francaise","19":"tag-societe","20":"tag-vignoble-nantais"},"share_on_mastodon":{"url":"https:\/\/pubeurope.com\/@fr\/115870842504374126","error":""},"_links":{"self":[{"href":"https:\/\/www.europesays.com\/fr\/wp-json\/wp\/v2\/posts\/653960","targetHints":{"allow":["GET"]}}],"collection":[{"href":"https:\/\/www.europesays.com\/fr\/wp-json\/wp\/v2\/posts"}],"about":[{"href":"https:\/\/www.europesays.com\/fr\/wp-json\/wp\/v2\/types\/post"}],"author":[{"embeddable":true,"href":"https:\/\/www.europesays.com\/fr\/wp-json\/wp\/v2\/users\/2"}],"replies":[{"embeddable":true,"href":"https:\/\/www.europesays.com\/fr\/wp-json\/wp\/v2\/comments?post=653960"}],"version-history":[{"count":0,"href":"https:\/\/www.europesays.com\/fr\/wp-json\/wp\/v2\/posts\/653960\/revisions"}],"wp:featuredmedia":[{"embeddable":true,"href":"https:\/\/www.europesays.com\/fr\/wp-json\/wp\/v2\/media\/653961"}],"wp:attachment":[{"href":"https:\/\/www.europesays.com\/fr\/wp-json\/wp\/v2\/media?parent=653960"}],"wp:term":[{"taxonomy":"category","embeddable":true,"href":"https:\/\/www.europesays.com\/fr\/wp-json\/wp\/v2\/categories?post=653960"},{"taxonomy":"post_tag","embeddable":true,"href":"https:\/\/www.europesays.com\/fr\/wp-json\/wp\/v2\/tags?post=653960"}],"curies":[{"name":"wp","href":"https:\/\/api.w.org\/{rel}","templated":true}]}}