{"id":653962,"date":"2026-01-10T12:38:19","date_gmt":"2026-01-10T12:38:19","guid":{"rendered":"https:\/\/www.europesays.com\/fr\/653962\/"},"modified":"2026-01-10T12:38:19","modified_gmt":"2026-01-10T12:38:19","slug":"cette-course-contre-le-cancer-du-sein-revient-pour-une-20e-edition","status":"publish","type":"post","link":"https:\/\/www.europesays.com\/fr\/653962\/","title":{"rendered":"cette course contre le cancer du sein revient pour une 20e \u00e9dition"},"content":{"rendered":"<p>                    Par<br \/>\n        <strong><br \/>\n            <a href=\"https:\/\/actu.fr\/auteur\/thomas-bernard\" title=\"Consulter tous les articles de Thomas Bernard\" target=\"_blank\" rel=\"noopener\">Thomas Bernard<\/a><br \/>\n                    <\/strong><\/p>\n<p>        Publi\u00e9 le<\/p>\n<p>            10 janv. 2026 \u00e0 11h43        <\/p>\n<p>En 2025, 19\u2009500\u00a0personnes ont particip\u00e9 \u00e0 la course Odyss\u00e9a \u00e0 Nantes, <b>engag\u00e9e dans la lutte contre le cancer du sein<\/b>. L\u2019ann\u00e9e derni\u00e8re, 193\u2009000\u00a0euros avaient \u00e9t\u00e9 r\u00e9colt\u00e9s au cours de l\u2019\u00e9v\u00e9nement.<b> Le dimanche 8\u00a0mars 2026<\/b>, la course solidaire revient pour une vingti\u00e8me \u00e9dition dans la cit\u00e9 des ducs de Bretagne.<\/p>\n<p>Inscriptions ouvertes<\/p>\n<p class=\" wall-content\">Le dimanche 8\u00a0mars 2026, les participants, v\u00eatus d\u2019un t-shirt rose, investiront la place Saint-Pierre dans le centre-ville. Au programme de cette journ\u00e9e sportive\u2009: <b>10\u00a0km course chronom\u00e9tr\u00e9e<\/b>, <b>5\u00a0km course et marche non chronom\u00e9tr\u00e9es<\/b>, <b>1\u00a0km pour les enfants \u00ab\u2009Je cours pour Maman\u2009\u00bb<\/b> ainsi que des animations au village Odyss\u00e9a.<\/p>\n<p class=\" wall-content\">Les courses de 10\u00a0km en pr\u00e9sentiel ou \u00e0 distance n\u00e9cessitent <b>un PPS<\/b> (Parcours Pr\u00e9vention Sant\u00e9) datant de moins d\u2019un an au 8\u00a0mars ou une licence d\u2019athl\u00e9tisme 2025-2026.<\/p>\n<p class=\" wall-content\"><a href=\"https:\/\/odyssea.info\/courses\/odyssea-nantes\/\" target=\"_blank\" rel=\"noopener\">Les inscriptions sont ouvertes<\/a> jusqu\u2019au <b>jeudi 5\u00a0mars \u00e0 20\u2009h en individuel, et jusqu\u2019au 13\u00a0f\u00e9vrier pour les groupes<\/b>. En compl\u00e9ment des courses sur site, une participation \u00e0 distance est possible du lundi\u00a02 au dimanche 15\u00a0mars gr\u00e2ce \u00e0 l\u2019application mobile Odyss\u00e9a.<\/p>\n<p class=\" wall-content\">\u00ab\u2009En 18\u00a0ans, plus de 191\u2009450\u00a0personnes ont couru ou march\u00e9 pour Odyss\u00e9a Nantes, permettant de collecter 1\u2009478\u2009900\u00a0\u20ac pour soutenir des acteurs locaux de la lutte contre le cancer du sein\u2009\u00bb, rappellent les organisateurs dans un communiqu\u00e9 de presse.<\/p>\n<p>Odyss\u00e9a Nantes, dimanche 8\u00a0mars 2026. D\u00e9but des courses \u00e0 9\u2009h. Ouverture du village \u00e0 8\u2009h.<\/p>\n<p><b>Tarifs\u2009: <\/b>1\u00a0km pour les enfants \u00ab\u2009Je cours pour Maman\u2009\u00bb (5 \u00e0 12\u00a0ans) 8\u00a0\u20ac, 5\u00a0km course\/marche non chronom\u00e9tr\u00e9e, 16\u00a0\u20ac (10\u00a0\u20ac pour plus de 16\u00a0ans), 10\u00a0km chronom\u00e9tr\u00e9s (16\u00a0ans et plus) 19\u00a0\u20ac. Odyss\u00e9a Nantes, course connect\u00e9e\u2009: 16\u00a0\u20ac.<\/p>\n<p class=\" wall-content\">Personnalisez votre actualit\u00e9 en ajoutant vos villes et m\u00e9dias en favori avec <a href=\"https:\/\/moncompte.actu.fr\" title=\"D\u00e9couvez Mon Actu\" rel=\"nofollow noopener\" data-trk=\"{&quot;cta&quot;:{&quot;action&quot;:&quot;https:\\\/\\\/moncompte.actu.fr&quot;,&quot;category&quot;:&quot;mon compte&quot;,&quot;from&quot;:&quot;article footer&quot;,&quot;name&quot;:&quot;Mon actu&quot;,&quot;type&quot;:&quot;cta&quot;}}\" target=\"_blank\">Mon Actu<\/a>.<\/p>\n","protected":false},"excerpt":{"rendered":"Par Thomas Bernard Publi\u00e9 le 10 janv. 2026 \u00e0 11h43 En 2025, 19\u2009500\u00a0personnes ont particip\u00e9 \u00e0 la course&hellip;\n","protected":false},"author":2,"featured_media":653963,"comment_status":"","ping_status":"","sticky":false,"template":"","format":"standard","meta":{"footnotes":""},"categories":[2818],"tags":[1111,11,101,1777,674,1011,27,766,12,2636,25,104,3400],"class_list":{"0":"post-653962","1":"post","2":"type-post","3":"status-publish","4":"format-standard","5":"has-post-thumbnail","7":"category-nantes","8":"tag-actu","9":"tag-actualites","10":"tag-cancer","11":"tag-eu","12":"tag-europe","13":"tag-fr","14":"tag-france","15":"tag-nantes","16":"tag-news","17":"tag-pays-de-la-loire","18":"tag-republique-francaise","19":"tag-societe","20":"tag-solidarite"},"share_on_mastodon":{"url":"https:\/\/pubeurope.com\/@fr\/115870846437612722","error":""},"_links":{"self":[{"href":"https:\/\/www.europesays.com\/fr\/wp-json\/wp\/v2\/posts\/653962","targetHints":{"allow":["GET"]}}],"collection":[{"href":"https:\/\/www.europesays.com\/fr\/wp-json\/wp\/v2\/posts"}],"about":[{"href":"https:\/\/www.europesays.com\/fr\/wp-json\/wp\/v2\/types\/post"}],"author":[{"embeddable":true,"href":"https:\/\/www.europesays.com\/fr\/wp-json\/wp\/v2\/users\/2"}],"replies":[{"embeddable":true,"href":"https:\/\/www.europesays.com\/fr\/wp-json\/wp\/v2\/comments?post=653962"}],"version-history":[{"count":0,"href":"https:\/\/www.europesays.com\/fr\/wp-json\/wp\/v2\/posts\/653962\/revisions"}],"wp:featuredmedia":[{"embeddable":true,"href":"https:\/\/www.europesays.com\/fr\/wp-json\/wp\/v2\/media\/653963"}],"wp:attachment":[{"href":"https:\/\/www.europesays.com\/fr\/wp-json\/wp\/v2\/media?parent=653962"}],"wp:term":[{"taxonomy":"category","embeddable":true,"href":"https:\/\/www.europesays.com\/fr\/wp-json\/wp\/v2\/categories?post=653962"},{"taxonomy":"post_tag","embeddable":true,"href":"https:\/\/www.europesays.com\/fr\/wp-json\/wp\/v2\/tags?post=653962"}],"curies":[{"name":"wp","href":"https:\/\/api.w.org\/{rel}","templated":true}]}}