{"id":653968,"date":"2026-01-10T12:41:10","date_gmt":"2026-01-10T12:41:10","guid":{"rendered":"https:\/\/www.europesays.com\/fr\/653968\/"},"modified":"2026-01-10T12:41:10","modified_gmt":"2026-01-10T12:41:10","slug":"la-bourde-de-son-ami-le-trahit","status":"publish","type":"post","link":"https:\/\/www.europesays.com\/fr\/653968\/","title":{"rendered":"la bourde de son ami le trahit"},"content":{"rendered":"<p>                    Par<br \/>\n        <strong><br \/>\n            <a href=\"https:\/\/actu.fr\/auteur\/anaelle-montagne\" title=\"Consulter tous les articles de Anaelle Montagne\" target=\"_blank\" rel=\"noopener\">Anaelle Montagne<\/a><br \/>\n                    <\/strong><\/p>\n<p>        Publi\u00e9 le<\/p>\n<p>            10 janv. 2026 \u00e0 7h08        <\/p>\n<p>Si son ami n\u2019avait pas fait de bourde, il serait toujours dans la nature. Lors d\u2019un banal contr\u00f4le de police \u00e0 <a href=\"https:\/\/actu.fr\/toulouse\/\" target=\"_blank\" rel=\"noopener\">Toulouse<\/a>, ce samedi 3\u00a0janvier 2026, un jeune homme de 23\u00a0ans a \u00e9t\u00e9 d\u00e9masqu\u00e9 par la police\u2009: il s\u2019agissait d\u2019un d\u00e9tenu, \u00e9vad\u00e9 du quartier semi-libert\u00e9 de la <a href=\"https:\/\/actu.fr\/auvergne-rhone-alpes\/valence_26362\/valence-voici-comment-gerald-darmanin-espere-apporter-de-nouvelles-cellules-a-la-prison-d-ici-deux-ans_62866927.html\" target=\"_blank\" rel=\"noopener\">maison d\u2019arr\u00eat de Valence<\/a> depuis deux mois.<\/p>\n<p>Ils n\u2019\u00e9taient pas attach\u00e9s<\/p>\n<p class=\" wall-content\">Tout est parti d\u2019une <strong>simple ceinture non boucl\u00e9e<\/strong>. Tard dans la soir\u00e9e du 2 au 3\u00a0janvier, alors qu\u2019ils roulent dans le quartier du Mirail, les agents de la BAC rep\u00e8rent que les occupants de la fameuse voiture ne sont pas attach\u00e9s. Il est environ minuit et demi.<\/p>\n<p>    <a href=\"https:\/\/www.google.com\/maps\/embed?pb=!1m18!1m12!1m3!1d11561.470098510119!2d1.391411692413857!3d43.578060532507536!2m3!1f0!2f0!3f0!3m2!1i1024!2i768!4f13.1!3m3!1m2!1s0x12aeba4c50a6c489%3A0x5286c292c765e3c0!2sMirail%20-%20Universit%C3%A9%2C%2031100%20Toulouse!5e0!3m2!1sen!2sfr!4v1767970148880!5m2!1sen!2sfr\" title=\"Ouvrie le lien\" target=\"_blank\" rel=\"noopener\">Cliquez ici pour visualiser le contenu<\/a><\/p>\n<p class=\" wall-content\">Les fonctionnaires de police stoppent la voiture et contr\u00f4lent le conducteur, qui d\u00e9cline son identit\u00e9. L\u2019affaire aurait pu s\u2019arr\u00eater l\u00e0, avec une simple amende\u2026 mais <strong>un ami du conducteur<\/strong> pr\u00e9sent dans la voiture<strong> fait tout capoter<\/strong>.<\/p>\n<p>Comment l\u2019a-t-il trahi\u2009?<\/p>\n<p class=\" wall-content\">\u00ab\u2009Cet ami <strong>a appel\u00e9 le conducteur par son pr\u00e9nom<\/strong> et \u00e7a ne correspondait pas \u00e0 l\u2019identit\u00e9 qu\u2019il venait de d\u00e9cliner\u2009\u00bb, souffle une source polici\u00e8re \u00e0 Actu Toulouse. A\u00efe.<\/p>\n<p class=\" wall-content\">Les agents de la BAC font ensuite quelques recherches et d\u00e9couvrent que le permis du conducteur a \u00e9t\u00e9 annul\u00e9 par la justice. Pire encore\u2009: le jeune homme de 23\u00a0ans est <strong>recherch\u00e9 par la police depuis des mois<\/strong>.<\/p>\n<p>Vid\u00e9os : en ce moment sur Actu\u00c9vasion de prison<\/p>\n<p class=\" wall-content\">\u00ab\u2009Il \u00e9tait en \u00e9tat d\u2019\u00e9vasion <strong>depuis le 25\u00a0novembre<\/strong>, du quartier de semi-libert\u00e9 de la maison d\u2019arr\u00eat de Valence\u2009\u00bb, indique le parquet de Toulouse.<\/p>\n<p class=\" wall-content\">Le jeune d\u00e9tenu a donc \u00e9t\u00e9 imm\u00e9diatement interpell\u00e9 puis<strong> jug\u00e9 en comparution imm\u00e9diate<\/strong>, le lundi 5\u00a0janvier.<\/p>\n<p>Votre r\u00e9gion, votre actu !<\/p>\n<p>Recevez chaque jour les infos qui comptent pour vous.<\/p>\n<p>\t<a href=\"https:\/\/actu.fr\/newsletter\" class=\"ac-btn ac-btn--corner ac-btn--medium ac-btn--blue800\" target=\"_blank\" rel=\"noopener\">S&rsquo;incrire<\/a><br \/>\nSa condamnation<\/p>\n<p class=\" wall-content\">Il \u00e9tait poursuivi pour \u00ab\u2009prise du nom d\u2019un tiers pouvant d\u00e9terminer l\u2019enregistrement d\u2019une condamnation judiciaire\u2009\u00bb, \u00ab\u2009conduite d\u2019un v\u00e9hicule malgr\u00e9 l\u2019annulation du permis de conduire\u2009\u00bb et <strong>\u00ab\u2009\u00e9vasion par condamn\u00e9 en semi-libert\u00e9\u2009\u00bb<\/strong>.<\/p>\n<p class=\" wall-content\">Le d\u00e9tenu a \u00e9cop\u00e9 de <strong>10\u00a0mois d\u2019emprisonnement<\/strong>\u2009: deux pour la prise du nom d\u2019un tiers et huit, pour les autres d\u00e9lits. Il est maintenu en d\u00e9tention.<\/p>\n<p class=\" wall-content\">Personnalisez votre actualit\u00e9 en ajoutant vos villes et m\u00e9dias en favori avec <a href=\"https:\/\/moncompte.actu.fr\" title=\"D\u00e9couvez Mon Actu\" rel=\"nofollow noopener\" data-trk=\"{&quot;cta&quot;:{&quot;action&quot;:&quot;https:\\\/\\\/moncompte.actu.fr&quot;,&quot;category&quot;:&quot;mon compte&quot;,&quot;from&quot;:&quot;article footer&quot;,&quot;name&quot;:&quot;Mon actu&quot;,&quot;type&quot;:&quot;cta&quot;}}\" target=\"_blank\">Mon Actu<\/a>.<\/p>\n","protected":false},"excerpt":{"rendered":"Par Anaelle Montagne Publi\u00e9 le 10 janv. 2026 \u00e0 7h08 Si son ami n\u2019avait pas fait de bourde,&hellip;\n","protected":false},"author":2,"featured_media":653969,"comment_status":"","ping_status":"","sticky":false,"template":"","format":"standard","meta":{"footnotes":""},"categories":[2816],"tags":[1111,11,1777,674,118,1011,27,12,2680,899,25,2312],"class_list":{"0":"post-653968","1":"post","2":"type-post","3":"status-publish","4":"format-standard","5":"has-post-thumbnail","7":"category-toulouse","8":"tag-actu","9":"tag-actualites","10":"tag-eu","11":"tag-europe","12":"tag-faits-divers","13":"tag-fr","14":"tag-france","15":"tag-news","16":"tag-occitanie","17":"tag-prisons","18":"tag-republique-francaise","19":"tag-toulouse"},"share_on_mastodon":{"url":"https:\/\/pubeurope.com\/@fr\/115870858176280753","error":""},"_links":{"self":[{"href":"https:\/\/www.europesays.com\/fr\/wp-json\/wp\/v2\/posts\/653968","targetHints":{"allow":["GET"]}}],"collection":[{"href":"https:\/\/www.europesays.com\/fr\/wp-json\/wp\/v2\/posts"}],"about":[{"href":"https:\/\/www.europesays.com\/fr\/wp-json\/wp\/v2\/types\/post"}],"author":[{"embeddable":true,"href":"https:\/\/www.europesays.com\/fr\/wp-json\/wp\/v2\/users\/2"}],"replies":[{"embeddable":true,"href":"https:\/\/www.europesays.com\/fr\/wp-json\/wp\/v2\/comments?post=653968"}],"version-history":[{"count":0,"href":"https:\/\/www.europesays.com\/fr\/wp-json\/wp\/v2\/posts\/653968\/revisions"}],"wp:featuredmedia":[{"embeddable":true,"href":"https:\/\/www.europesays.com\/fr\/wp-json\/wp\/v2\/media\/653969"}],"wp:attachment":[{"href":"https:\/\/www.europesays.com\/fr\/wp-json\/wp\/v2\/media?parent=653968"}],"wp:term":[{"taxonomy":"category","embeddable":true,"href":"https:\/\/www.europesays.com\/fr\/wp-json\/wp\/v2\/categories?post=653968"},{"taxonomy":"post_tag","embeddable":true,"href":"https:\/\/www.europesays.com\/fr\/wp-json\/wp\/v2\/tags?post=653968"}],"curies":[{"name":"wp","href":"https:\/\/api.w.org\/{rel}","templated":true}]}}