{"id":653976,"date":"2026-01-10T12:45:15","date_gmt":"2026-01-10T12:45:15","guid":{"rendered":"https:\/\/www.europesays.com\/fr\/653976\/"},"modified":"2026-01-10T12:45:15","modified_gmt":"2026-01-10T12:45:15","slug":"je-veux-porter-cette-ville-vers-son-destin","status":"publish","type":"post","link":"https:\/\/www.europesays.com\/fr\/653976\/","title":{"rendered":"Je veux porter cette ville vers son destin"},"content":{"rendered":"<p>Ses adversaires, partis en campagne bien avant lui, et pour certains il y a d\u00e9j\u00e0 plusieurs mois, attendaient cette d\u00e9claration de candidature pour ne plus avoir l&rsquo;impression de boxer dans le vide. C&rsquo;est d\u00e9sormais chose faite dans les colonnes de La\u00a0Provence : <a href=\"https:\/\/www.laprovence.com\/article\/elections\/4411600353183314\/municipales-2026-a-marseille-si-on-gagne-martine-vassal-ne-sera-plus-presidente-de-la-metropole-lache-benoit-payan-dvg\" target=\"_blank\" rel=\"noopener\">Beno\u00eet Payan<\/a> \u00e2g\u00e9 e 47 ans sera bien candidat \u00e0 sa succession en mars prochain et sur son nom cette fois. D\u00e8s ce matin, sa lettre aux Marseillais sera distribu\u00e9e en ville, sa photo sur fond color\u00e9 barr\u00e9e du slogan \u00ab\u00a0Pour Marseille\u00a0\u00bb placard\u00e9e sur les murs.<\/p>\n<p><img alt=\"Beno\u00eet Payan (DVG), candidat \u00e0 sa succession aux municipales 2026, lors d'une interview au si\u00e8ge de &quot;La Provence&quot;.\" loading=\"lazy\" decoding=\"async\" data-nimg=\"fill\" class=\" TwicCore_img__i9TC1 undefined  undefined\" style=\"position:absolute;height:100%;width:100%;left:0;top:0;right:0;bottom:0;color:transparent;background-size:cover;background-position:50% 50%;background-repeat:no-repeat;background-image:url(&quot;data:image\/svg+xml;charset=utf-8,%3Csvg xmlns='http:\/\/www.w3.org\/2000\/svg' %3E%3Cfilter id='b' color-interpolation-filters='sRGB'%3E%3CfeGaussianBlur stdDeviation='20'\/%3E%3CfeColorMatrix values='1 0 0 0 0 0 1 0 0 0 0 0 1 0 0 0 0 0 100 -1' result='s'\/%3E%3CfeFlood x='0' y='0' width='100%25' height='100%25'\/%3E%3CfeComposite operator='out' in='s'\/%3E%3CfeComposite in2='SourceGraphic'\/%3E%3CfeGaussianBlur stdDeviation='20'\/%3E%3C\/filter%3E%3Cimage width='100%25' height='100%25' x='0' y='0' preserveAspectRatio='none' style='filter: url(%23b);' href='https:\/\/pictures.laprovence.com\/cdn-cgi\/image\/blur=250\/media\/melody\/2026\/01\/10\/portrait-du-maire-de-marseille-benoit-payan-le-printemps-marseillais-lors-dune-interview-au-siege-du-1768028235_c862b1b2bf596ec62b1b2bf59b072bv_.jpg'\/%3E%3C\/svg%3E&quot;)\"   src=\"https:\/\/www.europesays.com\/fr\/wp-content\/uploads\/2026\/01\/portrait-du-maire-de-marseille-benoit-payan-le-printemps-marseillais-lors-dune-interview-au-siege-du.jpeg\"\/>Beno\u00eet Payan (DVG), candidat \u00e0 sa succession aux municipales 2026, lors d&rsquo;une interview au si\u00e8ge de \u00ab\u00a0La Provence\u00a0\u00bb. \/ PHOTO Fr\u00e9d\u00e9ric SPEICH<\/p>\n<p>L&rsquo;ancien socialiste, \u00e0 la t\u00eate d&rsquo;une coalition de gauche, descend dans l&rsquo;ar\u00e8ne \u00e0 partir d&rsquo;aujourd&rsquo;hui avec l&rsquo;ambition de poser les bases d&rsquo;une \u00e8re nouvelle pour la deuxi\u00e8me ville de France apr\u00e8s un mandat, s&rsquo;il a \u00e9t\u00e9 de rupture, qui n&rsquo;a pas suffi pour renverser compl\u00e8tement la table. \u00ab\u00a0J&rsquo;ai replac\u00e9 Marseille sur la carte du monde\u00a0\u00bb, dit-il volontiers. II veut aujourd&rsquo;hui lui dessiner un avenir pour les 50 ans prochaines ann\u00e9es. Face \u00e0 une forte pouss\u00e9e du Rassemblement national et \u00e0 la France insoumise qui joue des coudes, Beno\u00eet Payan promet d&rsquo;aller chercher les voix \u00ab\u00a0une \u00e0 une\u00a0\u00bb pour transformer l&rsquo;essai.<\/p>\n<p><strong>Il y a six ans presque jour pour jour, <a href=\"https:\/\/www.laprovence.com\/article\/politique\/22288322404871\/rubirola-payan-les-coulisses-du-switch-lhistoire-secrete-des-municipales-de-2020-a-marseille\" target=\"_blank\" rel=\"noopener\">vous renonciez \u00e0 \u00eatre t\u00eate de liste<\/a>. Aujourd&rsquo;hui, \u00eates-vous candidat\u00a0?<\/strong>&#13;\n<\/p>\n<p>J&rsquo;ai d\u00e9cid\u00e9 d&rsquo;\u00eatre candidat aux \u00e9lections municipales des 15 et 22\u00a0mars. Le travail qu&rsquo;on a fait ces six derni\u00e8res ann\u00e9es a \u00e9t\u00e9 \u00e0 la fois exigeant, passionnant et tr\u00e8s compliqu\u00e9\u00a0: on a trouv\u00e9 la ville dans un \u00e9tat catastrophique. On a d\u00fb la relever et la repenser, ce que je veux poursuivre avec la m\u00eame force. Ma responsabilit\u00e9 aujourd&rsquo;hui, c&rsquo;est de porter cette ville vers son destin. Marseille n&rsquo;est pas une ville comme les autres, une ville de province ou simplement une grande ville mais un petit pays que j&rsquo;ai dans le sang. Je me bats pour ses habitants, son histoire, son pr\u00e9sent et son avenir.<\/p>\n<p><img alt=\"Beno\u00eet Payan lors de sa conf\u00e9rence de presse, ce samedi 10 janvier 2026.\" loading=\"lazy\" decoding=\"async\" data-nimg=\"fill\" class=\" TwicCore_img__i9TC1 undefined  undefined\" style=\"position:absolute;height:100%;width:100%;left:0;top:0;right:0;bottom:0;color:transparent;background-size:cover;background-position:50% 50%;background-repeat:no-repeat;background-image:url(&quot;data:image\/svg+xml;charset=utf-8,%3Csvg xmlns='http:\/\/www.w3.org\/2000\/svg' %3E%3Cfilter id='b' color-interpolation-filters='sRGB'%3E%3CfeGaussianBlur stdDeviation='20'\/%3E%3CfeColorMatrix values='1 0 0 0 0 0 1 0 0 0 0 0 1 0 0 0 0 0 100 -1' result='s'\/%3E%3CfeFlood x='0' y='0' width='100%25' height='100%25'\/%3E%3CfeComposite operator='out' in='s'\/%3E%3CfeComposite in2='SourceGraphic'\/%3E%3CfeGaussianBlur stdDeviation='20'\/%3E%3C\/filter%3E%3Cimage width='100%25' height='100%25' x='0' y='0' preserveAspectRatio='none' style='filter: url(%23b);' href='https:\/\/pictures.laprovence.com\/cdn-cgi\/image\/blur=250\/media\/melody\/2026\/01\/10\/1q1a3074-jpg-1768040903_ac0857d822696a01857d8226964185v_.jpg'\/%3E%3C\/svg%3E&quot;)\"   src=\"https:\/\/www.europesays.com\/fr\/wp-content\/uploads\/2026\/01\/1q1a3074-jpg-1768040903_ac0857d822696a01857d8226964185v_.jpg\"\/>Beno\u00eet Payan lors de sa conf\u00e9rence de presse, ce samedi 10 janvier 2026. \/ PHOTO NICOLAS VALLAURI<\/p>\n<p><strong>Votre retrait en\u00a02020 devait permettre l&rsquo;union de la gauche. Les difficult\u00e9s, les reproches sur votre ill\u00e9gitimit\u00e9 suppos\u00e9e, tout cela est-il derri\u00e8re vous\u00a0?<\/strong>&#13;\n<\/p>\n<p>Lorsqu&rsquo;on a des adversaires politiques qui n&rsquo;ont comme seul reproche que d&rsquo;essayer de m&rsquo;affubler de ce qu&rsquo;ils ont fait eux-m\u00eames, c&rsquo;est qu&rsquo;ils n&rsquo;ont pas grand-chose \u00e0 dire. Je ne veux pas rentrer dans des batailles picrocholines, s\u00e9mantiques et de politique politicienne. Je ne suis le candidat ni d&rsquo;un camp, ni d&rsquo;un clan, ni d&rsquo;un pr\u00e9tendant \u00e0 l&rsquo;\u00e9lection pr\u00e9sidentielle et je ne suis dans aucun parti. Je suis un homme de gauche mais je gouverne pour toutes les Marseillaises et tous Marseillais, qu&rsquo;ils habitent dans le 1er ou dans le 16e arrondissement, qu&rsquo;ils aient vot\u00e9 pour moi ou non, qu&rsquo;ils soient jeunes ou vieux, riches ou pauvres. Je serai le candidat de tous les Marseillais.<\/p>\n<p><strong>Est-ce que vous repartez avec cette m\u00eame \u00e9quipe composite\u00a0?<\/strong>&#13;\n<\/p>\n<p>Ce sont des questions de politique politicienne qui n&rsquo;ont pas lieu d&rsquo;\u00eatre pos\u00e9es aujourd&rsquo;hui. Bien s\u00fbr qu&rsquo;on a un bilan collectif, mais c&rsquo;est d&rsquo;abord un choix personnel d&rsquo;\u00eatre candidat.<\/p>\n<p><strong>Vous avez h\u00e9sit\u00e9 \u00e0 repartir\u00a0?<\/strong>&#13;\n<\/p>\n<p>On se pose toujours des questions. Je ne crois pas \u00e0 l&rsquo;homme providentiel\u00a0: \u00e7a finit toujours dans le marasme. Ceux qui nous font croire qu&rsquo;ils n&rsquo;ont ni sentiment ni doute, qui disent qu&rsquo;ils sont des super-h\u00e9ros, n&rsquo;ont en r\u00e9alit\u00e9 aucune conviction. Il est normal et sain de s&rsquo;interroger parce qu&rsquo;\u00eatre maire de Marseille, \u00e7a veut dire lui consacrer sa vie. Je ne suis pas devant vous pour pleurer sur ce que j&rsquo;ai perdu \u00e0 titre personnel ou familial. Mais \u00e9videmment que \u00e7a co\u00fbte&#8230;<\/p>\n<p><strong>Votre entr\u00e9e en campagne tardive a pu \u00eatre interpr\u00e9t\u00e9e comme une h\u00e9sitation.<\/strong>&#13;\n<\/p>\n<p>Je suis maire et j&rsquo;ai la responsabilit\u00e9 de travailler jusqu&rsquo;au bout. La campagne est un moment d\u00e9mocratique sain et normal. Certains de mes adversaires se sont d\u00e9clar\u00e9s bien plus t\u00f4t. Or, si j&rsquo;avais \u00e9t\u00e9 candidat il y a six mois ou trois mois, j&rsquo;aurais perdu un semestre ou un trimestre \u00e0 ne pas travailler pour les Marseillais.<\/p>\n<p><img alt=\"Beno\u00eet Payan lors de sa conf\u00e9rence de presse, ce samedi 10 janvier 2026.\" loading=\"lazy\" decoding=\"async\" data-nimg=\"fill\" class=\" TwicCore_img__i9TC1 undefined  undefined\" style=\"position:absolute;height:100%;width:100%;left:0;top:0;right:0;bottom:0;color:transparent;background-size:cover;background-position:50% 50%;background-repeat:no-repeat;background-image:url(&quot;data:image\/svg+xml;charset=utf-8,%3Csvg xmlns='http:\/\/www.w3.org\/2000\/svg' %3E%3Cfilter id='b' color-interpolation-filters='sRGB'%3E%3CfeGaussianBlur stdDeviation='20'\/%3E%3CfeColorMatrix values='1 0 0 0 0 0 1 0 0 0 0 0 1 0 0 0 0 0 100 -1' result='s'\/%3E%3CfeFlood x='0' y='0' width='100%25' height='100%25'\/%3E%3CfeComposite operator='out' in='s'\/%3E%3CfeComposite in2='SourceGraphic'\/%3E%3CfeGaussianBlur stdDeviation='20'\/%3E%3C\/filter%3E%3Cimage width='100%25' height='100%25' x='0' y='0' preserveAspectRatio='none' style='filter: url(%23b);' href='https:\/\/pictures.laprovence.com\/cdn-cgi\/image\/blur=250\/media\/melody\/2026\/01\/10\/1q1a3242-jpg-1768040904_7958cd97226969d58cd9722696168cv_.jpg'\/%3E%3C\/svg%3E&quot;)\"   src=\"https:\/\/www.europesays.com\/fr\/wp-content\/uploads\/2026\/01\/1q1a3242-jpg-1768040904_7958cd97226969d58cd9722696168cv_.jpg\"\/>Beno\u00eet Payan lors de sa conf\u00e9rence de presse, ce samedi 10 janvier 2026. \/ PHOTO NICOLAS VALLAURI<\/p>\n<p><strong>Quel est votre vision, votre grand projet pour Marseille dans cette \u00e9lection\u00a0?<\/strong>&#13;\n<\/p>\n<p>Il y a deux axes pour le mandat 2026-2032. D&rsquo;abord, le quotidien, le concret, tous les irritants qu&rsquo;on doit enlever et les plaisirs qu&rsquo;on doit augmenter. En m\u00eame temps, on doit se projeter. Si on regarde l&rsquo;histoire de la ville &#8211; et \u00e7a me passionne\u00a0&#8211; il y a eu d\u00e9j\u00e0 un tr\u00e8s grand mouvement au moment de la premi\u00e8re r\u00e9volution industrielle (au XIXe, NDLR), avec la question de la mer, la cr\u00e9ation du port autonome, l&#8217;empierrage et le sablage des mar\u00e9cages au sud, tout ce qui a donn\u00e9 \u00e0 Marseille sa teinte. Cela a cr\u00e9\u00e9 des richesses, mais aussi des in\u00e9galit\u00e9s spatiales tr\u00e8s fortes. Que veut-on semer pour les 50 ou les 100\u00a0ans qui viennent ? Est-ce que ce mandat va nous servir \u00e0 lancer la deuxi\u00e8me r\u00e9volution de cette ville, en gardant son identit\u00e9 ? J&rsquo;ai r\u00e9fl\u00e9chi dans tous les sens \u00e0 la mani\u00e8re dont on pouvait casser les barri\u00e8res physiques, la dichotomie nord-sud. Bien s\u00fbr, la gare souterraine \u00e0 Saint-Charles va \u00e9norm\u00e9ment compter, la question de la passerelle de Plombi\u00e8res va se poser, mais \u00e7a ne suffira pas. Il faut quelque chose qui soit encore plus fort que \u00e7a, pour que la ville montre un nouveau visage tout en \u00e9tant reconnaissable entre mille. Nous allons prochainement pr\u00e9senter un grand projet du littoral. Ce sera le chantier du si\u00e8cle\u00a0!<strong\/><\/p>\n<p><strong>C&rsquo;est-\u00e0-dire\u00a0?<\/strong>&#13;\n<\/p>\n<p>Vous en saurez plus bient\u00f4t.<\/p>\n<p><strong>Quel bilan tirez-vous de votre mandat\u00a0?<\/strong>&#13;\n<\/p>\n<p>Nous sommes dans un moment o\u00f9 il y a de l&rsquo;enthousiasme et de la joie. Mais le regard est lucide. Pendant les deux premi\u00e8res ann\u00e9es, on a d\u00e9couvert des choses tous les jours &#8211; et \u00e7a arrive encore &#8211; avec des dysfonctionnements uniques en France. Mais remettre cette ville \u00e0 l&rsquo;endroit a \u00e9t\u00e9 une aventure incroyable\u00a0: assainir les finances, remettre une administration au travail, fabriquer une ville plus solidaire, mettre un milliard et demi sur les \u00e9coles, doubler la police municipale&#8230; Nous sommes la plus grande ville de France \u00e0 distribuer des fournitures scolaires \u00e0 tous les \u00e9l\u00e8ves. 12\u00a0000 petits Marseillais mangent gratuitement \u00e0 la cantine. Regardez ce qui se passe avec les mus\u00e9es, avec une fr\u00e9quentation record. Et l&rsquo;\u00c9t\u00e9 marseillais\u00a0: il a \u00e9t\u00e9 un succ\u00e8s d&rsquo;estime et de fr\u00e9quentation pour des gens qui n&rsquo;ont parfois pas d&rsquo;autre possibilit\u00e9 pour voir des concerts de musique classique ou de rap.<\/p>\n<p><strong>Le dossier embl\u00e9matique, ce sont les \u00e9coles. Les 188 \u00e9coles du <a href=\"https:\/\/www.laprovence.com\/article\/politique\/5278720075616314\/plan-marseille-en-grand-ecole-transports-logement-lelysee-lance-un-site-qui-recense-les-avancees\" target=\"_blank\" rel=\"noopener\">plan Marseille en grand<\/a> auront-elles \u00e9t\u00e9 r\u00e9nov\u00e9es \u00e0 la fin du prochain mandat\u00a0?<\/strong>&#13;\n<\/p>\n<p>C&rsquo;est un plan exponentiel dont le rythme, d&rsquo;ann\u00e9e en ann\u00e9e, s&rsquo;acc\u00e9l\u00e8re. En\u00a02032-2033, les\u00a0premi\u00e8res pierres des 188 \u00e9coles auront \u00e9t\u00e9 pos\u00e9es.<\/p>\n<p><strong>Vous dites qu&rsquo;il a fallu remettre la Ville en route. Qu&rsquo;est-ce que vous regrettez de n&rsquo;avoir pas fait ou pu faire\u00a0?<\/strong>&#13;\n<\/p>\n<p>Si j&rsquo;avais eu des finances saines, j&rsquo;aurais pu acc\u00e9l\u00e9rer sur la fluidification de l&rsquo;\u00e9tat civil ou sur l&rsquo;urbanisme. S&rsquo;il y avait eu une M\u00e9tropole normale, elle n&rsquo;aurait pas agi contre les int\u00e9r\u00eats des Marseillais. Elle a \u00e9t\u00e9 la principale entrave \u00e0 l&rsquo;action municipale. Parce qu&rsquo;apr\u00e8s avoir remis la mairie \u00e0 l&rsquo;endroit, on a fait des choses impensables\u00a0: pas une seule grande ville ne s&rsquo;est d\u00e9sendett\u00e9e comme nous\u00a0!<\/p>\n<p><strong>Ce d\u00e9sendettement a \u00e9t\u00e9 financ\u00e9 pour partie par <a href=\"https:\/\/www.laprovence.com\/article\/region\/39600553734736\/taxe-fonciere-pourquoi-aix-en-provence-et-marseille-s-en-sortent-mieux-que-les-autres-villes-en-2024\" target=\"_blank\" rel=\"noopener\">la hausse de taxe fonci\u00e8re<\/a>, non\u00a0?<\/strong>&#13;\n<\/p>\n<p>Mon opposition, lorsqu&rsquo;elle dirigeait Marseille, a augment\u00e9 17 fois les imp\u00f4ts. Moi, une fois. Si j&rsquo;\u00e9tais eux, je balaierais devant ma porte. Quand on voit comment sont g\u00e9r\u00e9s la M\u00e9tropole et le D\u00e9partement, quand on est presque sous tutelle, on n&rsquo;explique pas \u00e0 l&rsquo;\u00e9l\u00e8ve qui re\u00e7oit des bonnes notes comment on g\u00e8re de l&rsquo;argent public.<\/p>\n<p><strong>Qu&rsquo;est-ce que la r\u00e9forme du mode de scrutin change ?<\/strong>&#13;\n<\/p>\n<p>C&rsquo;est une vraie force et une vraie chance. Marseille ne m\u00e9ritait pas d&rsquo;\u00eatre charcut\u00e9e comme elle l&rsquo;a \u00e9t\u00e9 par Gaston Defferre puis Charles Pasqua. Elle m\u00e9ritait de retrouver une unit\u00e9, \u00e0 laquelle je tiens \u00e9norm\u00e9ment. Ce mode de scrutin va clarifier. Il ne pourra plus y avoir quelqu&rsquo;un d&rsquo;\u00e9lu avec moins de voix qu&rsquo;un autre.<\/p>\n<p><strong>Dans quel secteur municipal allez-vous vous pr\u00e9senter\u00a0?<\/strong>&#13;\n<\/p>\n<p>Lorsqu&rsquo;on est candidat \u00e0 sa propre succession, on n&rsquo;est pas candidat dans un secteur. Je suis candidat pour Marseille. J&rsquo;aiderai les t\u00eates de liste de secteur, qui existent toujours. Mais je serai candidat uniquement sur la liste pour la ville.<\/p>\n<p><strong>Vous \u00e9tiez favorable \u00e0 ce mode de scrutin parce qu&rsquo;il vous arrangeait \u00e9lectoralement\u00a0?<\/strong>&#13;\n<\/p>\n<p>Non, j&rsquo;y ai toujours \u00e9t\u00e9 favorable. Jean-Claude Gaudin a \u00e9t\u00e9 \u00e9lu quatre fois avec l&rsquo;ancien syst\u00e8me. Pourtant, lui aussi \u00e9tait favorable \u00e0 la r\u00e9forme. Elle est de bon sens m\u00eame si elle est mal faite.<\/p>\n<p><strong>\u00c0 l&rsquo;inverse de l&rsquo;\u00e9lan citoyen qui a port\u00e9 le Printemps marseillais en\u00a02020, ce scrutin ne va-t-il pas marquer le grand retour des partis\u00a0?<\/strong>&#13;\n<\/p>\n<p>Ce n&rsquo;est pas une \u00e9lection de partis. Et je le refuse : d\u00e8s que j&rsquo;ai \u00e9t\u00e9 maire, je suis sorti du PS et tant que je serai maire, je ne serai affili\u00e9 \u00e0 aucun parti. Je ne suis pas l\u00e0 pour \u00eatre un troph\u00e9e exhib\u00e9 par un candidat \u00e0 l&rsquo;\u00e9lection pr\u00e9sidentielle. Des femmes et des hommes vont pr\u00e9senter des projets, une vision, une cr\u00e9dibilit\u00e9. On se d\u00e9pouille de nos appartenances, comme on l&rsquo;a fait en 2020, sans se renier. Dans ma majorit\u00e9, les gens votent diff\u00e9remment \u00e0 chaque \u00e9lection. Mais nous ne sommes pas une caserne. Beaucoup de ceux qui vont nous rejoindre n&rsquo;ont jamais \u00e9t\u00e9 encart\u00e9s mais ils apporteront leur mani\u00e8re de voir les choses et de comprendre la ville.<\/p>\n<p><strong>La liste portera toujours le nom du Printemps marseillais\u00a0?<\/strong>&#13;\n<\/p>\n<p>Elle ne s&rsquo;appellera pas Printemps marseillais, mais c&rsquo;est le Printemps qui la pr\u00e9sentera. C&rsquo;est pour Marseille qu&rsquo;il faut faire les choses, pas pour une partie de la ville. C&rsquo;est pour faire que je me suis engag\u00e9. Je n&rsquo;ai pas d&rsquo;ambition politique nationale et je ne r\u00eave de rien d&rsquo;autre que de Marseille. Tout ce que j&rsquo;ai fait, je l&rsquo;ai fait pour Marseille.<\/p>\n","protected":false},"excerpt":{"rendered":"Ses adversaires, partis en campagne bien avant lui, et pour certains il y a d\u00e9j\u00e0 plusieurs mois, attendaient&hellip;\n","protected":false},"author":2,"featured_media":653977,"comment_status":"","ping_status":"","sticky":false,"template":"","format":"standard","meta":{"footnotes":""},"categories":[2814],"tags":[5734,1111,11,1007,16980,426,5949,1777,674,1011,27,757,884,3554,12,19988,882,25],"class_list":{"0":"post-653976","1":"post","2":"type-post","3":"status-publish","4":"format-standard","5":"has-post-thumbnail","7":"category-marseille","8":"tag-5734","9":"tag-actu","10":"tag-actualites","11":"tag-aux","12":"tag-benoit","13":"tag-candidat","14":"tag-elections","15":"tag-eu","16":"tag-europe","17":"tag-fr","18":"tag-france","19":"tag-je","20":"tag-marseille","21":"tag-municipales","22":"tag-news","23":"tag-payan","24":"tag-provence-alpes-cote-dazur","25":"tag-republique-francaise"},"share_on_mastodon":{"url":"https:\/\/pubeurope.com\/@fr\/115870874153555516","error":""},"_links":{"self":[{"href":"https:\/\/www.europesays.com\/fr\/wp-json\/wp\/v2\/posts\/653976","targetHints":{"allow":["GET"]}}],"collection":[{"href":"https:\/\/www.europesays.com\/fr\/wp-json\/wp\/v2\/posts"}],"about":[{"href":"https:\/\/www.europesays.com\/fr\/wp-json\/wp\/v2\/types\/post"}],"author":[{"embeddable":true,"href":"https:\/\/www.europesays.com\/fr\/wp-json\/wp\/v2\/users\/2"}],"replies":[{"embeddable":true,"href":"https:\/\/www.europesays.com\/fr\/wp-json\/wp\/v2\/comments?post=653976"}],"version-history":[{"count":0,"href":"https:\/\/www.europesays.com\/fr\/wp-json\/wp\/v2\/posts\/653976\/revisions"}],"wp:featuredmedia":[{"embeddable":true,"href":"https:\/\/www.europesays.com\/fr\/wp-json\/wp\/v2\/media\/653977"}],"wp:attachment":[{"href":"https:\/\/www.europesays.com\/fr\/wp-json\/wp\/v2\/media?parent=653976"}],"wp:term":[{"taxonomy":"category","embeddable":true,"href":"https:\/\/www.europesays.com\/fr\/wp-json\/wp\/v2\/categories?post=653976"},{"taxonomy":"post_tag","embeddable":true,"href":"https:\/\/www.europesays.com\/fr\/wp-json\/wp\/v2\/tags?post=653976"}],"curies":[{"name":"wp","href":"https:\/\/api.w.org\/{rel}","templated":true}]}}