{"id":653982,"date":"2026-01-10T12:48:13","date_gmt":"2026-01-10T12:48:13","guid":{"rendered":"https:\/\/www.europesays.com\/fr\/653982\/"},"modified":"2026-01-10T12:48:13","modified_gmt":"2026-01-10T12:48:13","slug":"plus-de-4-300-controles-en-deux-jours-345-infractions-relevees","status":"publish","type":"post","link":"https:\/\/www.europesays.com\/fr\/653982\/","title":{"rendered":"plus de 4\u00a0300 contr\u00f4les en deux jours, 345 infractions relev\u00e9es"},"content":{"rendered":"<p>Ces mercredi\u00a07 et jeudi 8\u00a0janvier, la direction interd\u00e9partementale de la police nationale du Rh\u00f4ne a conduit une op\u00e9ration \u00ab\u00a0ville s\u00e9curit\u00e9\u00a0\u00bb dans le quartier de la Part-Dieu, dans le 3 e arrondissement de Lyon. Selon un communiqu\u00e9 de la pr\u00e9fecture du Rh\u00f4ne, 4\u00a0386 personnes ont \u00e9t\u00e9 contr\u00f4l\u00e9es par les forces de l\u2019ordre, en lien avec les contr\u00f4leurs des transports publics.<\/p>\n<p>  C\u2019est quoi, ce dispositif\u00a0?<\/p>\n<p>Cette op\u00e9ration s\u2019inscrit dans le cadre du dispositif \u00ab\u00a0ville s\u00e9curit\u00e9 renforc\u00e9e\u00a0\u00bb. Au total, 268 policiers nationaux et municipaux, ainsi que des agents des TCL, ont \u00e9t\u00e9 mobilis\u00e9s. Des actions similaires ont d\u00e9j\u00e0 \u00e9t\u00e9 men\u00e9es depuis le d\u00e9but de l\u2019ann\u00e9e dans plusieurs secteurs de la m\u00e9tropole, notamment en Presqu\u2019\u00eele, aux Terreaux, \u00e0 la Croix-Rousse, \u00e0 la Guilloti\u00e8re, mais aussi \u00e0 V\u00e9nissieux, Rillieux-la-Pape, Bron, Villeurbanne, Meyzieu, Saint-Fons et Oullins Pierre-B\u00e9nite.<\/p>\n<p>  Neuf interpellations<\/p>\n<p>Le bilan de l\u2019op\u00e9ration men\u00e9e \u00e0 la Part-Dieu fait \u00e9tat de neuf personnes interpell\u00e9es pour divers motifs\u00a0: extorsion de fonds, vol de t\u00e9l\u00e9phone en r\u00e9union, vol de bagages, recel de t\u00e9l\u00e9phone vol\u00e9, exhibition sexuelle ainsi que des faits li\u00e9s \u00e0 des fiches de recherche.<\/p>\n<p>Au total, <a href=\"https:\/\/www.leprogres.fr\/faits-divers-justice\/2025\/12\/20\/operation-de-securisation-a-villeurbanne-plus-de-3-000-personnes-controlees\" target=\"_blank\" rel=\"noopener\">345 infractions<\/a> ont \u00e9t\u00e9 constat\u00e9es et verbalis\u00e9es, parmi lesquelles des faits d\u2019usage et de d\u00e9tention de stup\u00e9fiants, des d\u00e9fauts de titre de transport, des d\u00e9lits routiers ainsi que des mises en fourri\u00e8re. Enfin, 11 \u00e9trangers en situation irr\u00e9guli\u00e8re ont \u00e9t\u00e9 plac\u00e9s \u00e0 disposition de la police aux fronti\u00e8res.<\/p>\n","protected":false},"excerpt":{"rendered":"Ces mercredi\u00a07 et jeudi 8\u00a0janvier, la direction interd\u00e9partementale de la police nationale du Rh\u00f4ne a conduit une op\u00e9ration&hellip;\n","protected":false},"author":2,"featured_media":653983,"comment_status":"","ping_status":"","sticky":false,"template":"","format":"standard","meta":{"footnotes":""},"categories":[1889],"tags":[1111,11,2430,2757,1777,674,274,107,1011,27,2428,2756,12,25,2429],"class_list":{"0":"post-653982","1":"post","2":"type-post","3":"status-publish","4":"format-standard","5":"has-post-thumbnail","7":"category-lyon","8":"tag-actu","9":"tag-actualites","10":"tag-auvergne-rhone-alpes","11":"tag-edition-lyon-villeurbanne","12":"tag-eu","13":"tag-europe","14":"tag-faits-divers-justice","15":"tag-fil-info","16":"tag-fr","17":"tag-france","18":"tag-lyon","19":"tag-lyon-bassin","20":"tag-news","21":"tag-republique-francaise","22":"tag-rhone"},"share_on_mastodon":{"url":"https:\/\/pubeurope.com\/@fr\/115870885734284830","error":""},"_links":{"self":[{"href":"https:\/\/www.europesays.com\/fr\/wp-json\/wp\/v2\/posts\/653982","targetHints":{"allow":["GET"]}}],"collection":[{"href":"https:\/\/www.europesays.com\/fr\/wp-json\/wp\/v2\/posts"}],"about":[{"href":"https:\/\/www.europesays.com\/fr\/wp-json\/wp\/v2\/types\/post"}],"author":[{"embeddable":true,"href":"https:\/\/www.europesays.com\/fr\/wp-json\/wp\/v2\/users\/2"}],"replies":[{"embeddable":true,"href":"https:\/\/www.europesays.com\/fr\/wp-json\/wp\/v2\/comments?post=653982"}],"version-history":[{"count":0,"href":"https:\/\/www.europesays.com\/fr\/wp-json\/wp\/v2\/posts\/653982\/revisions"}],"wp:featuredmedia":[{"embeddable":true,"href":"https:\/\/www.europesays.com\/fr\/wp-json\/wp\/v2\/media\/653983"}],"wp:attachment":[{"href":"https:\/\/www.europesays.com\/fr\/wp-json\/wp\/v2\/media?parent=653982"}],"wp:term":[{"taxonomy":"category","embeddable":true,"href":"https:\/\/www.europesays.com\/fr\/wp-json\/wp\/v2\/categories?post=653982"},{"taxonomy":"post_tag","embeddable":true,"href":"https:\/\/www.europesays.com\/fr\/wp-json\/wp\/v2\/tags?post=653982"}],"curies":[{"name":"wp","href":"https:\/\/api.w.org\/{rel}","templated":true}]}}