{"id":653990,"date":"2026-01-10T12:53:08","date_gmt":"2026-01-10T12:53:08","guid":{"rendered":"https:\/\/www.europesays.com\/fr\/653990\/"},"modified":"2026-01-10T12:53:08","modified_gmt":"2026-01-10T12:53:08","slug":"le-trafic-en-partie-interrompu-toute-la-journee-sur-la-ligne-7bis-du-metro-a-cause-dune-panne","status":"publish","type":"post","link":"https:\/\/www.europesays.com\/fr\/653990\/","title":{"rendered":"le trafic en partie interrompu toute la journ\u00e9e sur la ligne 7bis du m\u00e9tro \u00e0 cause d&rsquo;une panne"},"content":{"rendered":"<p>                    Par<br \/>\n        <strong><br \/>\n            <a href=\"https:\/\/actu.fr\/auteur\/glenn-gillet\" title=\"Consulter tous les articles de Glenn Gillet\" target=\"_blank\" rel=\"noopener\">Glenn Gillet<\/a><br \/>\n                    <\/strong><\/p>\n<p>        Publi\u00e9 le<\/p>\n<p>            10 janv. 2026 \u00e0 10h45        <\/p>\n<p>Plus de m\u00e9tros sur une grosse portion de la ligne 7bis. Le trafic est en partie <strong>interrompu jusqu\u2019\u00e0 la fin de la journ\u00e9e<\/strong> ce samedi 10 janvier 2026 de Place des F\u00eates vers Pr\u00e9-Saint-Gervais sur la deuxi\u00e8me plus petite ligne de la capitale, a indiqu\u00e9 le <a href=\"https:\/\/x.com\/Ligne7_RATP\/status\/2009909154903703815?s=20\">compte X<\/a> de la ligne de la <a href=\"https:\/\/actu.fr\/ile-de-france\/orly_94054\/son-astuce-pour-gruger-la-ratp-en-allant-a-l-aeroport-d-orly-devient-virale-il-lance-une-pique-a-pecresse_63670345.html\" target=\"_blank\" rel=\"noopener\">RATP<\/a>.<\/p>\n<p class=\" wall-content\">\n<p class=\" wall-content\">Cette interruption est li\u00e9e \u00e0 une <strong>panne \u00e9lectrique \u00e0 Place des F\u00eates<\/strong>. Apr\u00e8s le d\u00e9but du blocage sur la ligne vers 6h25 ce matin, l\u2019heure de reprise avait initialement \u00e9t\u00e9 estim\u00e9e \u00e0 7h, mais c\u2019est finalement une fermeture compl\u00e8te de la portion pour toute la journ\u00e9e qui s\u2019est impos\u00e9e \u00e0 la RATP.<\/p>\n<p class=\" wall-content\">Personnalisez votre actualit\u00e9 en ajoutant vos villes et m\u00e9dias en favori avec <a href=\"https:\/\/moncompte.actu.fr\" title=\"D\u00e9couvez Mon Actu\" rel=\"nofollow noopener\" data-trk=\"{&quot;cta&quot;:{&quot;action&quot;:&quot;https:\\\/\\\/moncompte.actu.fr&quot;,&quot;category&quot;:&quot;mon compte&quot;,&quot;from&quot;:&quot;article footer&quot;,&quot;name&quot;:&quot;Mon actu&quot;,&quot;type&quot;:&quot;cta&quot;}}\" target=\"_blank\">Mon Actu<\/a>.<\/p>\n","protected":false},"excerpt":{"rendered":"Par Glenn Gillet Publi\u00e9 le 10 janv. 2026 \u00e0 10h45 Plus de m\u00e9tros sur une grosse portion de&hellip;\n","protected":false},"author":2,"featured_media":653991,"comment_status":"","ping_status":"","sticky":false,"template":"","format":"standard","meta":{"footnotes":""},"categories":[1888],"tags":[11,1777,674,1011,27,10883,12,626,625,25,104,2803],"class_list":{"0":"post-653990","1":"post","2":"type-post","3":"status-publish","4":"format-standard","5":"has-post-thumbnail","7":"category-paris","8":"tag-actualites","9":"tag-eu","10":"tag-europe","11":"tag-fr","12":"tag-france","13":"tag-ile-de-france-mobilites","14":"tag-news","15":"tag-paris","16":"tag-ratp","17":"tag-republique-francaise","18":"tag-societe","19":"tag-transport"},"share_on_mastodon":{"url":"https:\/\/pubeurope.com\/@fr\/115870905460540434","error":""},"_links":{"self":[{"href":"https:\/\/www.europesays.com\/fr\/wp-json\/wp\/v2\/posts\/653990","targetHints":{"allow":["GET"]}}],"collection":[{"href":"https:\/\/www.europesays.com\/fr\/wp-json\/wp\/v2\/posts"}],"about":[{"href":"https:\/\/www.europesays.com\/fr\/wp-json\/wp\/v2\/types\/post"}],"author":[{"embeddable":true,"href":"https:\/\/www.europesays.com\/fr\/wp-json\/wp\/v2\/users\/2"}],"replies":[{"embeddable":true,"href":"https:\/\/www.europesays.com\/fr\/wp-json\/wp\/v2\/comments?post=653990"}],"version-history":[{"count":0,"href":"https:\/\/www.europesays.com\/fr\/wp-json\/wp\/v2\/posts\/653990\/revisions"}],"wp:featuredmedia":[{"embeddable":true,"href":"https:\/\/www.europesays.com\/fr\/wp-json\/wp\/v2\/media\/653991"}],"wp:attachment":[{"href":"https:\/\/www.europesays.com\/fr\/wp-json\/wp\/v2\/media?parent=653990"}],"wp:term":[{"taxonomy":"category","embeddable":true,"href":"https:\/\/www.europesays.com\/fr\/wp-json\/wp\/v2\/categories?post=653990"},{"taxonomy":"post_tag","embeddable":true,"href":"https:\/\/www.europesays.com\/fr\/wp-json\/wp\/v2\/tags?post=653990"}],"curies":[{"name":"wp","href":"https:\/\/api.w.org\/{rel}","templated":true}]}}