{"id":653994,"date":"2026-01-10T12:55:11","date_gmt":"2026-01-10T12:55:11","guid":{"rendered":"https:\/\/www.europesays.com\/fr\/653994\/"},"modified":"2026-01-10T12:55:11","modified_gmt":"2026-01-10T12:55:11","slug":"la-russie-la-chine-et-liran-menent-un-exercice-naval-en-afrique-du-sud","status":"publish","type":"post","link":"https:\/\/www.europesays.com\/fr\/653994\/","title":{"rendered":"La Russie, La Chine Et L&rsquo;Iran M\u00e8nent Un Exercice Naval En Afrique Du Sud"},"content":{"rendered":"<p class=\"\" data-is=\"component-paragraph\">Un navire de guerre russe a rejoint, vendredi, des b\u00e2timents chinois et iraniens dans les eaux sud-africaines pour un exercice naval multinational organis\u00e9 sous l\u2019\u00e9gide des Brics+, une initiative qui risque de raviver les tensions entre Pretoria et Washington.<\/p>\n<p class=\"\" data-is=\"component-paragraph\">Les man\u0153uvres, baptis\u00e9es \u00ab Volont\u00e9 de paix \u00bb, doivent se poursuivre jusqu\u2019au 16 janvier et sont officiellement pr\u00e9sent\u00e9es par l\u2019arm\u00e9e sud-africaine comme des \u00ab actions conjointes visant \u00e0 assurer la s\u00e9curit\u00e9 du transport maritime \u00bb.\u00a0<\/p>\n<p class=\"\" data-is=\"component-paragraph\">Face aux sp\u00e9culations internationales, le minist\u00e8re sud-africain de la D\u00e9fense a tenu \u00e0 d\u00e9samorcer toute lecture g\u00e9opolitique imm\u00e9diate. \u00ab Cela n\u2019a absolument rien \u00e0 voir avec le Venezuela \u00bb, a assur\u00e9 un porte-parole, alors que les \u00c9tats-Unis ont r\u00e9cemment multipli\u00e9 les saisies de navires russes et proc\u00e9d\u00e9 \u00e0 l\u2019arrestation de l\u2019ancien pr\u00e9sident v\u00e9n\u00e9zu\u00e9lien Nicol\u00e1s Maduro. Selon Pretoria, l\u2019exercice \u00e9tait planifi\u00e9 d\u00e8s 2025 et avait \u00e9t\u00e9 repouss\u00e9 en raison du sommet du G20 organis\u00e9 \u00e0 Johannesburg.<\/p>\n<p><img alt=\"Video poster\" class=\"video-poster\" data-is=\"lazy-image\" data-observed-item-id=\"https:\/\/api.i24news.tv\/fr\/brightcove\/6387428504112\/poster\"\/>L&rsquo;\u00e9dito de Christian Malard : \u00ab\u00a0Le r\u00e9gime iranien est vuln\u00e9rable, Trump renouvelle ses menaces\u00a0\u00bb<\/p>\n<p class=\"\" data-is=\"component-paragraph\">Ces man\u0153uvres interviennent toutefois dans un contexte diplomatique d\u00e9licat. Les relations entre l\u2019Afrique du Sud et les \u00c9tats-Unis se sont nettement d\u00e9grad\u00e9es depuis le retour de Donald Trump \u00e0 la Maison-Blanche, ce dernier accusant r\u00e9guli\u00e8rement les Brics+ de mener des politiques \u00ab anti-am\u00e9ricaines \u00bb. Washington avait d\u2019ailleurs boycott\u00e9 le r\u00e9cent sommet du G20 tenu en Afrique du Sud.<\/p>\n<p class=\"\" data-is=\"component-paragraph\">Pour Priyal Singh, chercheur \u00e0 l\u2019Institut d\u2019\u00e9tudes sur la s\u00e9curit\u00e9 de Pretoria, l\u2019image de ces exercices sera probablement exploit\u00e9e \u00e0 Washington \u00ab comme un exemple illustrant pourquoi les relations bilat\u00e9rales avec l\u2019Afrique du Sud devraient \u00eatre r\u00e9\u00e9valu\u00e9es \u00bb.<\/p>\n<p class=\"\" data-is=\"component-paragraph\">Outre la Russie, la Chine et l\u2019Iran, les \u00c9mirats arabes unis doivent \u00e9galement participer, tandis que plusieurs autres pays des Brics+ \u2013 dont le Br\u00e9sil, l\u2019Indon\u00e9sie et l\u2019\u00c9thiopie \u2013 enverront des observateurs. En Afrique du Sud m\u00eame, l\u2019opposition lib\u00e9rale de l\u2019Alliance d\u00e9mocratique a d\u00e9nonc\u00e9 des man\u0153uvres \u00ab contraires \u00e0 la neutralit\u00e9 affich\u00e9e du pays \u00bb et susceptibles de nuire \u00e0 sa r\u00e9putation internationale.<\/p>\n","protected":false},"excerpt":{"rendered":"Un navire de guerre russe a rejoint, vendredi, des b\u00e2timents chinois et iraniens dans les eaux sud-africaines pour&hellip;\n","protected":false},"author":2,"featured_media":653995,"comment_status":"","ping_status":"","sticky":false,"template":"","format":"standard","meta":{"footnotes":""},"categories":[1591],"tags":[11,1887,12,1885,1886,132],"class_list":{"0":"post-653994","1":"post","2":"type-post","3":"status-publish","4":"format-standard","5":"has-post-thumbnail","7":"category-russie","8":"tag-actualites","9":"tag-federation-de-russie","10":"tag-news","11":"tag-russia","12":"tag-russian-federation","13":"tag-russie"},"share_on_mastodon":{"url":"https:\/\/pubeurope.com\/@fr\/115870913302359075","error":""},"_links":{"self":[{"href":"https:\/\/www.europesays.com\/fr\/wp-json\/wp\/v2\/posts\/653994","targetHints":{"allow":["GET"]}}],"collection":[{"href":"https:\/\/www.europesays.com\/fr\/wp-json\/wp\/v2\/posts"}],"about":[{"href":"https:\/\/www.europesays.com\/fr\/wp-json\/wp\/v2\/types\/post"}],"author":[{"embeddable":true,"href":"https:\/\/www.europesays.com\/fr\/wp-json\/wp\/v2\/users\/2"}],"replies":[{"embeddable":true,"href":"https:\/\/www.europesays.com\/fr\/wp-json\/wp\/v2\/comments?post=653994"}],"version-history":[{"count":0,"href":"https:\/\/www.europesays.com\/fr\/wp-json\/wp\/v2\/posts\/653994\/revisions"}],"wp:featuredmedia":[{"embeddable":true,"href":"https:\/\/www.europesays.com\/fr\/wp-json\/wp\/v2\/media\/653995"}],"wp:attachment":[{"href":"https:\/\/www.europesays.com\/fr\/wp-json\/wp\/v2\/media?parent=653994"}],"wp:term":[{"taxonomy":"category","embeddable":true,"href":"https:\/\/www.europesays.com\/fr\/wp-json\/wp\/v2\/categories?post=653994"},{"taxonomy":"post_tag","embeddable":true,"href":"https:\/\/www.europesays.com\/fr\/wp-json\/wp\/v2\/tags?post=653994"}],"curies":[{"name":"wp","href":"https:\/\/api.w.org\/{rel}","templated":true}]}}