{"id":654004,"date":"2026-01-10T13:00:13","date_gmt":"2026-01-10T13:00:13","guid":{"rendered":"https:\/\/www.europesays.com\/fr\/654004\/"},"modified":"2026-01-10T13:00:13","modified_gmt":"2026-01-10T13:00:13","slug":"melanie-hasler-championne-deurope-de-monobob","status":"publish","type":"post","link":"https:\/\/www.europesays.com\/fr\/654004\/","title":{"rendered":"Melanie Hasler championne d&rsquo;Europe de monobob!"},"content":{"rendered":"<p>Melanie Hasler a v\u00e9cu un samedi de r\u00eave \u00e0 Saint-Moritz. L&rsquo;Argovienne de 26 ans est devenue championne d&rsquo;Europe de monobob dans les Grisons, terminant 2e de la course pour d\u00e9crocher dans le m\u00eame temps son premier podium de la saison en Coupe du monde.<\/p>\n<p>Troisi\u00e8me de la premi\u00e8re manche &#8211; et deuxi\u00e8me meilleure Europ\u00e9enne, Melanie Hasler a termin\u00e9 \u00e0 0\u00a0\u00bb53 de la gagnante de l&rsquo;\u00e9preuve, l&rsquo;Australienne Bree Walker. Elle a notamment profit\u00e9 des malheurs de l&rsquo;Allemande Lisa Buckwitz, 2e apr\u00e8s la premi\u00e8re descente, qui a recul\u00e9 au 7e rang final apr\u00e8s une deuxi\u00e8me manche rat\u00e9e.<\/p>\n<p>Le podium continental est compl\u00e9t\u00e9 par l&rsquo;Autrichienne Katrin Beierl, qui se pare d&rsquo;argent gr\u00e2ce \u00e0 sa 3e place, et par l&rsquo;Allemande Laura Nolte, 6e de cette course. Les deux autres Suissesses en lice ont \u00e9chou\u00e9 \u00e0 plus de 0\u00a0\u00bb20 du podium continental: Debora Annen a termin\u00e9 8e et cinqui\u00e8me meilleure Europ\u00e9enne, Inola Blatty 13e.<\/p>\n<p class=\"sources\">ats\/tzing<\/p>\n","protected":false},"excerpt":{"rendered":"Melanie Hasler a v\u00e9cu un samedi de r\u00eave \u00e0 Saint-Moritz. L&rsquo;Argovienne de 26 ans est devenue championne d&rsquo;Europe&hellip;\n","protected":false},"author":2,"featured_media":654005,"comment_status":"","ping_status":"","sticky":false,"template":"","format":"standard","meta":{"footnotes":""},"categories":[1586],"tags":[11,22514,3062,75699,75698,6466,1777,674,1011,27,75700,12,44246,25,75701,517],"class_list":{"0":"post-654004","1":"post","2":"type-post","3":"status-publish","4":"format-standard","5":"has-post-thumbnail","7":"category-europe","8":"tag-actualites","9":"tag-allemands","10":"tag-autres-sports","11":"tag-canton-dargovie","12":"tag-canton-des-grisons","13":"tag-course","14":"tag-eu","15":"tag-europe","16":"tag-fr","17":"tag-france","18":"tag-melanie-hasler","19":"tag-news","20":"tag-podium","21":"tag-republique-francaise","22":"tag-saint-moritz","23":"tag-sport"},"share_on_mastodon":{"url":"https:\/\/pubeurope.com\/@fr\/115870933212365844","error":""},"_links":{"self":[{"href":"https:\/\/www.europesays.com\/fr\/wp-json\/wp\/v2\/posts\/654004","targetHints":{"allow":["GET"]}}],"collection":[{"href":"https:\/\/www.europesays.com\/fr\/wp-json\/wp\/v2\/posts"}],"about":[{"href":"https:\/\/www.europesays.com\/fr\/wp-json\/wp\/v2\/types\/post"}],"author":[{"embeddable":true,"href":"https:\/\/www.europesays.com\/fr\/wp-json\/wp\/v2\/users\/2"}],"replies":[{"embeddable":true,"href":"https:\/\/www.europesays.com\/fr\/wp-json\/wp\/v2\/comments?post=654004"}],"version-history":[{"count":0,"href":"https:\/\/www.europesays.com\/fr\/wp-json\/wp\/v2\/posts\/654004\/revisions"}],"wp:featuredmedia":[{"embeddable":true,"href":"https:\/\/www.europesays.com\/fr\/wp-json\/wp\/v2\/media\/654005"}],"wp:attachment":[{"href":"https:\/\/www.europesays.com\/fr\/wp-json\/wp\/v2\/media?parent=654004"}],"wp:term":[{"taxonomy":"category","embeddable":true,"href":"https:\/\/www.europesays.com\/fr\/wp-json\/wp\/v2\/categories?post=654004"},{"taxonomy":"post_tag","embeddable":true,"href":"https:\/\/www.europesays.com\/fr\/wp-json\/wp\/v2\/tags?post=654004"}],"curies":[{"name":"wp","href":"https:\/\/api.w.org\/{rel}","templated":true}]}}