{"id":654006,"date":"2026-01-10T13:01:11","date_gmt":"2026-01-10T13:01:11","guid":{"rendered":"https:\/\/www.europesays.com\/fr\/654006\/"},"modified":"2026-01-10T13:01:11","modified_gmt":"2026-01-10T13:01:11","slug":"isolement-de-la-france-une-plaie-pour-macron-le-rate-francais-sur-le-mercosur-vu-deurope-lexpress","status":"publish","type":"post","link":"https:\/\/www.europesays.com\/fr\/654006\/","title":{"rendered":"\u00ab\u00a0Isolement de la France\u00a0\u00bb, \u00ab\u00a0une plaie pour Macron\u00a0\u00bb&#8230; Le rat\u00e9 fran\u00e7ais sur le Mercosur vu d&rsquo;Europe \u2013 L&rsquo;Express"},"content":{"rendered":"<p class=\"paragraph article-body-paragraph article__item   article-body-paragraph--first \">Vingt-cinq ans de n\u00e9gociations pour l&rsquo;adopter. Les \u00c9tats membres de l&rsquo;Union europ\u00e9enne (UE) ont approuv\u00e9 vendredi 9 janvier la <a href=\"https:\/\/www.lexpress.fr\/economie\/mercosur-laccord-approuve-par-une-majorite-de-pays-de-lue-malgre-lopposition-francaise-FD6K6QYAUFDKTN75SKTKVY2EOU\/\" target=\"_self\" rel=\"noopener\" title=\"https:\/\/www.lexpress.fr\/economie\/mercosur-laccord-approuve-par-une-majorite-de-pays-de-lue-malgre-lopposition-francaise-FD6K6QYAUFDKTN75SKTKVY2EOU\/\">signature de l&rsquo;accord de libre-\u00e9change<\/a> avec le bloc sud-am\u00e9ricain Mercosur malgr\u00e9 l&rsquo;opposition de plusieurs pays, <a href=\"https:\/\/www.lexpress.fr\/monde\/mercosur-pourquoi-le-non-de-la-france-nempechera-pas-le-vote-du-texte-SOYVLCKK6FFLJM4MY6FA3AEGV4\/\" target=\"_self\" rel=\"noopener\" title=\"https:\/\/www.lexpress.fr\/monde\/mercosur-pourquoi-le-non-de-la-france-nempechera-pas-le-vote-du-texte-SOYVLCKK6FFLJM4MY6FA3AEGV4\/\">dont la France<\/a>. Les ambassadeurs des Vingt-Sept r\u00e9unis \u00e0 Bruxelles ont donn\u00e9 leur feu vert \u00e0 cette signature, d\u00e9cision confirm\u00e9e par la suite par les pays de l&rsquo;UE.<\/p>\n<p class=\"paragraph article-body-paragraph article__item   \">Ces autorisations ouvrent la voie \u00e0 la signature de l&rsquo;accord par la pr\u00e9sidente de la Commission europ\u00e9enne, Ursula von\u00a0der\u00a0Leyen, avec le March\u00e9 commun du Sud, qui regroupe l&rsquo;Argentine, la Bolivie, le Br\u00e9sil et le Paraguay, \u00e0 Asuncion. La c\u00e9r\u00e9monie de <a href=\"https:\/\/www.lexpress.fr\/economie\/mercosur-en-cas-dechec-beaucoup-estimeront-que-lue-nest-pas-un-partenaire-fiable-SK7X77BL2RH2HMNIKTAH7IYNPM\/\" target=\"_self\" rel=\"noopener\" title=\"https:\/\/www.lexpress.fr\/economie\/mercosur-en-cas-dechec-beaucoup-estimeront-que-lue-nest-pas-un-partenaire-fiable-SK7X77BL2RH2HMNIKTAH7IYNPM\/\">signature de cet accord<\/a>, le plus important sign\u00e9 par l&rsquo;UE en mati\u00e8re d&rsquo;all\u00e8gement douanier puisqu&rsquo;il supprimerait quatre milliards d&rsquo;euros de surtaxes sur les exportations, aura lieu ce 17 janvier.<\/p>\n<p>L&rsquo;Italie longtemps h\u00e9sitante<\/p>\n<p class=\"paragraph article-body-paragraph article__item   \">L&rsquo;accord a \u00e9t\u00e9 arrach\u00e9 par la Commission europ\u00e9enne, notamment gr\u00e2ce au soutien de l&rsquo;Italie, <a href=\"https:\/\/www.lexpress.fr\/monde\/europe\/accord-ue-mercosur-rome-paris-laxe-qui-fait-trembler-la-commission-europeenne-YWDLM2HYBFFY5IVXWTE25UKVJM\/\" target=\"_self\" rel=\"noopener\" title=\"https:\/\/www.lexpress.fr\/monde\/europe\/accord-ue-mercosur-rome-paris-laxe-qui-fait-trembler-la-commission-europeenne-YWDLM2HYBFFY5IVXWTE25UKVJM\/\">rest\u00e9 longtemps incertain<\/a>, qui a fini par c\u00e9der apr\u00e8s la promesse faite par Ursula von\u00a0der\u00a0Leyen d&rsquo;une avance sur 45 milliards d&rsquo;euros d&rsquo;aides de la politique agricole commune (PAC) d\u00e9bloqu\u00e9e en 2028 &#8211; plus t\u00f4t que pr\u00e9vu. \u00ab\u00a0Un geste particuli\u00e8rement destin\u00e9 \u00e0 l&rsquo;Italie, qui mena\u00e7ait de faire pencher la balance contre le Mercosur et qui est d\u00e9sormais convaincue\u00a0\u00bb, indique le quotidien suisse <a href=\"https:\/\/www.letemps.ch\/monde\/europe\/les-cinq-leviers-de-la-france-pour-calmer-ses-agriculteurs-malgre-l-adoption-humiliante-du-mercosur-par-l-ue\" target=\"_self\" rel=\"noopener\" title=\"https:\/\/www.letemps.ch\/monde\/europe\/les-cinq-leviers-de-la-france-pour-calmer-ses-agriculteurs-malgre-l-adoption-humiliante-du-mercosur-par-l-ue\">Le Temps<\/a>. Emmanuel Macron a \u00e9galement salu\u00e9 cette annonce, sans pour autant se laisser convaincre de pencher en faveur du \u00ab\u00a0oui\u00a0\u00bb.<\/p>\n<p><strong class=\"article-body-link-list__item text-gray-800 article-body-link-list__item--one-item\">LIRE AUSSI : <a class=\"article-body-link-list__item-link\" href=\"https:\/\/www.lexpress.fr\/economie\/politique-economique\/agathe-demarais-le-mercosur-est-un-bouc-emissaire-facile-pour-occulter-les-vrais-problemes-de-AIIMGLL765GLZDNBTJ3BENRKTU\/\" target=\"_blank\" rel=\"noopener\">Agathe Demarais : \u00ab\u00a0Le Mercosur est un bouc \u00e9missaire facile pour occulter les vrais probl\u00e8mes de l\u2019agriculture fran\u00e7aise\u00a0\u00bb<\/a><\/strong><\/p>\n<p class=\"paragraph article-body-paragraph article__item   \">Priv\u00e9e du soutien de l&rsquo;Italie, la France n&rsquo;\u00e9tait plus en mesure de bloquer l&rsquo;approbation du texte. Bien que la Pologne, la Hongrie, l&rsquo;Irlande et l&rsquo;Autriche aient \u00e9galement vot\u00e9 contre, les opposants au Mercosur n&rsquo;arrivaient plus \u00e0 atteindre le seuil de la minorit\u00e9 de blocage qui n\u00e9cessite de repr\u00e9senter au moins 35\u00a0% de la population europ\u00e9enne. Au moins 15 pays repr\u00e9sentant 65\u00a0% de la population totale du bloc europ\u00e9en ont vot\u00e9 pour.<\/p>\n<p>Un moment qui \u00ab\u00a0restera \u00e0 jamais une plaie pour Emmanuel Macron\u00a0\u00bb<\/p>\n<p class=\"paragraph article-body-paragraph article__item   \">Pour Le Temps et bien d&rsquo;autres, l&rsquo;opposition publique du pr\u00e9sident fran\u00e7ais sur le sujet \u00ab\u00a0isole la France\u00a0\u00bb. \u00ab\u00a0Les diplomates fran\u00e7ais se plaignent que (la pr\u00e9sidente italienne du Conseil des ministres, NDLR) Giorgia Meloni revendique le succ\u00e8s comme le sien, car ils auraient \u00e9t\u00e9 ceux qui auraient travaill\u00e9 avec la Commission pour des mesures en faveur de l&rsquo;agriculture\u00a0\u00bb, indique <a href=\"https:\/\/www.ilfoglio.it\/esteri\/2026\/01\/09\/news\/contro-le-sue-convinzioni-macron-e-costretto-a-essere-in-minoranza-sul-mercosur-8512009\/\" target=\"_self\" rel=\"noopener\" title=\"https:\/\/www.ilfoglio.it\/esteri\/2026\/01\/09\/news\/contro-le-sue-convinzioni-macron-e-costretto-a-essere-in-minoranza-sul-mercosur-8512009\/\">Il Foglio<\/a>. Selon le quotidien italien milanais, qui a interrog\u00e9 \u00ab\u00a0plusieurs sources\u00a0\u00bb, Emmanuel Macron s&rsquo;\u00e9tait pourtant \u00ab\u00a0convaincu qu&rsquo;il n&rsquo;y avait plus de raison de s&rsquo;opposer au Mercosur\u00a0\u00bb, conscient \u00ab\u00a0\u00e0 quel point la signature sur le Mercosur est importante \u00e9conomiquement et g\u00e9opolitiquement pour une UE qui a besoin d&rsquo;une strat\u00e9gie de diversification devant Donald Trump\u00a0\u00bb. Mais confront\u00e9 \u00e0 la <a href=\"https:\/\/www.lexpress.fr\/idees-et-debats\/colere-agricole-les-eleveurs-ont-ils-vraiment-de-laffection-pour-leurs-vaches-par-gerald-bronner-72324WUTBNC2TOUIV2BG242YME\/\" target=\"_self\" rel=\"noopener\" title=\"https:\/\/www.lexpress.fr\/idees-et-debats\/colere-agricole-les-eleveurs-ont-ils-vraiment-de-laffection-pour-leurs-vaches-par-gerald-bronner-72324WUTBNC2TOUIV2BG242YME\/\">col\u00e8re de ses agriculteurs<\/a> \u00ab\u00a0qui b\u00e9n\u00e9ficient d&rsquo;un fort soutien dans la population\u00a0\u00bb, selon le quotidien allemand Tageszeitung, Emmanuel Macron \u00e9tait \u00ab\u00a0contraint de voter &lsquo;non&rsquo; contre ses convictions, d&rsquo;accepter d&rsquo;\u00eatre mis en minorit\u00e9 dans l&rsquo;UE et de subir des critiques en France pour son isolement et sa d\u00e9faite\u00a0\u00bb, estime Il Foglio. \u00ab\u00a0L&rsquo;alternative \u00e9tait de voter &lsquo;oui&rsquo;, d&rsquo;enflammer la protestation agricole, de provoquer la chute du gouvernement Lecornu et d&rsquo;\u00eatre accus\u00e9 de trahir la France\u00a0\u00bb, ajoute le quotidien milanais.<\/p>\n<p><strong class=\"article-body-link-list__item text-gray-800 article-body-link-list__item--one-item\">LIRE AUSSI : <a class=\"article-body-link-list__item-link\" href=\"https:\/\/www.lexpress.fr\/economie\/politique-economique\/ue-mercosur-laccord-qui-enflamme-les-campagnes-francaises-manipulations-bras-de-fer-et-menaces-7HBORL637ZGPXBW6EM3FST5BZI\/\" target=\"_blank\" rel=\"noopener\">UE-Mercosur, l\u2019accord qui enflamme les campagnes fran\u00e7aises : manipulations, bras de fer et menaces<\/a><\/strong><\/p>\n<p class=\"paragraph article-body-paragraph article__item   \">\u00ab\u00a0Face \u00e0 l&rsquo;impopularit\u00e9 profonde de l&rsquo;accord en France, <a href=\"https:\/\/www.lexpress.fr\/politique\/emmanuel-macron-prepare-t-il-une-dissolution-lhistoire-du-president-et-du-pistolet-a-eau-7UDP2HOIOZDNJHAYUKHNH3LPK4\/\" target=\"_self\" rel=\"noopener\" title=\"https:\/\/www.lexpress.fr\/politique\/emmanuel-macron-prepare-t-il-une-dissolution-lhistoire-du-president-et-du-pistolet-a-eau-7UDP2HOIOZDNJHAYUKHNH3LPK4\/\">Emmanuel Macron<\/a> se retrouve dans la position d\u00e9licate de devoir s&rsquo;y opposer tout en d\u00e9fendant les concessions obtenues\u00a0\u00bb, estime \u00e9galement <a href=\"https:\/\/www.politico.eu\/article\/france-failure-to-stop-mercosur-will-sting-emmanuel-macron-for-the-rest-of-his-presidency\/\" target=\"_self\" rel=\"noopener\" title=\"https:\/\/www.politico.eu\/article\/france-failure-to-stop-mercosur-will-sting-emmanuel-macron-for-the-rest-of-his-presidency\/\">Politico Europe<\/a>. \u00ab\u00a0L&rsquo;incapacit\u00e9 de la France \u00e0 stopper le Mercosur restera \u00e0 jamais une plaie pour Emmanuel Macron\u00a0\u00bb, juge ce m\u00e9dia. \u00ab\u00a0L&rsquo;\u00e9chec du pr\u00e9sident fran\u00e7ais, fervent europhile, \u00e0 emp\u00eacher la conclusion de l&rsquo;accord est un constat humiliant du d\u00e9clin de l&rsquo;influence de Paris au sein de l&rsquo;UE, o\u00f9 la France a longtemps \u00e9t\u00e9 r\u00e9put\u00e9e pour son exceptionnalisme et son droit de veto.\u00a0\u00bb En outre, analyse Politico, \u00ab\u00a0l&rsquo;incapacit\u00e9 de la France \u00e0 bloquer l&rsquo;accord commercial UE-Mercosur vendredi permet aux partis d&rsquo;opposition d&rsquo;enfoncer le clou face \u00e0 un Emmanuel Macron d\u00e9j\u00e0 fragilis\u00e9 pour le reste de son mandat\u00a0\u00bb.<\/p>\n<p>Un vote crucial du Parlement europ\u00e9en<\/p>\n<p class=\"paragraph article-body-paragraph article__item   \">Le Parlement europ\u00e9en devra toutefois se prononcer \u00e0 majorit\u00e9 simple sur l&rsquo;accord avec le Mercosur avant qu&rsquo;il n&rsquo;entre en vigueur. Le soutien du Parlement sur les questions de libre-\u00e9change \u00ab\u00a0ne sera pas chose ais\u00e9e\u00a0\u00bb, rappelle <a href=\"https:\/\/elpais.com\/opinion\/2026-01-10\/mercosur-contra-donroe.html\" target=\"_self\" rel=\"noopener\" title=\"https:\/\/elpais.com\/opinion\/2026-01-10\/mercosur-contra-donroe.html\">El Pais<\/a>. \u00ab\u00a0Cela pourrait m\u00eame d\u00e9clencher une nouvelle motion de censure contre le gouvernement d&rsquo;Ursula von\u00a0der\u00a0Leyen, cette fois-ci de la part du groupe d&rsquo;extr\u00eame droite Patriots\u00a0\u00bb, rel\u00e8ve le quotidien espagnol.<\/p>\n<p><strong class=\"article-body-link-list__item text-gray-800 article-body-link-list__item--one-item\">LIRE AUSSI : <a class=\"article-body-link-list__item-link\" href=\"https:\/\/www.lexpress.fr\/idees-et-debats\/mercosur-ces-fantasmes-francais-qui-font-le-jeu-de-donald-trump-WVS6F5RAQJCJRFQ6GLN2FMGEKY\/\" target=\"_blank\" rel=\"noopener\">Mercosur : ces fantasmes fran\u00e7ais qui font le jeu de Donald Trump<\/a><\/strong><\/p>\n<p class=\"paragraph article-body-paragraph article__item    article__text__endpicto\">\u00ab\u00a0Le scrutin pourrait \u00eatre tr\u00e8s serr\u00e9 : dans l\u2019assembl\u00e9e, les consid\u00e9rations id\u00e9ologiques se superposent aux sensibilit\u00e9s nationales\u00a0\u00bb, indique \u00e9galement <a href=\"https:\/\/www.lesoir.be\/721427\/article\/2026-01-09\/leurope-passe-outre-lopposition-de-la-france-et-approuve-le-mercosur\" target=\"_self\" rel=\"noopener\" title=\"https:\/\/www.lesoir.be\/721427\/article\/2026-01-09\/leurope-passe-outre-lopposition-de-la-france-et-approuve-le-mercosur\">Le Soir<\/a>, pr\u00e9cisant qu&rsquo;une \u00ab\u00a0fronde monte d\u00e9j\u00e0\u00a0\u00bb. Ainsi, quelque 150 d\u00e9put\u00e9s europ\u00e9ens issus de plusieurs groupes politiques, soit un cinqui\u00e8me du Parlement, appellent d\u00e9j\u00e0 l&rsquo;assembl\u00e9e \u00e0 saisir la Cour de justice de l&rsquo;Union europ\u00e9enne (CJUE), constate le quotidien belge. \u00ab\u00a0Si cette r\u00e9solution devait \u00eatre vot\u00e9e et la Cour saisie, cela suspendrait la ratification par les eurod\u00e9put\u00e9s\u00a0\u00bb, selon le quotidien belge. \u00ab\u00a0L&rsquo;\u00e9tape de la signature de l&rsquo;accord ne constitue pas la fin de l&rsquo;histoire\u00a0\u00bb, affirmait laconiquement jeudi Emmanuel Macron par le biais d&rsquo;un communiqu\u00e9 de l&rsquo;Elys\u00e9e.<\/p>\n","protected":false},"excerpt":{"rendered":"Vingt-cinq ans de n\u00e9gociations pour l&rsquo;adopter. Les \u00c9tats membres de l&rsquo;Union europ\u00e9enne (UE) ont approuv\u00e9 vendredi 9 janvier&hellip;\n","protected":false},"author":2,"featured_media":654007,"comment_status":"","ping_status":"","sticky":false,"template":"","format":"standard","meta":{"footnotes":""},"categories":[1586],"tags":[11,1777,674,1779,1011,27,74,12,25,1778,364],"class_list":{"0":"post-654006","1":"post","2":"type-post","3":"status-publish","4":"format-standard","5":"has-post-thumbnail","7":"category-europe","8":"tag-actualites","9":"tag-eu","10":"tag-europe","11":"tag-european-union","12":"tag-fr","13":"tag-france","14":"tag-monde","15":"tag-news","16":"tag-republique-francaise","17":"tag-ue","18":"tag-union-europeenne"},"share_on_mastodon":{"url":"https:\/\/pubeurope.com\/@fr\/115870936800140736","error":""},"_links":{"self":[{"href":"https:\/\/www.europesays.com\/fr\/wp-json\/wp\/v2\/posts\/654006","targetHints":{"allow":["GET"]}}],"collection":[{"href":"https:\/\/www.europesays.com\/fr\/wp-json\/wp\/v2\/posts"}],"about":[{"href":"https:\/\/www.europesays.com\/fr\/wp-json\/wp\/v2\/types\/post"}],"author":[{"embeddable":true,"href":"https:\/\/www.europesays.com\/fr\/wp-json\/wp\/v2\/users\/2"}],"replies":[{"embeddable":true,"href":"https:\/\/www.europesays.com\/fr\/wp-json\/wp\/v2\/comments?post=654006"}],"version-history":[{"count":0,"href":"https:\/\/www.europesays.com\/fr\/wp-json\/wp\/v2\/posts\/654006\/revisions"}],"wp:featuredmedia":[{"embeddable":true,"href":"https:\/\/www.europesays.com\/fr\/wp-json\/wp\/v2\/media\/654007"}],"wp:attachment":[{"href":"https:\/\/www.europesays.com\/fr\/wp-json\/wp\/v2\/media?parent=654006"}],"wp:term":[{"taxonomy":"category","embeddable":true,"href":"https:\/\/www.europesays.com\/fr\/wp-json\/wp\/v2\/categories?post=654006"},{"taxonomy":"post_tag","embeddable":true,"href":"https:\/\/www.europesays.com\/fr\/wp-json\/wp\/v2\/tags?post=654006"}],"curies":[{"name":"wp","href":"https:\/\/api.w.org\/{rel}","templated":true}]}}