{"id":654016,"date":"2026-01-10T13:08:11","date_gmt":"2026-01-10T13:08:11","guid":{"rendered":"https:\/\/www.europesays.com\/fr\/654016\/"},"modified":"2026-01-10T13:08:11","modified_gmt":"2026-01-10T13:08:11","slug":"en-demonstration-aryna-sabalenka-accede-a-sa-troisieme-finale-de-suite-au-tournoi-de-brisbane-lequipe","status":"publish","type":"post","link":"https:\/\/www.europesays.com\/fr\/654016\/","title":{"rendered":"En d\u00e9monstration, Aryna Sabalenka acc\u00e8de \u00e0 sa troisi\u00e8me finale de suite au tournoi de Brisbane &#8211; L&#039;\u00c9quipe"},"content":{"rendered":"<ol>\n<li><a href=\"https:\/\/news.google.com\/rss\/articles\/CBMikAFBVV95cUxQNGRSVGdEd092TlBfQktQT3RqXzRDOHIxNDgtd28yeFZqVW0zb0JHOXZlcnBja2lINktpVVZYY1ZySHFpWU5jTmZFbVpYdEE5REk5c1pzZWwwSlVncXgzRDA0WWF3QlE1QzJVMFlPQlJaLVd3Q29LQ1JfbE1yTlN6YnNnNEo5Q0dSLWtmSTlYWVI?oc=5\" target=\"_blank\" rel=\"noopener\">En d\u00e9monstration, Aryna Sabalenka acc\u00e8de \u00e0 sa troisi\u00e8me finale de suite au tournoi de Brisbane<\/a>&nbsp;&nbsp;L&rsquo;\u00c9quipe<\/li>\n<li><a href=\"https:\/\/news.google.com\/rss\/articles\/CBMi3AFBVV95cUxPUVp3QzdjQThoMU1Pdk5PX0RFS052eGtaTzh3OUpoeHVZbTdwaUoyYTZodktEWk9CWUdyTlZBWnVGMGhDMVFJdmF1YWNFOEI1MEF3cnFkYzJzM3JRMFJackpTMFROX3pMc0JleElmeDl3NzlGT095YkM4ZWRHWWJuYUwyRGg1SzhaZFB0SWZ4amF4OEZ6NkFFbV94dENva2Z4ZnZ4ajRfckJTaERMTXVQcW1UMGtEeU9QMWphLUUtcnJQTjQ3bVQ1N1B5WkRrNFJDOEJERDlUeUdCTlZ2?oc=5\" target=\"_blank\" rel=\"noopener\">Aryna Sabalenka jouera contre Marta Kostyuk sa troisi\u00e8me finale \u00e0 Brisbane<\/a>&nbsp;&nbsp;Eurosport<\/li>\n<li><a href=\"https:\/\/news.google.com\/rss\/articles\/CBMiyAFBVV95cUxPdW1PelgwQXdkbTZCQVFyZ3A5LXdjMXpVN0cyQ0E2bEdMR0drWVY0dlBwT3A3UzB1Vi16OE9FNlQ5Q0dWa01xYkQ3LWs2bi03LWdUdUFPVGZ5VFRsU2F1MWJFNWhGc1R2TnhZcWZyRGhyelk2OHVMTG1DWlRXYkcxOVRoSHgwMDdza1pVSGlMbUxwa0RtOXE2V0U2UlNIU25WdGV2Q2hwNGozXzZHc1dHeUNPNGY1UDlnMVVlbzBGSFlZczdRYXY1RNIBxwFBVV95cUxOMnFMRHhJX3BzT1l5V2piTG5TeS1JdDVxV2paVHU1OG83dUFVM082OHB5VFROOWt6QVMxN2RXc0t3ZnZUcVZHbEhMcFo0S0JYRjlvWVA4bF9SNVpURHJUQmpIcUt5bUFzMTJWenFnZmxteTRvM1Q5Q2EwVVR0LWhTMmhyVVhZQzY2ZjVSU1Y4ZDVZOFk5b3NuMVFSellKb1pocHMxeFl0eS1wMU1wTmI2RFlHWHozcVhxbDJfQk9Dc0VJS2NoblBN?oc=5\" target=\"_blank\" rel=\"noopener\">WTA &#8211; Brisbane : Sabalenka impressionne, Rybakina et Andreeva au tapis : Sports &#8211; Orange<\/a>&nbsp;&nbsp;Sports &#8211; Orange<\/li>\n<li><a href=\"https:\/\/news.google.com\/rss\/articles\/CBMiswFBVV95cUxNX3FXSFZXSjhEd1Q4VUtXZzJsbXRVX2w5WjFWemZxWjQ1RmF2eGlIUjNicmJNTFNGVlpZeXU3YWwzdnZES1pxWWRxb210NlVEUkNEM1ZseGlZdEdncTBJMTdPUnR4c1ZZbjkxcHphckYyZEprRnBpUGR1NmE2UWxveXJJTjZrcWV4VU5EZHBYVUxMdm5OTWl0TDEyYlJQWEV5NDVIa0hNMkgwbkFKbVRqeUtfMA?oc=5\" target=\"_blank\" rel=\"noopener\">Tennis : en habitu\u00e9e, Sabalenka jouera une nouvelle finale \u00e0 Brisbane<\/a>&nbsp;&nbsp;Le Figaro<\/li>\n<li><a href=\"https:\/\/news.google.com\/rss\/articles\/CBMigAFBVV95cUxQVFpOb2J5UzJjTzFrdmxia2VhUm9SRGVtbmdUd1h4Vl82dVM5VnNZX2ktZkRUd3FxaHRWU2lUZWdlWGFLZF90U2hPcmtKM0w3endoOHVIWEJwMUpMYmhhTTNnU0FhVFh0ZktRemgza3hzQTdiUi0yTnRXdVVCb3VyOA?oc=5\" target=\"_blank\" rel=\"noopener\">Brisbane: Sabalenka inarr\u00eatable<\/a>&nbsp;&nbsp;Sports.fr<\/li>\n<\/ol>\n","protected":false},"excerpt":{"rendered":"En d\u00e9monstration, Aryna Sabalenka acc\u00e8de \u00e0 sa troisi\u00e8me finale de suite au tournoi de Brisbane&nbsp;&nbsp;L&rsquo;\u00c9quipe Aryna Sabalenka jouera&hellip;\n","protected":false},"author":2,"featured_media":654017,"comment_status":"","ping_status":"","sticky":false,"template":"","format":"standard","meta":{"footnotes":""},"categories":[1415],"tags":[1011,27,60,1467],"class_list":{"0":"post-654016","1":"post","2":"type-post","3":"status-publish","4":"format-standard","5":"has-post-thumbnail","7":"category-tennis","8":"tag-fr","9":"tag-france","10":"tag-sports","11":"tag-tennis"},"share_on_mastodon":{"url":"https:\/\/pubeurope.com\/@fr\/115870964283606099","error":""},"_links":{"self":[{"href":"https:\/\/www.europesays.com\/fr\/wp-json\/wp\/v2\/posts\/654016","targetHints":{"allow":["GET"]}}],"collection":[{"href":"https:\/\/www.europesays.com\/fr\/wp-json\/wp\/v2\/posts"}],"about":[{"href":"https:\/\/www.europesays.com\/fr\/wp-json\/wp\/v2\/types\/post"}],"author":[{"embeddable":true,"href":"https:\/\/www.europesays.com\/fr\/wp-json\/wp\/v2\/users\/2"}],"replies":[{"embeddable":true,"href":"https:\/\/www.europesays.com\/fr\/wp-json\/wp\/v2\/comments?post=654016"}],"version-history":[{"count":0,"href":"https:\/\/www.europesays.com\/fr\/wp-json\/wp\/v2\/posts\/654016\/revisions"}],"wp:featuredmedia":[{"embeddable":true,"href":"https:\/\/www.europesays.com\/fr\/wp-json\/wp\/v2\/media\/654017"}],"wp:attachment":[{"href":"https:\/\/www.europesays.com\/fr\/wp-json\/wp\/v2\/media?parent=654016"}],"wp:term":[{"taxonomy":"category","embeddable":true,"href":"https:\/\/www.europesays.com\/fr\/wp-json\/wp\/v2\/categories?post=654016"},{"taxonomy":"post_tag","embeddable":true,"href":"https:\/\/www.europesays.com\/fr\/wp-json\/wp\/v2\/tags?post=654016"}],"curies":[{"name":"wp","href":"https:\/\/api.w.org\/{rel}","templated":true}]}}