{"id":654018,"date":"2026-01-10T13:12:10","date_gmt":"2026-01-10T13:12:10","guid":{"rendered":"https:\/\/www.europesays.com\/fr\/654018\/"},"modified":"2026-01-10T13:12:10","modified_gmt":"2026-01-10T13:12:10","slug":"direct-la-bretagne-au-pied-du-podium-sur-le-relais-suivez-les-championnats-de-france-de-cyclo-cross-a-troyes-le-telegramme","status":"publish","type":"post","link":"https:\/\/www.europesays.com\/fr\/654018\/","title":{"rendered":"DIRECT &#8211; La Bretagne au pied du podium sur le relais, suivez les championnats de France de cyclo-cross \u00e0 Troyes &#8211; Le T\u00e9l\u00e9gramme"},"content":{"rendered":"<ol>\n<li><a href=\"https:\/\/news.google.com\/rss\/articles\/CBMi5wFBVV95cUxQUW1hNGtaMjRDU3lWTWVoMlcyb0h1RWloRmtPTmQwQWxrLVI3TlctOVpJblNFVXVDY0tzbkoxbmt2bEozdFpXd0M4LTVUanBVSlR4T1JYT25hUkNtRjZyWlREX1pFbl9rd0dnWlhlc056M3FZLXhwM2pWRmY1X2U4ZGgzaVpBV2xrU3FaZHQwcTRfNF83N1poMjl6NTN1enBaYW95SE15SERySnhzSEhiYk9JcWUtY0xZYlBDYmg1R3Y1Mk1qaHZGZEJoS1QwZXczbVNHeDJPaEZRbGl4dXB2Tzd3OEEyVHc?oc=5\" target=\"_blank\" rel=\"noopener\">DIRECT &#8211; La Bretagne au pied du podium sur le relais, suivez les championnats de France de cyclo-cross \u00e0 Troyes<\/a>&nbsp;&nbsp;Le T\u00e9l\u00e9gramme<\/li>\n<li><a href=\"https:\/\/news.google.com\/rss\/articles\/CBMiqAFBVV95cUxObHZUbzd3NnZ5Tjg0OUJzc1BiZDJvUTl1MDRtQlVsZFRDRWZpMFhRNEYyU0dLZWxMWnc3d1FqbExMbVBueWhsMjFGcFMxeS05ZWloRVdaRGVGNDJlWk5EVmg0RjNXNExKU0ZLZzVEVzFNRjluUWEzbXRldGZUQW1JQU43YUFMbDRxekVRdmhLYkpUZ1JVblhCYVFsRE84bHE2OVAyV0NfYXI?oc=5\" target=\"_blank\" rel=\"noopener\">De retour \u00e0 42 ans, Steve Chainel renoue avec le Championnat de France de cyclo-cross<\/a>&nbsp;&nbsp;DirectVelo<\/li>\n<li><a href=\"https:\/\/news.google.com\/rss\/articles\/CBMiqAJBVV95cUxPNk9YYkUwTElmTGY4Z0FCNXhFSGhoUTdCd3lEUU9rQWlFUm5lYXluRXBiWWloNDdYb1RIbmdiZTVqdXZMYlpGeFB6TXF6YkhQRXEyN3pfVW45OUhkMy1WQWNvYUZfZzV6NWRWQ3cyNEg5UkJJVG1rNzF6M3ZtRFJQd0Y5TWxZTmNjdFhJdTJ0eFFQaTM1cWFNazlsQmdCZ1RTTkZvN2ZWemdYb1dXaEFiTmZzMkhHem8xRTlSamEzcHhpc3daWkVjTVE0YjhFcTNoZnJRMWtqSmd3bGFDeGZDeU5XM3lhMXFCYTh5UmZuRkRjQWwxdHhIdk9jNTB5Qy0yZEptU2dNT3pmX09jX1p5Mk9JMmJLM1AzTUM5UkVmYm5jUW8yNEo0SA?oc=5\" target=\"_blank\" rel=\"noopener\">Longtemps bless\u00e9 mais gros bosseur : que peut esp\u00e9rer ce jeune Sarthois au championnat de France de cyclo-cross ?<\/a>&nbsp;&nbsp;Ouest-France<\/li>\n<li><a href=\"https:\/\/news.google.com\/rss\/articles\/CBMi3AFBVV95cUxNWFBEYWc1R1JHOFFjd0VQU3Y2RWRsdHBlb1V3MzI5cHJRZWZpWDFTQk1MTXcyal9aRWxsanRPdnlHeHVDdjNuM2J6bW1salBDRWhlWmF5b3ZYWnZMSDVuY19YWEw0eGx2Q3RoN2RPN0ZCVGJVLTB4R0M0ZENCTC1TZDFEaDBrRUNKSHdkUnBsN1lGY0JXSVYwYjNqdkUxTXFXamltYzc2Z3lkZnRlbDJGRWlxeW1xNDlUZU9HSU9EWnNIa2J3UXBLVnhyR1NqUWl5OE5rYl9vV0k4TldF?oc=5\" target=\"_blank\" rel=\"noopener\">C\u00e9lia Gery, Soren Bruy\u00e8re-Joumard et Lise Revol battus lors du relais des comit\u00e9s, la Bourgogne sacr\u00e9e<\/a>&nbsp;&nbsp;Le Dauphin\u00e9 Lib\u00e9r\u00e9<\/li>\n<li><a href=\"https:\/\/news.google.com\/rss\/articles\/CBMihgFBVV95cUxOX1c5bUhlUmF6TU50Um1MbWpTeE1Tb2xENXlJRk1ZbjBXSTRwUW5kUDZPUEFYSTlPN3BrWkh5YzZiOGx5MnhpY2JjOUdSc24yZ2JhU0pxRHY4NHFqMWFfUzJPVTVBeGVBNHFXbjBVN3I5VXZWOUdYTmtXSEpEZUx2ei1wc3hEZw?oc=5\" target=\"_blank\" rel=\"noopener\">Cyclo-cross &#8211; Championnats de France. Valentin Remondet a un coup \u00e0 jouer<\/a>&nbsp;&nbsp;Le Bien Public<\/li>\n<\/ol>\n","protected":false},"excerpt":{"rendered":"DIRECT &#8211; La Bretagne au pied du podium sur le relais, suivez les championnats de France de cyclo-cross&hellip;\n","protected":false},"author":2,"featured_media":654019,"comment_status":"","ping_status":"","sticky":false,"template":"","format":"standard","meta":{"footnotes":""},"categories":[1411],"tags":[11,1154,207,6159,59294,765,3166,1011,27,60],"class_list":{"0":"post-654018","1":"post","2":"type-post","3":"status-publish","4":"format-standard","5":"has-post-thumbnail","7":"category-cyclisme","8":"tag-actualites","9":"tag-cycling","10":"tag-cyclisme","11":"tag-cyclisme-amateurs","12":"tag-cyclo-cross","13":"tag-en-continu","14":"tag-en-continu-sports","15":"tag-fr","16":"tag-france","17":"tag-sports"},"share_on_mastodon":{"url":"https:\/\/pubeurope.com\/@fr\/115870980035775766","error":""},"_links":{"self":[{"href":"https:\/\/www.europesays.com\/fr\/wp-json\/wp\/v2\/posts\/654018","targetHints":{"allow":["GET"]}}],"collection":[{"href":"https:\/\/www.europesays.com\/fr\/wp-json\/wp\/v2\/posts"}],"about":[{"href":"https:\/\/www.europesays.com\/fr\/wp-json\/wp\/v2\/types\/post"}],"author":[{"embeddable":true,"href":"https:\/\/www.europesays.com\/fr\/wp-json\/wp\/v2\/users\/2"}],"replies":[{"embeddable":true,"href":"https:\/\/www.europesays.com\/fr\/wp-json\/wp\/v2\/comments?post=654018"}],"version-history":[{"count":0,"href":"https:\/\/www.europesays.com\/fr\/wp-json\/wp\/v2\/posts\/654018\/revisions"}],"wp:featuredmedia":[{"embeddable":true,"href":"https:\/\/www.europesays.com\/fr\/wp-json\/wp\/v2\/media\/654019"}],"wp:attachment":[{"href":"https:\/\/www.europesays.com\/fr\/wp-json\/wp\/v2\/media?parent=654018"}],"wp:term":[{"taxonomy":"category","embeddable":true,"href":"https:\/\/www.europesays.com\/fr\/wp-json\/wp\/v2\/categories?post=654018"},{"taxonomy":"post_tag","embeddable":true,"href":"https:\/\/www.europesays.com\/fr\/wp-json\/wp\/v2\/tags?post=654018"}],"curies":[{"name":"wp","href":"https:\/\/api.w.org\/{rel}","templated":true}]}}