{"id":654039,"date":"2026-01-10T13:25:09","date_gmt":"2026-01-10T13:25:09","guid":{"rendered":"https:\/\/www.europesays.com\/fr\/654039\/"},"modified":"2026-01-10T13:25:09","modified_gmt":"2026-01-10T13:25:09","slug":"voici-le-nouveaux-taux-qui-devrait-etre-annonce-le-15-janvier","status":"publish","type":"post","link":"https:\/\/www.europesays.com\/fr\/654039\/","title":{"rendered":"voici le nouveaux taux qui devrait \u00eatre annonc\u00e9 le 15 janvier"},"content":{"rendered":"<p>Taux Livret A f\u00e9vrier 2026 : pourquoi une nouvelle baisse est<br \/>\nsur la table<\/p>\n<p>Le compte \u00e0 rebours est lanc\u00e9 : dans quelques jours, l\u2019ex\u00e9cutif<br \/>\narr\u00eatera le nouveau taux du Livret A. Actuellement fix\u00e9 \u00e0<br \/>\n<strong>1,7 %<\/strong>, ce livret r\u00e9glement\u00e9 tr\u00e8s populaire est<br \/>\nrecalibr\u00e9 tous les six mois. Prochaine \u00e9ch\u00e9ance : le <strong>1er<br \/>\nf\u00e9vrier 2026<\/strong>. En toile de fond, le reflux des prix et des<br \/>\ntaux \u00e0 court terme qui p\u00e8se sur la formule.<\/p>\n<p>Comme toujours, la m\u00e9canique part d\u2019un calcul r\u00e9glementaire,<br \/>\npuis d\u2019une recommandation de la <strong>Banque de France<\/strong>,<br \/>\navant la d\u00e9cision finale de Bercy. L\u2019institution doit se prononcer<br \/>\nautour du <strong>15 janvier 2026<\/strong>, apr\u00e8s la publication<br \/>\ndes chiffres d\u2019inflation de d\u00e9cembre. Reste une inconnue qui fait<br \/>\nparler les \u00e9pargnants : jusqu\u2019o\u00f9 la baisse ira cette fois-ci ?<\/p>\n<p>1,4 % ou 1,5 % : le calcul qui fait basculer le Livret A<\/p>\n<p>Rappel de la r\u00e8gle : le taux du Livret A r\u00e9sulte de la moyenne,<br \/>\nsur six mois, de l\u2019inflation hors tabac et du <strong>taux<br \/>\n\u20acSTR<\/strong>, arrondie au dixi\u00e8me, avec un plancher. Le rendement<br \/>\n\u00ab\u00a0doit \u00eatre \u00e9gal au maximum entre 0,5%\u00a0\u00bb, a rappel\u00e9 \u00c9ric Dor, dans<br \/>\nune note cit\u00e9e par BFMTV. Sur le second semestre 2025, l\u2019inflation<br \/>\nhors tabac tourne autour de 0,9 % et l\u2019\u20acSTR s\u2019\u00e9tablit \u00e0 1,925938 %<br \/>\nsur la p\u00e9riode.<\/p>\n<p>En appliquant strictement la formule, on aboutit \u00e0 <strong>1,4<br \/>\n%<\/strong> au 1er f\u00e9vrier. \u00ab\u00a0Il y a cependant peu d\u2019arguments qui<br \/>\npourraient conduire les autorit\u00e9s \u00e0 d\u00e9roger \u00e0 la formule l\u00e9gale en<br \/>\nce qui concerne le taux du livret A. M\u00eame abaiss\u00e9 \u00e0 1,4%, le taux<br \/>\ndu livret A resterait tr\u00e8s sup\u00e9rieur au taux d\u2019inflation, qui s\u2019est<br \/>\nlimit\u00e9e \u00e0 0,8% en d\u00e9cembre 2025. Le pouvoir d\u2019achat de l\u2019\u00e9pargne<br \/>\nresterait donc bien prot\u00e9g\u00e9\u00a0\u00bb, estime \u00c9ric Dor.<\/p>\n<p>D\u00e9cision imminente : quelle date exacte pour trancher ?<\/p>\n<p>Le jeudi <strong>15 janvier 2026<\/strong>, l\u2019Insee publie<br \/>\nl\u2019inflation d\u00e9finitive de d\u00e9cembre 2025. C\u2019est la derni\u00e8re pi\u00e8ce du<br \/>\npuzzle qui fige le calcul r\u00e9glementaire. Dans la foul\u00e9e, la<br \/>\n<strong>Banque de France<\/strong> arr\u00eate le taux th\u00e9orique et<br \/>\ntransmet sa recommandation au minist\u00e8re de l\u2019\u00c9conomie. Comme \u00e0<br \/>\nchaque r\u00e9vision, ce passage cl\u00e9 intervient autour de la<br \/>\nmi-janvier.<\/p>\n<p>Vient ensuite l\u2019arbitrage de Bercy, annonc\u00e9 quelques jours apr\u00e8s<br \/>\nla recommandation, pour une application au <strong>1er f\u00e9vrier<br \/>\n2026<\/strong>. Le gouvernement \u00ab\u00a0est susceptible d\u2019appliquer<br \/>\nsimplement le r\u00e9sultat de la formule l\u00e9gale du livret A\u00a0\u00bb, ajoute<br \/>\n\u00c9ric Dor. \u00ab\u00a0C\u2019est ce qu\u2019esp\u00e8rent certains, supposant qu\u2019alors que<br \/>\nles municipales approchent, le gouvernement craindrait<br \/>\nl\u2019impopularit\u00e9 d\u2019une baisse du taux du livret A\u00a0\u00bb, poursuit-il.<\/p>\n<p>Combien en euros, et quid du LEP et du<br \/>\nLDDS ?<\/p>\n<p>Pour un Livret A au plafond de <strong>22 950 \u20ac<\/strong>, un<br \/>\npassage de 1,7 % \u00e0 <strong>1,4 %<\/strong> repr\u00e9senterait un manque<br \/>\n\u00e0 gagner d\u2019environ 69 \u20ac sur 12 mois, si le taux restait inchang\u00e9.<br \/>\nLe <strong>LDDS<\/strong> suivrait la m\u00eame trajectoire, car son taux<br \/>\nest align\u00e9 sur celui du Livret A. Ce serait un nouveau plus bas<br \/>\ndepuis juillet 2022, o\u00f9 le Livret A pointait \u00e0 1 %.<\/p>\n<p>Pour le <strong>LEP<\/strong>, la r\u00e8gle impose un taux sup\u00e9rieur<br \/>\nd\u2019au moins 0,5 point \u00e0 celui du Livret A. Si le Livret A tombait \u00e0<br \/>\n1,4 %, le minimum l\u00e9gal serait donc 1,9 %. L\u2019\u00e9conomiste ajoute<br \/>\nqu\u2019il est \u00ab\u00a0possible\u00a0\u00bb que l\u2019ex\u00e9cutif d\u00e9cide \u00ab\u00a0encore une fois\u00a0\u00bb de ne<br \/>\npas appliquer la formule pour le LEP, en maintenant sa r\u00e9mun\u00e9ration<br \/>\nau-dessus des 2 %.<\/p>\n","protected":false},"excerpt":{"rendered":"Taux Livret A f\u00e9vrier 2026 : pourquoi une nouvelle baisse est sur la table Le compte \u00e0 rebours&hellip;\n","protected":false},"author":2,"featured_media":654040,"comment_status":"","ping_status":"","sticky":false,"template":"","format":"standard","meta":{"footnotes":""},"categories":[6],"tags":[930,9284,5734,13041,2562,35,2859,33,34,1086,1011,27,25104,42645,2845,3583,1115,6013],"class_list":{"0":"post-654039","1":"post","2":"type-post","3":"status-publish","4":"format-standard","5":"has-post-thumbnail","7":"category-economie","8":"tag-le","9":"tag-9284","10":"tag-5734","11":"tag-a","12":"tag-annonce","13":"tag-business","14":"tag-devrait","15":"tag-economie","16":"tag-economy","17":"tag-etre","18":"tag-fr","19":"tag-france","20":"tag-janvier","21":"tag-livret","22":"tag-nouveaux","23":"tag-qui","24":"tag-taux","25":"tag-voici"},"share_on_mastodon":{"url":"https:\/\/pubeurope.com\/@fr\/115871031245686175","error":""},"_links":{"self":[{"href":"https:\/\/www.europesays.com\/fr\/wp-json\/wp\/v2\/posts\/654039","targetHints":{"allow":["GET"]}}],"collection":[{"href":"https:\/\/www.europesays.com\/fr\/wp-json\/wp\/v2\/posts"}],"about":[{"href":"https:\/\/www.europesays.com\/fr\/wp-json\/wp\/v2\/types\/post"}],"author":[{"embeddable":true,"href":"https:\/\/www.europesays.com\/fr\/wp-json\/wp\/v2\/users\/2"}],"replies":[{"embeddable":true,"href":"https:\/\/www.europesays.com\/fr\/wp-json\/wp\/v2\/comments?post=654039"}],"version-history":[{"count":0,"href":"https:\/\/www.europesays.com\/fr\/wp-json\/wp\/v2\/posts\/654039\/revisions"}],"wp:featuredmedia":[{"embeddable":true,"href":"https:\/\/www.europesays.com\/fr\/wp-json\/wp\/v2\/media\/654040"}],"wp:attachment":[{"href":"https:\/\/www.europesays.com\/fr\/wp-json\/wp\/v2\/media?parent=654039"}],"wp:term":[{"taxonomy":"category","embeddable":true,"href":"https:\/\/www.europesays.com\/fr\/wp-json\/wp\/v2\/categories?post=654039"},{"taxonomy":"post_tag","embeddable":true,"href":"https:\/\/www.europesays.com\/fr\/wp-json\/wp\/v2\/tags?post=654039"}],"curies":[{"name":"wp","href":"https:\/\/api.w.org\/{rel}","templated":true}]}}