{"id":654068,"date":"2026-01-10T13:45:12","date_gmt":"2026-01-10T13:45:12","guid":{"rendered":"https:\/\/www.europesays.com\/fr\/654068\/"},"modified":"2026-01-10T13:45:12","modified_gmt":"2026-01-10T13:45:12","slug":"strasbourg-une-veillee-devant-le-consulat-des-etats-unis-a-strasbourg-apres-le-meurtre-de-renee-nicole-good-a-minneapolis","status":"publish","type":"post","link":"https:\/\/www.europesays.com\/fr\/654068\/","title":{"rendered":"Strasbourg. Une veill\u00e9e devant le consulat des \u00c9tats-Unis \u00e0 Strasbourg apr\u00e8s le meurtre de Renee Nicole Good \u00e0 Minneapolis"},"content":{"rendered":"<p>Une veill\u00e9e <a href=\"https:\/\/www.dna.fr\/faits-divers-justice\/2026\/01\/10\/faits-divers-justice\/2026\/01\/08\/femme-tuee-par-la-police-des-heurts-eclatent-a-minneapolis-entre-forces-de-l-ordre-et-manifestants\" target=\"_blank\" rel=\"noopener\">en m\u00e9moire de Renee Nicole Good tu\u00e9e par l\u2019ICE<\/a> (Immigration and Customs Enforcement) est organis\u00e9e ce dimanche 11 janvier, \u00e0 18h, devant le consulat des \u00c9tats-Unis, avenue d\u2019Alsace, \u00e0 Strasbourg. Ce sont les Democrats Abroad Strasbourg qui organisent cette veill\u00e9e publique.\u00a0Les participants sont invit\u00e9s \u00e0 apporter \u00ab\u00a0fleurs et bougies\u00a0\u00bb, comme l\u2019indiquent via un communiqu\u00e9 les organisateurs. \u00ab\u00a0Bien que cet \u00e9v\u00e9nement soit organis\u00e9 par le chapitre strasbourgeois de Democrats Abroad France, tout le monde est le bienvenu. C\u2019est un moment pour les Am\u00e9ricains \u00e0 l\u2019\u00e9tranger, leurs alli\u00e9s, et tous ceux qui croient en la dignit\u00e9 humaine de se rassembler, par-del\u00e0 les fronti\u00e8res, pour exiger justice et responsabilit\u00e9\u00a0\u00bb, est-il encore pr\u00e9cis\u00e9.<\/p>\n<p>Le 7\u00a0janvier\u00a02026, des agents de l\u2019ICE (Immigration and Customs Enforcement) ont tu\u00e9 Renee Nicole Good, une citoyenne am\u00e9ricaine de 37 ans et m\u00e8re de trois enfants, \u00e0 Minneapolis, \u00e0 quelques p\u00e2t\u00e9s de maisons de l\u2019endroit o\u00f9 George Floyd a \u00e9t\u00e9 assassin\u00e9 il y a six ans. Renee Good avait r\u00e9pondu \u00e0 un appel pour soutenir ses voisins.<\/p>\n","protected":false},"excerpt":{"rendered":"Une veill\u00e9e en m\u00e9moire de Renee Nicole Good tu\u00e9e par l\u2019ICE (Immigration and Customs Enforcement) est organis\u00e9e ce&hellip;\n","protected":false},"author":2,"featured_media":654069,"comment_status":"","ping_status":"","sticky":false,"template":"","format":"standard","meta":{"footnotes":""},"categories":[2820],"tags":[1111,11,2389,2649,271,272,2880,1777,674,274,107,1011,27,775,12,25,640,2879],"class_list":{"0":"post-654068","1":"post","2":"type-post","3":"status-publish","4":"format-standard","5":"has-post-thumbnail","7":"category-strasbourg","8":"tag-actu","9":"tag-actualites","10":"tag-alsace","11":"tag-bas-rhin","12":"tag-crime","13":"tag-delit-et-contravention","14":"tag-edition-strasbourg","15":"tag-eu","16":"tag-europe","17":"tag-faits-divers-justice","18":"tag-fil-info","19":"tag-fr","20":"tag-france","21":"tag-grand-est","22":"tag-news","23":"tag-republique-francaise","24":"tag-strasbourg","25":"tag-strasbourg-ville"},"share_on_mastodon":{"url":"https:\/\/pubeurope.com\/@fr\/115871110318150370","error":""},"_links":{"self":[{"href":"https:\/\/www.europesays.com\/fr\/wp-json\/wp\/v2\/posts\/654068","targetHints":{"allow":["GET"]}}],"collection":[{"href":"https:\/\/www.europesays.com\/fr\/wp-json\/wp\/v2\/posts"}],"about":[{"href":"https:\/\/www.europesays.com\/fr\/wp-json\/wp\/v2\/types\/post"}],"author":[{"embeddable":true,"href":"https:\/\/www.europesays.com\/fr\/wp-json\/wp\/v2\/users\/2"}],"replies":[{"embeddable":true,"href":"https:\/\/www.europesays.com\/fr\/wp-json\/wp\/v2\/comments?post=654068"}],"version-history":[{"count":0,"href":"https:\/\/www.europesays.com\/fr\/wp-json\/wp\/v2\/posts\/654068\/revisions"}],"wp:featuredmedia":[{"embeddable":true,"href":"https:\/\/www.europesays.com\/fr\/wp-json\/wp\/v2\/media\/654069"}],"wp:attachment":[{"href":"https:\/\/www.europesays.com\/fr\/wp-json\/wp\/v2\/media?parent=654068"}],"wp:term":[{"taxonomy":"category","embeddable":true,"href":"https:\/\/www.europesays.com\/fr\/wp-json\/wp\/v2\/categories?post=654068"},{"taxonomy":"post_tag","embeddable":true,"href":"https:\/\/www.europesays.com\/fr\/wp-json\/wp\/v2\/tags?post=654068"}],"curies":[{"name":"wp","href":"https:\/\/api.w.org\/{rel}","templated":true}]}}