{"id":654070,"date":"2026-01-10T13:46:14","date_gmt":"2026-01-10T13:46:14","guid":{"rendered":"https:\/\/www.europesays.com\/fr\/654070\/"},"modified":"2026-01-10T13:46:14","modified_gmt":"2026-01-10T13:46:14","slug":"10-podcasts-passionnants-a-ecouter-cet-hiver","status":"publish","type":"post","link":"https:\/\/www.europesays.com\/fr\/654070\/","title":{"rendered":"10 podcasts passionnants \u00e0 \u00e9couter cet hiver"},"content":{"rendered":"<p><b>Avec les temp\u00e9ratures glaciales, l\u2019humeur est \u00e0 l\u2019hibernation \u00e0 Strasbourg. Si l\u2019on te conseillait il y a peu <a href=\"https:\/\/pokaa.fr\/2025\/12\/24\/strasbourg-alsace-10-films-et-series-a-voir-au-cine-ou-dans-son-canape\/\" target=\"_blank\" rel=\"noopener\">des s\u00e9ries \u00e0 binge-watcher et autres sorties cin\u00e9<\/a>, voici 10 reco\u2019 de podcasts \u00e0 \u00e9couter au chaud, pour changer. Humour, amour, sexo, psycho, socio ou belles histoires pour le soir\u2026 Pour des moments doux, intelligents ou divertissants, \u00e0 retrouver depuis ton canap\u00e9, sur <\/b><b>\u00ab\u00a0ta plateforme d\u2019\u00e9coute pr\u00e9f\u00e9r\u00e9e\u00a0\u00bb<\/b><b>.<\/b><\/p>\n<p>Des histoires<\/p>\n<p>\u00ab\u00a0Les Baladeurs \u00bb<\/p>\n<p>Difficile de parler podcasts sans mentionner <a href=\"https:\/\/www.slate.fr\/audio\/transfert\/\" target=\"_blank\" rel=\"noopener\"><b>Transfert<\/b> <\/a>(\u00ab\u00a0des histoires intimes et inspirantes\u00a0\u00bb relat\u00e9es par des anonymes), <a href=\"https:\/\/www.lemonde.fr\/culture\/article\/2022\/10\/22\/le-podcast-transfert-fait-la-course-en-tete_6146937_3246.html\" target=\"_blank\" rel=\"noopener\">le mastodonte d\u00e9velopp\u00e9 d\u00e8s 2016 par le magazine Slate.fr<\/a>. Un succ\u00e8s national, qui d\u00e9passe les 370 \u00e9pisodes \u00e0 ce jour et des millions d\u2019\u00e9coutes, et <a href=\"https:\/\/www.acpm.fr\/Les-chiffres\/Frequentation-Podcasts\/Classements-Podcasts\" target=\"_blank\" rel=\"noopener\">4e au classement 2025 de l\u2019ACPM<\/a>.<\/p>\n<p>Dans la m\u00eame veine, on te conseillera <b>Les Baladeurs<\/b><b> par le magazine Les Others<\/b>. Plus confidentiel, il plaira \u00e0 celles et ceux qui aiment qu\u2019on leur raconte des histoires. Ici, on y \u00e9coute <b>\u00ab\u00a0des r\u00e9cits d\u2019aventures et de m\u00e9saventures en pleine nature\u00a0\u00bb<\/b>. Au micro\u00a0? Des inconnu(e)s comme des aventuriers\/\u00e8res c\u00e9l\u00e8bres, des artistes\u2026<\/p>\n<\/p>\n<p>D\u00e9j\u00e0<b> huit saisons<\/b> au compteur\u2026 O\u00f9 l\u2019on entend <b>le compositeur Thylacine chercher l\u2019inspiration dans le Transsib\u00e9rien<\/b>, la militante \u00e9cologique<b> Camille \u00c9tienne parler des glaciers<\/b>, ou encore Luc Jacquet revenant sur la cr\u00e9ation de La Marche de l\u2019Empereur (Oscar du meilleur documentaire en 2006).<\/p>\n<p align=\"LEFT\">\u2192 Pour voyager depuis son canap\u00e9, s\u2019endormir en pleine jungle, au sommet d\u2019une montagne ou entre deux vagues.<\/p>\n<p align=\"CENTER\"><b>Pour le retrouver\u00a0:<\/b><br \/><a href=\"https:\/\/www.lesothers.com\/podcast-les-baladeurs\" target=\"_blank\" rel=\"noopener\">Les Baladeurs sur Les Others<\/a><\/p>\n<p>De la psychologie<br \/>\n\u00ab\u00a0Encore heureux \u00bb<\/p>\n<p>Janvier est r\u00e9put\u00e9 pour \u00eatre le mois le plus d\u00e9primant de l\u2019ann\u00e9e. Profitons-en donc pour parler de <b>sant\u00e9 mentale<\/b>, avec le podcast <b>Encore heureux<\/b><b> de Binge Audio <\/b>(enregistr\u00e9 en public chaque mois). Une cr\u00e9ation anim\u00e9e <b>par la journaliste et essayiste Camille Teste<\/b> (autrice du r\u00e9cent Embrasser la bisexualit\u00e9, et de Politiser le bien-\u00eatre).<\/p>\n<p>Deux fois par mois, cette derni\u00e8re se penche sur des <b>probl\u00e9matiques contemporaines, ayant des cons\u00e9quences sur notre quotidien ou notre bien-\u00eatre<\/b> \u2013 r\u00e9guli\u00e8rement accompagn\u00e9e de <b>Daniel Batoula, psychiatre \u00e0 Strasbourg<\/b>.<\/p>\n<\/p>\n<p>Du m\u00e9pris de classe au rapport \u00e0 l\u2019argent, en passant par la r\u00e9ussite, la muscu\u2019, la mont\u00e9e du fascisme, <strong>le <\/strong><b>TDAH, la d\u00e9pression, les amiti\u00e9s<\/b>, en passant par \u00ab\u00a0cultiver la solitude\u00a0\u00bb, ou la cr\u00e9ativit\u00e9\u2026 Les th\u00e8mes sont abord\u00e9s<b> avec bienveillance aux c\u00f4t\u00e9s d\u2019expert(e)s<\/b> et ponctu\u00e9s de t\u00e9moignages anonymes, d\u2019<b>exercices pratiques<\/b> et de <b>recommandations culturelles<\/b>, pour aller plus loin.<\/p>\n<p>\u2192 Pour d\u00e9bunker les id\u00e9es re\u00e7ues sur la sant\u00e9 mentale et le bien-\u00eatre.<\/p>\n<p align=\"CENTER\"><b>Pour le retrouver\u00a0:<br \/><\/b><a href=\"https:\/\/www.binge.audio\/podcast\/encoreheureux\" target=\"_blank\" rel=\"noopener\">Encore heureux sur Binge Audio<\/a><\/p>\n<p>\u00ab\u00a0\u00c9motions \u00bb<\/p>\n<p>Dans le m\u00eame esprit, on recommande <b>\u00c9motions<\/b><b> par Louie Media\u00a0<\/b>: \u00ab\u00a0<b>Le podcast qui met des mots sur vos \u00e9motions<\/b>, pour comprendre pourquoi vous ressentez ce que vous ressentez. \u00bb<\/p>\n<p>Au micro de la journaliste Marie Misset (qui a repris la direction du podcast en 2024), se m\u00ealent<b> ses propres t\u00e9moignages comme ceux d\u2019inconnu(e)s, entrecoup\u00e9s d\u2019avis d\u2019expert(e)s<\/b> sur les \u00e9motions qui nous traversent.<\/p>\n<\/p>\n<p>On nous y parle du deuil blanc, d\u2019h\u00e9ritages, d\u2019admiration, d\u2019amiti\u00e9s, de rencontres amoureuses\u2026 Et m\u00eame de \u00ab\u00a0Comment savoir si c\u2019est moi le c*nn*rd\u00a0?\u00a0\u00bb. <strong>C\u2019est doux, et bien mont\u00e9<\/strong>.<\/p>\n<p>\u2192 Pour reconnecter avec ses \u00e9motions et mieux se comprendre.<\/p>\n<p align=\"CENTER\"><b>Pour le retrouver\u00a0:<br \/><\/b><a href=\"https:\/\/louiemedia.com\/emotions\" target=\"_blank\" rel=\"noopener\">\u00c9motions sur Louie Media<\/a><\/p>\n<p>L&rsquo;amour et plus si affinit\u00e9s<br \/>\n\u00ab\u00a0L&rsquo;amour moi j&rsquo;en ai pas \u00bb<\/p>\n<p>Une fois que l\u2019on a reconnect\u00e9 avec nos \u00e9motions, concentrons-nous sur nos petits c\u0153urs, en compagnie d\u2019<b>Alyssia Derly<\/b> <b>qui <\/b><b>\u00ab\u00a0invite les hommes \u00e0 parler d\u2019amour, de tendresse et de vuln\u00e9rabilit\u00e9\u00a0\u00bb<\/b>.<\/p>\n<p>Ressortie bless\u00e9e par ses relations amoureuses pass\u00e9es, Alyssia a cr\u00e9\u00e9 \u2013 en ind\u00e9pendance \u2013<b> <\/b><b>L\u2019amour moi j\u2019en ai pas<\/b><b> <\/b>en mars 2023, <b>pour <\/b><b>\u00ab\u00a0politiser l\u2019amour\u00a0\u00bb<\/b>.<\/p>\n<\/p>\n<p>Depuis, elle y partage <b>ses r\u00e9flexions intimes avec douceur et po\u00e9sie<\/b>, et tend le micro \u00e0 d\u2019autres. \u00ab\u00a0Chaque \u00e9pisode est <b>une conversation sinc\u00e8re sur l\u2019amour, l\u2019amiti\u00e9, la peur, la sant\u00e9 mentale et la connexion \u00e9motionnelle<\/b>, pour mieux comprendre comment relationner sainement ensemble\u00a0\u00bb, nous dit-elle.<\/p>\n<p>Une recette qui pla\u00eet puisqu\u2019il a \u00e9t\u00e9 r\u00e9compens\u00e9 du <b>Prix Radio France de la r\u00e9v\u00e9lation podcast<\/b>, au Paris Podcast Festival 2024.<\/p>\n<p>\u2192 Pour sa po\u00e9sie et son authenticit\u00e9.<\/p>\n<p align=\"CENTER\"><b>Pour le retrouver\u00a0:<br \/><\/b><a href=\"https:\/\/creators.spotify.com\/pod\/profile\/alyssia-derly\/?brid=YyAeJQ7KvNoEwy3ZEGKa4g\" target=\"_blank\" rel=\"noopener\">L\u2019amour moi j\u2019en ai pas sur Spotify<\/a><br \/><a href=\"https:\/\/www.instagram.com\/lamour_moi_jen_ai_pas\/\" target=\"_blank\" rel=\"noopener\">Le compte Instagram<\/a><\/p>\n<p>\u00ab\u00a0Radio Clito \u00bb<\/p>\n<p>Il fallait bien que l\u2019on case une production locale dans cette s\u00e9lection. On pense \u00e9videmment au podcast <b>Radio Clito, <\/b>auquel\u00a0nous avions m\u00eame consacr\u00e9 deux articles (\u00e0 retrouver <a href=\"https:\/\/pokaa.fr\/2020\/02\/29\/radio-clito-le-podcast-strasbourgeois-qui-parle-de-sexe-au-feminin\/\" target=\"_blank\" rel=\"noopener\">ici <\/a>et <a href=\"https:\/\/pokaa.fr\/2020\/10\/24\/radio-clito-des-nouvelles-du-podcast-strasbourgeois-qui-parle-de-cul-et-de-culture\/\" target=\"_blank\" rel=\"noopener\">ici<\/a>), l\u2019ann\u00e9e de sa cr\u00e9ation (en 2020).<\/p>\n<p>S\u2019il s\u2019est arr\u00eat\u00e9, depuis, et n\u2019est quasiment plus trouvable, ce podcast <b>imagin\u00e9<\/b> <b>par trois Strasbourgeoises <\/b>(Rapha\u00eblle, Laura et Emilie) m\u00e9rite qu\u2019on lui retende nos oreilles.<\/p>\n<p>    <img width=\"800\" height=\"533\" src=\"https:\/\/www.europesays.com\/fr\/wp-content\/uploads\/2026\/01\/radio-clito.jpg\" class=\"attachment-image-size-L size-image-size-L\" alt=\"radio clito\" decoding=\"async\" loading=\"lazy\"  \/>         Rapha\u00eblle, Laura et Emilie, les cr\u00e9atrices de Radio Clito. \u00a9 Radio Clito \/ Document remis <\/p>\n<p>Du premier \u00e9pisode qui se penchait sur le<b> <\/b>Kamasutra \u00e0 ceux sur les sexualit\u00e9s confin\u00e9es, la masturbation f\u00e9minine\u2026 <b>Le podcast y parle sans complexes de plaisir et de sexualit\u00e9<\/b>, de la confidence sur oreiller aux <b>conseils sexo avis\u00e9s<\/b>, avec des micro-trottoirs et des sp\u00e9cialistes de la question.<\/p>\n<p>L\u2019\u00e9quipe s\u2019\u00e9tait ainsi entour\u00e9e de pro, comme <strong>Charline, la cr\u00e9atrice du pr\u00e9cieux compte Instagram <a href=\"https:\/\/www.instagram.com\/orgasme_et_moi\/\" target=\"_blank\" rel=\"noopener\">Orgasme_et_moi<\/a>, <\/strong>et m\u00eame de <strong><b>L\u00e9l\u00e9 O<\/b><\/strong>, la voix envo\u00fbtante et cofondatrice des podcasts de porno audio VOXXX et COXXX.<\/p>\n<p>\u2192 Pour ta culture perso\u2019.<\/p>\n<p align=\"CENTER\"><b>Pour le retrouver\u00a0:<br \/><\/b><a href=\"https:\/\/www.youtube.com\/channel\/UCjYGD4an69_YN-rPkbG1q1w\/featured\" target=\"_blank\" rel=\"noopener\">Radio Clito sur Youtube<\/a><br \/><a href=\"https:\/\/www.instagram.com\/radioclito\/\" target=\"_blank\" rel=\"noopener\">Le compte Instagram<\/a><\/p>\n<\/p>\n<p>Histoire et soci\u00e9t\u00e9<br \/>\n\u00ab\u00a0Renverser la table \u00bb<\/p>\n<p>Apr\u00e8s avoir mis Les couilles sur la table (pour parler des masculinit\u00e9s), puis Le C\u0153ur sur la table (pour repenser les relations amoureuses), la journaliste \u00ab star \u00bb <b>Victoire Tuaillon <\/b>a d\u00e9cid\u00e9 de\u00a0: <b>Renverser la table<\/b>. Titre de son<b> nouveau projet de podcast lanc\u00e9 en ind\u00e9pendante en 2025<\/b>, <a href=\"https:\/\/victoiretuaillon.substack.com\/about\" target=\"_blank\" rel=\"noopener\">apr\u00e8s son d\u00e9part de Binge Audio en 2024<\/a>.<\/p>\n<p><b>Plus qu\u2019un titre, un projet.<\/b> Si on t\u2019encourage vivement \u00e0 (r\u00e9)\u00e9couter ses pr\u00e9c\u00e9dentes cr\u00e9ations, la derni\u00e8re se r\u00e9sumerait par ses ambitions de <b>\u00ab\u00a0r\u00e9voltes, culture et joie de vivre\u00a0\u00bb<\/b>.<\/p>\n<\/p>\n<p>Au menu depuis cet \u00e9t\u00e9 ? D\u00e9j\u00e0 plus d\u2019une douzaine d\u2019\u00e9pisodes aux th\u00e9matiques vari\u00e9es, traitant de nos intimit\u00e9s comme de sujets de soci\u00e9t\u00e9, en compagnie d\u2019expert(e)s et ponctu\u00e9s de conseils pratiques.<\/p>\n<p>De \u00ab\u00a0Comment<b> s\u2019ouvrir \u00e0 d\u2019autres imaginaires \u00e9rotiques ?<\/b> \u00bb \u00e0 \u00ab\u00a0Comment <b>s\u2019informer sans s\u2019intoxiquer<\/b><strong> ? <\/strong>\u00bb, \u00ab Comment discuter avec ses proches s\u00e9duits par le Rassemblement National ? \u00bb, \u00ab Pourquoi on devrait chanter plus souvent (m\u00eame mal) ? \u00bb, etc.<\/p>\n<p>\u2192 Pour celles et ceux qui veulent se retrousser les manches, mais ne savent pas toujours comment ou pourquoi le faire.<\/p>\n<p align=\"CENTER\"><b>Pour le retrouver\u00a0:<br \/><\/b><a href=\"https:\/\/victoiretuaillon.substack.com\/podcast\" target=\"_blank\" rel=\"noopener\">Renverser la table sur le Substack de Victoire Tuaillon<\/a><br \/><a href=\"https:\/\/www.radio.fr\/podcast\/renverser-la-table2\" target=\"_blank\" rel=\"noopener\">Renverser la table sur radio.fr<\/a><\/p>\n<p>\u00ab\u00a0Un podcast \u00e0 soi \u00bb<\/p>\n<p>Aussi bien pionni\u00e8re que r\u00e9f\u00e9rence dans le domaine, <b>Arte Radio<\/b> cumule plus de 2000 documentaires sonores et autres \u0153uvres radiophoniques, depuis sa cr\u00e9ation en 2002. Parmi elles : de nombreuses s\u00e9ries et \u00e9pisodes de qualit\u00e9, dont <b>l\u2019excellent <\/b><b>Un podcast \u00e0 soi<\/b>.<\/p>\n<\/p>\n<p>Depuis 2017, la journaliste <b>Charlotte Bienaim\u00e9 <\/b>y \u00ab\u00a0explor[e] <b>les questions de f\u00e9minisme, de genre, de sexualit\u00e9 et d\u2019\u00e9galit\u00e9<\/b> entre les femmes et les hommes\u00a0\u00bb,<b> entre r\u00e9cits personnels et analyses de chercheurs\/ses<\/b>. C\u2019est bien mont\u00e9, r\u00e9f\u00e9renc\u00e9 et c\u2019est une p\u00e9pite \u00e0 \u00e9couter.<\/p>\n<p>\u2192 Pour \u00e9couter et d\u00e9crypter le monde qui nous entoure.<\/p>\n<p align=\"CENTER\"><b>Pour le retrouver\u00a0:<br \/><\/b><a href=\"https:\/\/www.arteradio.com\/emission\/un-podcast-a-soi\" target=\"_blank\" rel=\"noopener\">Un podcast \u00e0 soi sur Arte Radio<\/a><\/p>\n<\/p>\n<p>\u00ab\u00a0Face \u00e0 l&rsquo;histoire \u00bb<\/p>\n<p>On change de registre avec <b>Face \u00e0 l\u2019histoire <\/b>:<b> des s\u00e9ries documentaires historiques <\/b>produites et narr\u00e9es<strong> p<\/strong><b>ar Philippe Collin<\/b>, \u00e0 retrouver sur <b>France Inter <\/b>depuis 2021.<\/p>\n<p>Des bijoux \u00e0 \u00e9couter, entre <b>extraits d\u2019archives rares<\/b>, lectures, <b>paroles d\u2019historien(ne)s<\/b>, autour de <b>la vie de personnalit\u00e9s historiques et de grands moments d\u2019histoire<\/b>. En bref\u00a0: \u00ab Un regard vers le pass\u00e9 pour \u00e9clairer le pr\u00e9sent. \u00bb<\/p>\n<\/p>\n<p>Si certains \u00e9pisodes sont parfois \u00e9mouvants, voire gla\u00e7ants, on ne peut que conseiller ses s\u00e9ries magistrales sur <strong>Cl\u00e9op\u00e2tre, Simone de Beauvoir, Les R\u00e9sistantes, Les D\u00e9port\u00e9s, L\u00e9on Blum,<\/strong> etc.<\/p>\n<p>\u2192 Pour (re)d\u00e9couvrir l\u2019histoire.<\/p>\n<p align=\"CENTER\"><b>Pour le retrouver\u00a0:<br \/><\/b><a href=\"https:\/\/www.radiofrance.fr\/franceinter\/podcasts\/face-a-l-histoire\" target=\"_blank\" rel=\"noopener\">Face \u00e0 l\u2019Histoire sur France Inter<\/a><\/p>\n<p>La rigolade<br \/>\n\u00ab\u00a0Sur parole \u00bb<\/p>\n<p>Et on termine avec un peu de l\u00e9g\u00e8ret\u00e9, avec des podcasts qui parlent de choses (presque) s\u00e9rieuses sans se prendre vraiment au s\u00e9rieux. Le premier\u00a0:<b> Sur parole<\/b>, <b>\u00ab\u00a0le podcast o\u00f9 l\u2019interview est guid\u00e9e par une chanson\u00a0\u00bb<\/b>.<\/p>\n<p>Quand il n\u2019est pas sur sc\u00e8ne, ou \u00e0 faire rire Insta\u2019 avec sa vie de jeune papa, <b>l\u2019humoriste Guigui Pop<\/b> revient \u00e0 ses premi\u00e8res amours : la musique. Ancien batteur professionnel, animateur de soir\u00e9es karaok\u00e9, il en conna\u00eet en rayon, en chansons.<\/p>\n<p>Femme like U de K. Maro, Je suis malade de Serge Lama, R\u00e9siste de France Gall\u2026<b> Pour chacun(e) de ses invit\u00e9(e)s, il choisit un titre et d\u00e9roule l\u2019interview en s\u2019inspirant des paroles de celle-ci<\/b>. Une mani\u00e8re de les faire se d\u00e9voiler sur des questions in\u00e9dites.<\/p>\n<p>Face \u00e0 lui ? Majoritairement <b>des personnalit\u00e9s du stand-up <\/b>(Manon Bril, Camille Fievez, Mathieu Mad\u00e9nian, Jason Brokerss\u2026) mais pas que. On y croise aussi bien la journaliste et autrice Ren\u00e9e Greusard que des figures de nos jeunesses, de <b>Beno\u00eet Poher de Kyo \u00e0 Vincent Desagnat <\/b>(r\u00e9v\u00e9l\u00e9 par le Morning Live).<\/p>\n<p>\u2192 Pour celles et ceux qui aiment les interviews d\u00e9cal\u00e9es dans la lign\u00e9e d\u2019\u00c0 bient\u00f4t de te revoir de Sophie-Marie Larrouy (SML).<\/p>\n<p align=\"CENTER\"><b>Pour le retrouver\u00a0:<br \/><\/b><a href=\"https:\/\/open.spotify.com\/show\/7gTm3tG09OCQrxhJHIuhIV?utm_medium=share&amp;utm_source=linktree\" target=\"_blank\" rel=\"noopener\">Sur Parole sur Spotify<\/a><br \/><a href=\"https:\/\/www.instagram.com\/surparolepodcast\/\" target=\"_blank\" rel=\"noopener\">Le compte Instagram<\/a><\/p>\n<p>\u00ab\u00a0De l&rsquo;amour et du seum \u00bb<\/p>\n<p>Sorti le 14 f\u00e9vrier 2025 pour la Saint-Valentin, <b>De l\u2019amour et du seum <\/b>fait partie des r\u00e9v\u00e9lations de l\u2019ann\u00e9e derni\u00e8re. Imagin\u00e9 par <b>Lisa-Margaux Omri<\/b> (@<a href=\"https:\/\/www.instagram.com\/pizza_margaux_omri\/#\" target=\"_blank\" rel=\"noopener\">pizza_margaux_omri<\/a> aux 33,5K sur Instagram) en duo avec <b>Elsa Bernard <\/b>(humoriste entre autres choses), il r\u00e9unit <b>\u00ab\u00a0deux expertes en rupture (27 \u00e0 elles deux)\u00a0\u00bb<\/b>, comme elles le disent elles-m\u00eames.<\/p>\n<p><b>Des meufs dr\u00f4les et attachantes qui tchatchent d\u2019amour en partant de phrases toutes faites<\/b>, pour \u00ab donner le sourire \u00e0 toutes les belles \u00e2mes fauch\u00e9es en plein conte de f\u00e9es \u00bb.<\/p>\n<p>\u00ab\u00a0Car oui,<b> les ruptures \u00e7a craint<\/b>, mais ce qui craint encore plus c\u2019est tatie Monique qui te dit \u2018Ooooh, un de perdu, c\u2019est dix de retrouv\u00e9s\u2019\u00a0\u00bb.<\/p>\n<p>C\u2019est l\u00e9ger, franchement d\u00e9conne, et si \u00e7a ne suffisait pas d\u00e9j\u00e0\u00a0: elles y invitent r\u00e9guli\u00e8rement<b> leurs potes humoristes<\/b> ou cr\u00e9ateurs\/rices de contenu (comme Guigui Pop cit\u00e9 au-dessus).<\/p>\n<p>On y voit passer toute la fine fleur du stand up, de <b>Fanny Ruwet<\/b>, <b>Camille Lorente <\/b>\u00e0 <b>Julien M\u00e9nielle<\/b>, <b>Nash<\/b>, \u00c9douard Deloignon, Ghislain Blique, etc. Conseil : \u00e9coute les \u00e9pisodes dans l\u2019ordre, pour comprendre chaque private joke.<\/p>\n<p>\u2192 Pour d\u00e9culpabiliser de sa malchance sentimentale en \u00e9coutant celles des autres.<\/p>\n<p align=\"CENTER\"><b>Pour le retrouver\u00a0:<br \/><\/b><a href=\"https:\/\/podcasts.apple.com\/fr\/podcast\/de-lamour-et-du-seum\/id1796156592\" target=\"_blank\" rel=\"noopener\">De l\u2019amour et du seum sur Apple Podcast<\/a><\/p>\n<p><script async src=\"\/\/www.instagram.com\/embed.js\"><\/script><\/p>\n","protected":false},"excerpt":{"rendered":"Avec les temp\u00e9ratures glaciales, l\u2019humeur est \u00e0 l\u2019hibernation \u00e0 Strasbourg. Si l\u2019on te conseillait il y a peu&hellip;\n","protected":false},"author":2,"featured_media":654071,"comment_status":"","ping_status":"","sticky":false,"template":"","format":"standard","meta":{"footnotes":""},"categories":[2820],"tags":[12408,1111,11,251,1777,674,1011,27,775,37085,12,3725,3907,1825,25,521,640],"class_list":{"0":"post-654070","1":"post","2":"type-post","3":"status-publish","4":"format-standard","5":"has-post-thumbnail","7":"category-strasbourg","8":"tag-activite","9":"tag-actu","10":"tag-actualites","11":"tag-culture","12":"tag-eu","13":"tag-europe","14":"tag-fr","15":"tag-france","16":"tag-grand-est","17":"tag-loisir","18":"tag-news","19":"tag-podcast","20":"tag-que-faire","21":"tag-radio","22":"tag-republique-francaise","23":"tag-serie","24":"tag-strasbourg"},"share_on_mastodon":{"url":"https:\/\/pubeurope.com\/@fr\/115871113923987672","error":""},"_links":{"self":[{"href":"https:\/\/www.europesays.com\/fr\/wp-json\/wp\/v2\/posts\/654070","targetHints":{"allow":["GET"]}}],"collection":[{"href":"https:\/\/www.europesays.com\/fr\/wp-json\/wp\/v2\/posts"}],"about":[{"href":"https:\/\/www.europesays.com\/fr\/wp-json\/wp\/v2\/types\/post"}],"author":[{"embeddable":true,"href":"https:\/\/www.europesays.com\/fr\/wp-json\/wp\/v2\/users\/2"}],"replies":[{"embeddable":true,"href":"https:\/\/www.europesays.com\/fr\/wp-json\/wp\/v2\/comments?post=654070"}],"version-history":[{"count":0,"href":"https:\/\/www.europesays.com\/fr\/wp-json\/wp\/v2\/posts\/654070\/revisions"}],"wp:featuredmedia":[{"embeddable":true,"href":"https:\/\/www.europesays.com\/fr\/wp-json\/wp\/v2\/media\/654071"}],"wp:attachment":[{"href":"https:\/\/www.europesays.com\/fr\/wp-json\/wp\/v2\/media?parent=654070"}],"wp:term":[{"taxonomy":"category","embeddable":true,"href":"https:\/\/www.europesays.com\/fr\/wp-json\/wp\/v2\/categories?post=654070"},{"taxonomy":"post_tag","embeddable":true,"href":"https:\/\/www.europesays.com\/fr\/wp-json\/wp\/v2\/tags?post=654070"}],"curies":[{"name":"wp","href":"https:\/\/api.w.org\/{rel}","templated":true}]}}