{"id":654090,"date":"2026-01-10T13:58:15","date_gmt":"2026-01-10T13:58:15","guid":{"rendered":"https:\/\/www.europesays.com\/fr\/654090\/"},"modified":"2026-01-10T13:58:15","modified_gmt":"2026-01-10T13:58:15","slug":"quels-sont-les-meilleurs-gateaux-et-galettes-des-rois-de-marseille-les-lecteurs-de-la-provence-ont-vote","status":"publish","type":"post","link":"https:\/\/www.europesays.com\/fr\/654090\/","title":{"rendered":"Quels sont les meilleurs g\u00e2teaux et galettes des rois de Marseille ? Les lecteurs de \u00ab\u00a0La Provence\u00a0\u00bb ont vot\u00e9"},"content":{"rendered":"<p>L&rsquo;\u00c9piphanie est une f\u00eate rassembleuse, au-del\u00e0 m\u00eame de sa tradition chr\u00e9tienne, qui fixe au 6\u00a0janvier le jour de l&rsquo;Adoration des Mages. En quelque sorte, la coutume des rois renoue ainsi avec ses racines pa\u00efennes, puisqu&rsquo;elle tirerait son origine de la f\u00eate romaine des Saturnales, quand les citoyens romains partageaient une galette avec leurs esclaves.<\/p>\n<p>Les temps sont heureusement moins durs, le Colis\u00e9e n&rsquo;est plus qu&rsquo;un mus\u00e9e, mais <a href=\"https:\/\/www.laprovence.com\/\" target=\"_blank\" rel=\"noopener\">le go\u00fbt du partage est rest\u00e9<\/a>. Ainsi, chaque mois de janvier (m\u00eame si de plus en plus de boutiques les proposent d\u00e8s d\u00e9cembre), des familles de toutes confessions ou sans religion du tout convergent vers leur p\u00e2tissier ou boulanger pr\u00e9f\u00e9r\u00e9 pour f\u00eater les Rois. Avec, par chez nous, deux chapelles qui se regardent souvent en chiens de fa\u00efence\u00a0: les tenants du g\u00e2teau proven\u00e7al (la brioche aux fruits confits) et ceux de la galette frangipane, plus commune dans le reste de l&rsquo;Hexagone.<\/p>\n<p><img alt=\"Nos onze lecteurs jur\u00e9s r\u00e9unis le 7 janvier dernier pour \u00e9lire le meilleur g\u00e2teau et la meilleure galette des rois marseillais de l'\u00c9piphanie 2026.\" loading=\"lazy\" decoding=\"async\" data-nimg=\"fill\" class=\" TwicCore_img__i9TC1 undefined  undefined\" style=\"position:absolute;height:100%;width:100%;left:0;top:0;right:0;bottom:0;color:transparent;background-size:cover;background-position:50% 50%;background-repeat:no-repeat;background-image:url(&quot;data:image\/svg+xml;charset=utf-8,%3Csvg xmlns='http:\/\/www.w3.org\/2000\/svg' %3E%3Cfilter id='b' color-interpolation-filters='sRGB'%3E%3CfeGaussianBlur stdDeviation='20'\/%3E%3CfeColorMatrix values='1 0 0 0 0 0 1 0 0 0 0 0 1 0 0 0 0 0 100 -1' result='s'\/%3E%3CfeFlood x='0' y='0' width='100%25' height='100%25'\/%3E%3CfeComposite operator='out' in='s'\/%3E%3CfeComposite in2='SourceGraphic'\/%3E%3CfeGaussianBlur stdDeviation='20'\/%3E%3C\/filter%3E%3Cimage width='100%25' height='100%25' x='0' y='0' preserveAspectRatio='none' style='filter: url(%23b);' href='https:\/\/pictures.laprovence.com\/cdn-cgi\/image\/blur=250\/media\/melody\/2026\/01\/10\/jury-la-provence-galette-frangipane-et-gateau-bricohe-epiphanie-2026-epiphanie-2026-070126nvi02-1768025427_f451e275d069653c1e275d0695bd1ev_.jpg'\/%3E%3C\/svg%3E&quot;)\"   src=\"https:\/\/www.europesays.com\/fr\/wp-content\/uploads\/2026\/01\/jury-la-provence-galette-frangipane-et-gateau-bricohe-epiphanie-2026-epiphanie-2026-070126nvi02-1768.jpeg\"\/>Nos onze lecteurs jur\u00e9s r\u00e9unis le 7 janvier dernier pour \u00e9lire le meilleur g\u00e2teau et la meilleure galette des rois marseillais de l&rsquo;\u00c9piphanie 2026. \/ Photos Nicolas VALLAURI<\/p>\n<p>Ne soyons pas sectaires et faisons comme nos artisans p\u00e2tissiers, embrassons les deux d&rsquo;une m\u00eame \u00e9treinte gourmande. Nous avons donc propos\u00e9 \u00e0 onze lecteurs (il a fallu choisir tant le sujet semble passionner, pr\u00e8s d&rsquo;une centaine de personnes avaient r\u00e9pondu \u00e0 notre appel \u00e0 candidatures) de participer <a href=\"https:\/\/www.laprovence.com\/article\/food\/29377874666190\/notre-classement-des-meilleurs-gateaux-et-galettes-des-rois-a-marseille\" target=\"_blank\" rel=\"noopener\">\u00e0 un jury<\/a> qui \u00e9lirait le meilleur g\u00e2teau et la meilleure galette des rois marseillais de\u00a02026.<\/p>\n<p>Pr\u00e9s\u00e9lection des artisans<\/p>\n<p>En amont, la r\u00e9daction avait pr\u00e9s\u00e9lectionn\u00e9 dix p\u00e2tisseries et boulangeries artisanales de la commune, chez lesquelles nous sommes all\u00e9s, le mercredi 7 janvier au matin, acheter (tout travail m\u00e9rite salaire) 9 brioches et 9 galettes frangipane :\u00a0<\/p>\n<p><a href=\"https:\/\/www.sylvaindepuichaffray.fr\/\" target=\"_blank\" rel=\"noopener\">Sylvain Depuichaffray<\/a> (rue Grignan, 1er)\u00a0; <a href=\"https:\/\/www.instagram.com\/boulangerie_boni?utm_source=ig_web_button_share_sheet&amp;igsh=ZDNlZDc0MzIxNw==\" target=\"_blank\" rel=\"noopener\">Boni<\/a> (avenue des Chartreux, 4e)\u00a0; <a href=\"https:\/\/patisserieamandine.fr\/\" target=\"_blank\" rel=\"noopener\">Amandine<\/a> (bd Eug\u00e8ne-Pierre, 5e)\u00a0; <a href=\"https:\/\/www.instagram.com\/fermentsbakery?utm_source=ig_web_button_share_sheet&amp;igsh=ZDNlZDc0MzIxNw==\" target=\"_blank\" rel=\"noopener\">Ferments Bakery<\/a> (rue de Lodi, 6e)\u00a0; <a href=\"https:\/\/www.ohfaon.com\/\" target=\"_blank\" rel=\"noopener\">Oh Faon\u00a0!<\/a> (rue Edmond-Rostand, 6e)\u00a0; <a href=\"https:\/\/www.instagram.com\/coucagne_boulangerie?utm_source=ig_web_button_share_sheet&amp;igsh=ZDNlZDc0MzIxNw==\" target=\"_blank\" rel=\"noopener\">Coucagne<\/a> (rue de la Guadeloupe, 6e)\u00a0; <a href=\"https:\/\/www.paema-patisserie.fr\/\" target=\"_blank\" rel=\"noopener\">Pa\u00e9ma<\/a> (avenue Pasteur, 7e)\u00a0; <a href=\"https:\/\/www.encoreunmorceau.fr\/\" target=\"_blank\" rel=\"noopener\">Encore un morceau<\/a> (place Saint-Eug\u00e8ne, 7e)\u00a0; <a href=\"https:\/\/mtzbakery.com\/\" target=\"_blank\" rel=\"noopener\">MTZ Bakery<\/a> (avenue de Montredon, 8e)\u00a0; <a href=\"https:\/\/www.bricoleursdedouceurs.fr\/\" target=\"_blank\" rel=\"noopener\">Les Bricoleurs de douceurs<\/a> (bd Philippon, 4e\u00a0; avenue du Prado, 6e\u00a0; rue d&rsquo;Endoume, 7e\u00a0; bd du Cabot, 9e\u00a0; Aubagne).<\/p>\n<p>Le m\u00eame jour, le jury s&rsquo;est r\u00e9uni \u00e0 15 heures au sein du si\u00e8ge de La Provence pour d\u00e9guster et \u00e9lire ses deux podiums (l&rsquo;un pour la galette, l&rsquo;autre pour le g\u00e2teau, pas de jaloux chez les Rois !). Avant leur arriv\u00e9e, nous avions pris soin d&rsquo;anonymiser la d\u00e9gustation.<\/p>\n<p>\u00c0 ce petit jeu, une figure embl\u00e9matique de la p\u00e2tisserie marseillaise a tir\u00e9 son \u00e9pingle du jeu : Sylvain Depuichaffray, l&rsquo;artisan de la rue Grignan, a r\u00e9colt\u00e9 les deux m\u00e9dailles d&rsquo;or, en galette comme en g\u00e2teau ! Tout en gardant \u00e0 l&rsquo;esprit que l&rsquo;exercice du 7\u00a0janvier n&rsquo;est ni un sondage ni une d\u00e9gustation exhaustive de la production de l&rsquo;ensemble des centaines de boulangers et p\u00e2tissiers de la ville. Mais il marquait notre volont\u00e9 de mettre en avant leur travail remarquable <a href=\"https:\/\/www.laprovence.com\/article\/sortie-loisirs\/41222130518222\/la-galette-des-rois-se-realise-a-l-ancienne-chez-yannick-billega-jeune-artisan-boulanger-a-digne-les-bains\" target=\"_blank\" rel=\"noopener\">tout au long de l&rsquo;ann\u00e9e<\/a>.<\/p>\n<p>Le podium des g\u00e2teaux<\/p>\n<p>Sylvain Depuichaffray est l&rsquo;une des figures de la p\u00e2tisserie marseillaise. Avec sa femme Myriam, il m\u00e8ne la p\u00e2tisserie \u00e9ponyme du quartier du palais de justice depuis 2004. Nullement \u00e9mouss\u00e9 par ces plus de vingt ann\u00e9es de boutique, le Marseillais creuse toujours son sillon p\u00e2tissier, pointilleux et classique. Pas \u00e9tonnant, d\u00e8s lors, qu&rsquo;on retrouve Depuichaffray aussi \u00e0 l&rsquo;aise pour l&rsquo;\u00c9piphanie, grand exercice de tradition. Avec 72 points recueillis (un vote de 1ere place valait 9\u00a0points, une 2e place 8, jusqu&rsquo;\u00e0 1\u00a0point pour une 9e place et 0 pour un g\u00e2teau non class\u00e9 par le jur\u00e9), il se hisse sur la plus haute marche du podium des brioches des rois. Ce qu&rsquo;ont aim\u00e9 nos lecteurs dans son travail\u00a0? \u00ab\u00a0La texture l\u00e9g\u00e8re, a\u00e9r\u00e9, douce et moelleuse\u00a0\u00bb, \u00ab\u00a0les fruits confits g\u00e9n\u00e9reux\u00a0\u00bb, \u00ab\u00a0le visuel\u00a0\u00bb&#8230; Prix : 29 \u20ac.<\/p>\n<p>Il est talonn\u00e9 (70\u00a0points) par Boni, seul tenant de la boulangerie quand les autres laur\u00e9ats sont de pures p\u00e2tisseries. Oui mais la brioche (au levain et sur la base de produits bio, comme l&rsquo;ensemble de la production chez Boni) est aussi un art boulanger et l&rsquo;\u00e9choppe de l&rsquo;avenue des Chartreux en apporte une preuve convaincante selon nos jur\u00e9s qui la classent donc 2e. Lesquels ont aim\u00e9 \u00ab\u00a0l&rsquo;originalit\u00e9 des pommes confites\u00a0\u00bb, qui en a surpris et convaincu plus d&rsquo;un. Prix\u00a0: 28\u00a0\u20ac. Deux p\u00e2tissiers se partagent la 3e\u00a0place\u00a0: le duo des Bricoleurs de douceurs, Cl\u00e9ment Higgins et Aur\u00e9lie Poletto, grands habitu\u00e9s des lauriers p\u00e2tissiers \u00e0 Marseille (prix\u00a0: 30\u00a0\u20ac). Il partage la marche avec Sabrina Guez, talentueuse p\u00e2tissi\u00e8re qui ne travaille qu&rsquo;\u00e0 la commande en ligne sur sabrinaguez.fr (prix\u00a0: 26\u00a0\u20ac).<\/p>\n<p>La d\u00e9gustation des p\u00e2tisseries s&rsquo;est effectu\u00e9e \u00e0 l&rsquo;aveugle. Pour les onze jur\u00e9s, les p\u00e2tisseries ne correspondaient sur la table qu&rsquo;\u00e0 une suite de chiffres ou de lettres. Seule <a href=\"https:\/\/www.laprovence.com\/actualites-en-direct\" target=\"_blank\" rel=\"noopener\">la r\u00e9daction<\/a> avait la cl\u00e9 de cet anonymat qui n&rsquo;a \u00e9t\u00e9 d\u00e9voil\u00e9e qu&rsquo;apr\u00e8s les votes. Les journalistes de la r\u00e9daction n&rsquo;ont pas pris part au vote.<\/p>\n<p><img alt=\"La d\u00e9gustation a \u00e9t\u00e9 effectu\u00e9e \u00e0 l'aveugle, apr\u00e8s anonymisation des diff\u00e9rentes p\u00e2tisseries.\" loading=\"lazy\" decoding=\"async\" data-nimg=\"fill\" class=\" TwicCore_img__i9TC1 undefined  undefined\" style=\"position:absolute;height:100%;width:100%;left:0;top:0;right:0;bottom:0;color:transparent;background-size:cover;background-position:50% 50%;background-repeat:no-repeat;background-image:url(&quot;data:image\/svg+xml;charset=utf-8,%3Csvg xmlns='http:\/\/www.w3.org\/2000\/svg' %3E%3Cfilter id='b' color-interpolation-filters='sRGB'%3E%3CfeGaussianBlur stdDeviation='20'\/%3E%3CfeColorMatrix values='1 0 0 0 0 0 1 0 0 0 0 0 1 0 0 0 0 0 100 -1' result='s'\/%3E%3CfeFlood x='0' y='0' width='100%25' height='100%25'\/%3E%3CfeComposite operator='out' in='s'\/%3E%3CfeComposite in2='SourceGraphic'\/%3E%3CfeGaussianBlur stdDeviation='20'\/%3E%3C\/filter%3E%3Cimage width='100%25' height='100%25' x='0' y='0' preserveAspectRatio='none' style='filter: url(%23b);' href='https:\/\/pictures.laprovence.com\/cdn-cgi\/image\/blur=250\/media\/melody\/2026\/01\/10\/jury-la-provence-galette-frangipane-et-gateau-bricohe-epiphanie-2026-epiphanie-2026-070126nvi02-1768025428_240e2a26d06964e0e2a26d069521e2v_.jpg'\/%3E%3C\/svg%3E&quot;)\"   src=\"https:\/\/www.europesays.com\/fr\/wp-content\/uploads\/2026\/01\/1768053494_722_jury-la-provence-galette-frangipane-et-gateau-bricohe-epiphanie-2026-epiphanie-2026-070126nvi02-1768.jpeg\"\/>La d\u00e9gustation a \u00e9t\u00e9 effectu\u00e9e \u00e0 l&rsquo;aveugle, apr\u00e8s anonymisation des diff\u00e9rentes p\u00e2tisseries. \/ PHOTO N.V.Le podium des galettes<\/p>\n<p>On n&rsquo;est pas surpris par sa deuxi\u00e8me 1ere place. Mais sa constance au fil des ann\u00e9es force tout m\u00eame le respect. Sylvain Depuichaffray avait d\u00e9j\u00e0 remport\u00e9 notre concours de frangipane en\u00a02024, le voil\u00e0 de nouveau sacr\u00e9 roi de la galette en\u00a02026 par nos onze jur\u00e9s. Sa p\u00e2tisserie ne fait pas dans l&rsquo;esbroufe, juste dans le travail (tr\u00e8s) bien fait\u00a0: une classique frangipane \u00e0 la cr\u00e8me d&rsquo;amande et un feuilletage de concours. Ni plus ni moins mais c&rsquo;est d\u00e9j\u00e0 beaucoup tant il est difficile de faire aussi bon quand on fait aussi simple. Commentaires de quelques lecteurs\u00a0? \u00ab\u00a0Joli visuel classique, belle dorure et bien croustillante\u00a0\u00bb, \u00ab\u00a0tr\u00e8s bon go\u00fbt d&rsquo;amande\u00a0\u00bb, \u00ab\u00a0cr\u00e8me bien rehauss\u00e9e par le rhum\u00a0\u00bb. Prix\u00a0: 32,50\u00a0\u20ac.<\/p>\n<p>En deuxi\u00e8me position, on trouve la p\u00e2tissi\u00e8re Sophie\u00a0Lovergne, reconvertie du monde du marketing et install\u00e9e place Saint-Eug\u00e8ne (7e) depuis le printemps\u00a02022. L&rsquo;exp\u00e9rience du marketing n&rsquo;a pas pu l&rsquo;aider ici puisque la d\u00e9gustation s&rsquo;est faite \u00e0 l&rsquo;aveugle, sans aucun packaging particulier. Qu&rsquo;importe le flacon, c&rsquo;est la galette qui a parl\u00e9 pour elle-m\u00eame, avec son feuilletage cr\u00e8me d&rsquo;amande-cr\u00e8me p\u00e2tissi\u00e8re. \u00ab\u00a0Feuilletage parfait qui se mangerait tout seul et frangipane ni trop sucr\u00e9e ni trop s\u00e8che\u00a0\u00bb, a ainsi estim\u00e9 l&rsquo;une des jur\u00e9es. Prix\u00a0: 35\u00a0\u20ac.<\/p>\n<p>Enfin, Sabrina Guez semble se plaire sur la 3e\u00a0marche du podium puisqu&rsquo;on retrouve la p\u00e2tissi\u00e8re de Vauban (7e) pour la m\u00e9daille de bronze des frangipanes, elle qui l&rsquo;a aussi d\u00e9croch\u00e9e pour la brioche. Sa galette est une version classique mais tr\u00e8s joliment pr\u00e9sent\u00e9e, dans un moulage \u00e0 motif feuilles et \u00e0 l&rsquo;arrondi parfaitement dessin\u00e9. Ce qui a emport\u00e9 la d\u00e9cision du jury\u00a0? \u00ab\u00a0Le c\u00f4t\u00e9 bien beurr\u00e9 du feuilletage\u00a0\u00bb, \u00ab\u00a0le go\u00fbt prononc\u00e9 d&rsquo;amande\u00a0\u00bb&#8230; Prix : 26\u00a0\u20ac.<\/p>\n<p><a target=\"_self\" aria-label=\"Acc\u00e9der au dossier La Table de Gu\u00e9na\u00ebl\" class=\"w-full h-full flex flex-row rounded-lg\" data-xiti-chapter1=\"dossier\" data-xiti-chapter2=\"tag\" type=\"navigation\" href=\"https:\/\/www.laprovence.com\/dossiers\/125147\/la-table-de-guenael\" rel=\"noopener\"><img alt=\"Illustration du dossier La Table de Gu\u00e9na\u00ebl\" loading=\"lazy\" decoding=\"async\" data-nimg=\"fill\" class=\"rounded-lg\" style=\"position:absolute;height:100%;width:100%;left:0;top:0;right:0;bottom:0;object-fit:cover;color:transparent\"   src=\"https:\/\/www.europesays.com\/fr\/wp-content\/uploads\/2026\/01\/dossier-table-guenael.png\"\/><\/a><script async src=\"\/\/www.instagram.com\/embed.js\"><\/script><\/p>\n","protected":false},"excerpt":{"rendered":"L&rsquo;\u00c9piphanie est une f\u00eate rassembleuse, au-del\u00e0 m\u00eame de sa tradition chr\u00e9tienne, qui fixe au 6\u00a0janvier le jour de&hellip;\n","protected":false},"author":2,"featured_media":654091,"comment_status":"","ping_status":"","sticky":false,"template":"","format":"standard","meta":{"footnotes":""},"categories":[2814],"tags":[5734,1111,11,154,1777,674,1011,27,74679,1661,32232,151,884,9340,12,882,12348,25,3333],"class_list":{"0":"post-654090","1":"post","2":"type-post","3":"status-publish","4":"format-standard","5":"has-post-thumbnail","7":"category-marseille","8":"tag-5734","9":"tag-actu","10":"tag-actualites","11":"tag-des","12":"tag-eu","13":"tag-europe","14":"tag-fr","15":"tag-france","16":"tag-galettes","17":"tag-gastronomie","18":"tag-gateaux","19":"tag-les","20":"tag-marseille","21":"tag-meilleurs","22":"tag-news","23":"tag-provence-alpes-cote-dazur","24":"tag-quels","25":"tag-republique-francaise","26":"tag-sont"},"share_on_mastodon":{"url":"https:\/\/pubeurope.com\/@fr\/115871161145868736","error":""},"_links":{"self":[{"href":"https:\/\/www.europesays.com\/fr\/wp-json\/wp\/v2\/posts\/654090","targetHints":{"allow":["GET"]}}],"collection":[{"href":"https:\/\/www.europesays.com\/fr\/wp-json\/wp\/v2\/posts"}],"about":[{"href":"https:\/\/www.europesays.com\/fr\/wp-json\/wp\/v2\/types\/post"}],"author":[{"embeddable":true,"href":"https:\/\/www.europesays.com\/fr\/wp-json\/wp\/v2\/users\/2"}],"replies":[{"embeddable":true,"href":"https:\/\/www.europesays.com\/fr\/wp-json\/wp\/v2\/comments?post=654090"}],"version-history":[{"count":0,"href":"https:\/\/www.europesays.com\/fr\/wp-json\/wp\/v2\/posts\/654090\/revisions"}],"wp:featuredmedia":[{"embeddable":true,"href":"https:\/\/www.europesays.com\/fr\/wp-json\/wp\/v2\/media\/654091"}],"wp:attachment":[{"href":"https:\/\/www.europesays.com\/fr\/wp-json\/wp\/v2\/media?parent=654090"}],"wp:term":[{"taxonomy":"category","embeddable":true,"href":"https:\/\/www.europesays.com\/fr\/wp-json\/wp\/v2\/categories?post=654090"},{"taxonomy":"post_tag","embeddable":true,"href":"https:\/\/www.europesays.com\/fr\/wp-json\/wp\/v2\/tags?post=654090"}],"curies":[{"name":"wp","href":"https:\/\/api.w.org\/{rel}","templated":true}]}}