{"id":654104,"date":"2026-01-10T14:07:11","date_gmt":"2026-01-10T14:07:11","guid":{"rendered":"https:\/\/www.europesays.com\/fr\/654104\/"},"modified":"2026-01-10T14:07:11","modified_gmt":"2026-01-10T14:07:11","slug":"can-2025-algerie-nigeria-paris-marseille-roubaix-les-interdictions-et-mesures-de-securite-ce-samedi","status":"publish","type":"post","link":"https:\/\/www.europesays.com\/fr\/654104\/","title":{"rendered":"CAN 2025, Alg\u00e9rie-Nig\u00e9ria\u00a0: Paris, Marseille, Roubaix\u2026 Les interdictions et mesures de s\u00e9curit\u00e9 ce samedi"},"content":{"rendered":"<p class=\"paragraph text_align_left lp-f-body-02\">\u00c0 quelques heures du coup d\u2019envoi du quart de finale de la <a href=\"https:\/\/www.leparisien.fr\/sports\/football\/coupe-d-afrique-des-nations\/\" target=\"_blank\" rel=\"noreferrer noopener\">Coupe d\u2019Afrique des nations<\/a> entre l\u2019<a href=\"https:\/\/www.leparisien.fr\/sports\/football\/algerie\/\" target=\"_blank\" rel=\"noreferrer noopener\">Alg\u00e9rie<\/a> et le Nigeria, disput\u00e9 ce samedi 10 janvier au soir \u00e0 Marrakech, la pr\u00e9fecture de police de Paris a sorti l\u2019artillerie lourde. Un arr\u00eat\u00e9 pr\u00e9fectoral, publi\u00e9 mardi 7 janvier, interdit tout rassemblement et manifestation dans un vaste p\u00e9rim\u00e8tre du centre de Paris jusqu\u2019\u00e0 dimanche matin.<\/p>\n<p class=\"\">Les mesures sont strictes. Depuis vendredi 9 janvier 18 heures jusqu\u2019au dimanche 11 janvier \u00e0 6 heures, \u00ab toute manifestation sur la voie publique \u00e0 caract\u00e8re revendicatif, festif ou sportif \u00bb est interdite dans une zone \u00e9tendue qui englobe notamment les Champs-\u00c9lys\u00e9es, la place de l\u2019\u00c9toile, le jardin des Tuileries et remonte jusqu\u2019\u00e0 la porte Dauphine et la porte Maillot. L\u2019arr\u00eat\u00e9 vise \u00e9galement les \u00ab rassemblements de personnes \u00bb susceptibles de troubler l\u2019ordre public.<\/p>\n<p class=\"\">Un second arr\u00eat\u00e9 pr\u00e9fectoral autorise dans la capitale \u00ab l\u2019enregistrement et la transmission d\u2019images au moyen de cam\u00e9ras install\u00e9es sur des a\u00e9ronefs du 9 au 11 janvier \u00bb. L\u2019utilisation de drones doit permettre, selon les pouvoirs publics, \u00ab de disposer d\u2019une vision en grand angle tout en limitant l\u2019engagement des forces au sol, et le cas \u00e9ch\u00e9ant, d\u2019organiser de mani\u00e8re r\u00e9active et efficace leur d\u00e9ploiement op\u00e9rationnel, notamment en cas de mouvement de foule ou d\u2019actions violentes \u00bb.<\/p>\n<p>\u00ab D\u00e9bordements \u00bb<\/p>\n<p class=\"\">Cette d\u00e9cision intervient juste apr\u00e8s <a href=\"https:\/\/www.leparisien.fr\/sports\/football\/coupe-d-afrique-des-nations\/can-2025-paris-lyon-marseille-toulouse-scenes-de-liesse-et-parfois-de-violences-apres-la-qualification-de-lalgerie-07-01-2026-32E5EXXYAJFV5G6PAHKPKUWM4U.php\" target=\"_blank\" rel=\"noreferrer noopener\">les d\u00e9bordements survenus mardi soir \u00e0 Paris<\/a> et dans plusieurs grandes villes fran\u00e7aises, lors de la <a href=\"https:\/\/www.leparisien.fr\/sports\/football\/coupe-d-afrique-des-nations\/algerie-rd-congo-juste-entre-en-jeu-boulbina-envoie-les-fennecs-en-quarts-de-finale-dune-frappe-exceptionnelle-en-fin-de-prolongation-06-01-2026-IWJAEW35FFGPFBH4GHMUNTF56I.php\" target=\"_blank\" rel=\"noreferrer noopener\">qualification \u00e9pique de l\u2019Alg\u00e9rie<\/a> pour les quarts de finale. Dans le quartier de Barb\u00e8s, un rassemblement festif avec fumig\u00e8nes avait oblig\u00e9 la RATP \u00e0 fermer la station de m\u00e9tro pendant une heure, entre 20h30 et 21h30.<\/p>\n<p class=\"\">Les sc\u00e8nes \u00e9taient similaires \u00e0 Lyon, Marseille, Lille, Roubaix ou encore Toulouse. Dans le Nord, des mortiers d\u2019artifice ont \u00e9t\u00e9 tir\u00e9s vers les policiers \u00e0 Lille, blessant l\u00e9g\u00e8rement l\u2019un d\u2019eux. \u00c0 Roubaix, malgr\u00e9 un dispositif de s\u00e9curit\u00e9 renforc\u00e9 avec blocs de b\u00e9ton et restrictions de circulation, des tensions ont \u00e9clat\u00e9 entre la foule et les forces de l\u2019ordre. Plusieurs v\u00e9hicules et poubelles ont \u00e9t\u00e9 incendi\u00e9s. \u00c0 Toulouse, quatre v\u00e9hicules sont partis en fum\u00e9e.<\/p>\n<p class=\"\">Face \u00e0 cette escalade, le ministre de l\u2019Int\u00e9rieur Laurent Nu\u00f1ez a adress\u00e9 vendredi <a href=\"https:\/\/www.leparisien.fr\/sports\/football\/coupe-d-afrique-des-nations\/can-2025-la-mise-en-garde-du-ministere-de-linterieur-avant-les-quarts-de-finale-pour-eviter-de-nouveaux-debordements-09-01-2026-WM6Q4ZYCYBEABKZDPGPYAZXB7U.php?ts=1768040271149\" target=\"_blank\" rel=\"noreferrer noopener\">une missive \u00e0 l\u2019ensemble des pr\u00e9fets du pays<\/a>. S\u2019il reconna\u00eet que \u00ab des rassemblements spontan\u00e9s sont r\u00e9guli\u00e8rement observ\u00e9s sur la voie publique, t\u00e9moignant de l\u2019engouement collectif entourant cette Coupe \u00bb, il rappelle surtout qu\u2019ils \u00ab ont pu g\u00e9n\u00e9rer des d\u00e9bordements, notamment \u00e0 l\u2019occasion de la victoire de l\u2019Alg\u00e9rie \u00bb.<\/p>\n<p>\u00ab Application ferme \u00bb des mesures de s\u00e9curit\u00e9<\/p>\n<p class=\"\">Le ministre demande aux pr\u00e9fets de \u00ab mobiliser l\u2019ensemble des pouvoirs de police administrative \u00e0 leur disposition \u00bb, en particulier \u00ab en permettant de lutter contre l\u2019usage d\u00e9tourn\u00e9 des moyens pyrotechniques et mortiers d\u2019artifice \u00bb. Il insiste \u00e9galement sur \u00ab une application ferme \u00bb des mesures d\u2019\u00e9loignement \u00e0 l\u2019encontre des \u00e9trangers ayant troubl\u00e9 l\u2019ordre public.<\/p>\n<p class=\"\">Si les dispositifs \u00ab sont \u00e0 la main des pr\u00e9fectures \u00bb, rappelle le minist\u00e8re de l\u2019Int\u00e9rieur, Laurent Nunez a fait savoir qu\u2019il entendait que les \u00e9v\u00e9nements post match soient g\u00e9r\u00e9s \u00ab avec beaucoup de fermet\u00e9, aucun trouble ne devant \u00eatre tol\u00e9r\u00e9 \u00bb, indique-t-on place Beauvau.<\/p>\n<p class=\"\">\u00c0 Paris, les forces de l\u2019ordre seront massivement d\u00e9ploy\u00e9es dans les secteurs sensibles ce samedi soir. La circulation et le stationnement seront \u00e9galement perturb\u00e9s dans le p\u00e9rim\u00e8tre concern\u00e9. Les contrevenants \u00e0 l\u2019arr\u00eat\u00e9 s\u2019exposent \u00e0 des sanctions p\u00e9nales.<\/p>\n<p class=\"\">Plus au sud, et pour \u00e9viter les incidents, la pr\u00e9fecture des <a href=\"https:\/\/www.leparisien.fr\/bouches-du-rhone-13\/\" target=\"_blank\" rel=\"noreferrer noopener\">Bouches-du-Rh\u00f4ne<\/a> a quant \u00e0 elle d\u00e9cid\u00e9 de son c\u00f4t\u00e9 d\u2019interdire le stationnement \u00e0 partir de 17 heures et la circulation des v\u00e9hicules \u00e0 moteur de 18 heures \u00e0 minuit sur une partie du Vieux-Port \u00e0 Marseille.<\/p>\n<p class=\"\">Au nord, la ville de Roubaix renouvelle \u00e9galement son arr\u00eat\u00e9 pour interdire la circulation dans certains secteurs. Si l\u2019Alg\u00e9rie se qualifie, des mesures semblables pourraient \u00eatre reconduites pour les demi-finales du 14 janvier.<\/p>\n","protected":false},"excerpt":{"rendered":"\u00c0 quelques heures du coup d\u2019envoi du quart de finale de la Coupe d\u2019Afrique des nations entre l\u2019Alg\u00e9rie&hellip;\n","protected":false},"author":2,"featured_media":654105,"comment_status":"","ping_status":"","sticky":false,"template":"","format":"standard","meta":{"footnotes":""},"categories":[1888],"tags":[11,71594,1777,674,63,1011,27,12,626,25,60],"class_list":{"0":"post-654104","1":"post","2":"type-post","3":"status-publish","4":"format-standard","5":"has-post-thumbnail","7":"category-paris","8":"tag-actualites","9":"tag-can","10":"tag-eu","11":"tag-europe","12":"tag-football","13":"tag-fr","14":"tag-france","15":"tag-news","16":"tag-paris","17":"tag-republique-francaise","18":"tag-sports"},"share_on_mastodon":{"url":"https:\/\/pubeurope.com\/@fr\/115871196386306476","error":""},"_links":{"self":[{"href":"https:\/\/www.europesays.com\/fr\/wp-json\/wp\/v2\/posts\/654104","targetHints":{"allow":["GET"]}}],"collection":[{"href":"https:\/\/www.europesays.com\/fr\/wp-json\/wp\/v2\/posts"}],"about":[{"href":"https:\/\/www.europesays.com\/fr\/wp-json\/wp\/v2\/types\/post"}],"author":[{"embeddable":true,"href":"https:\/\/www.europesays.com\/fr\/wp-json\/wp\/v2\/users\/2"}],"replies":[{"embeddable":true,"href":"https:\/\/www.europesays.com\/fr\/wp-json\/wp\/v2\/comments?post=654104"}],"version-history":[{"count":0,"href":"https:\/\/www.europesays.com\/fr\/wp-json\/wp\/v2\/posts\/654104\/revisions"}],"wp:featuredmedia":[{"embeddable":true,"href":"https:\/\/www.europesays.com\/fr\/wp-json\/wp\/v2\/media\/654105"}],"wp:attachment":[{"href":"https:\/\/www.europesays.com\/fr\/wp-json\/wp\/v2\/media?parent=654104"}],"wp:term":[{"taxonomy":"category","embeddable":true,"href":"https:\/\/www.europesays.com\/fr\/wp-json\/wp\/v2\/categories?post=654104"},{"taxonomy":"post_tag","embeddable":true,"href":"https:\/\/www.europesays.com\/fr\/wp-json\/wp\/v2\/tags?post=654104"}],"curies":[{"name":"wp","href":"https:\/\/api.w.org\/{rel}","templated":true}]}}