{"id":654112,"date":"2026-01-10T14:11:11","date_gmt":"2026-01-10T14:11:11","guid":{"rendered":"https:\/\/www.europesays.com\/fr\/654112\/"},"modified":"2026-01-10T14:11:11","modified_gmt":"2026-01-10T14:11:11","slug":"turquie-et-royaume-uni-signent-des-accords-commerciaux-pour-renforcer-leurs-relations-bilaterales-business-am","status":"publish","type":"post","link":"https:\/\/www.europesays.com\/fr\/654112\/","title":{"rendered":"Turquie et Royaume-Uni signent des accords commerciaux pour renforcer leurs relations bilat\u00e9rales &#8211; Business AM"},"content":{"rendered":"<p>                    <img decoding=\"async\" style=\"aspect-ratio:16\/9\" src=\"https:\/\/www.europesays.com\/fr\/wp-content\/uploads\/2026\/01\/GettyImages-2254285478-1.jpg\" width=\"100%\" loading=\"eager\"\/><\/p>\n<p>                            <a href=\"https:\/\/fr.businessam.be\/author\/redactie\/\" class=\"author-thumbnail\" style=\"border: 2px inset #00000099;\" target=\"_blank\" rel=\"noopener\"><img loading=\"lazy\" decoding=\"async\" src=\"https:\/\/www.europesays.com\/fr\/wp-content\/uploads\/2026\/01\/1768054271_126_cropped-favicon-192x192.png\" width=\"80\" height=\"80\" alt=\"Business AM\"\/><\/a>\ue05bpar <a href=\"https:\/\/fr.businessam.be\/author\/redactie\/\" target=\"_blank\" rel=\"noopener\">Business AM<\/a><br \/>\ue010publi\u00e9 le samedi 10 janvier 2026 \u00e0 13:28 \u2022 <br \/>\ue00c3 min de lecture<\/p>\n<p>Principaux renseignements<\/p>\n<ul class=\"wp-block-list\">\n<li><strong>La Turquie et le Royaume-Uni ont sign\u00e9 de nouveaux accords visant \u00e0 stimuler le commerce bilat\u00e9ral.<\/strong><\/li>\n<li><strong>Les accords ont pour objectif d\u2019approfondir la coop\u00e9ration, de moderniser les accords commerciaux existants et d\u2019ouvrir de nouvelles opportunit\u00e9s d\u2019investissement.<\/strong><\/li>\n<li><strong>Les deux pays partagent la m\u00eame vision pour atteindre des objectifs commerciaux ambitieux d\u00e9passant les 25 milliards d\u2019euros \u00e0 court terme.<\/strong><\/li>\n<\/ul>\n<p>La Turquie et le <a href=\"https:\/\/www.gov.uk\/government\/news\/enhanced-uk-turkey-free-trade-agreement-negotiations-update\" target=\"_blank\" rel=\"noopener\">Royaume-Uni<\/a> ont renforc\u00e9 leur engagement \u00e0 am\u00e9liorer leurs <a href=\"https:\/\/fr.businessam.be\/la-turquie-mise-sur-de-nouveaux-accords-commerciaux-pour-renforcer-son-economie\/\" target=\"_blank\" rel=\"noreferrer noopener\">relations commerciales bilat\u00e9rales<\/a>. Lors d\u2019une visite \u00e0 Londres du ministre turc du Commerce, \u00d6mer Bolat, de nouveaux accords ont \u00e9t\u00e9 sign\u00e9s, notamment un plan d\u2019action du Comit\u00e9 mixte \u00e9conomique et commercial (JETCO) et un accord de reconnaissance mutuelle des op\u00e9rateurs \u00e9conomiques agr\u00e9\u00e9s. Les accords visent \u00e0 approfondir la coop\u00e9ration et \u00e0 ouvrir la voie \u00e0 la r\u00e9alisation d\u2019objectifs commerciaux ambitieux.<\/p>\n<p>Bolat a rencontr\u00e9 Peter Kyle, secr\u00e9taire d\u2019\u00c9tat britannique au commerce et aux affaires, afin de discuter de l\u2019expansion des opportunit\u00e9s commerciales et d\u2019investissement. Bolat a soulign\u00e9 la solide base de confiance mutuelle entre les deux nations et leur vision commune du d\u00e9veloppement durable. Il s\u2019est dit convaincu que les accords sign\u00e9s donneraient un nouvel \u00e9lan au partenariat \u00e9conomique entre la Turquie et le Royaume-Uni.<\/p>\n<p>Renforcer les opportunit\u00e9s d\u2019investissement<\/p>\n<p>Le plan d\u2019action JETCO d\u00e9finit 16 mesures concr\u00e8tes visant \u00e0 renforcer la collaboration. Les n\u00e9gociations visant \u00e0 moderniser l\u2019accord de libre-\u00e9change existant, qui est entr\u00e9 en vigueur en 2021, ont \u00e9galement progress\u00e9 de mani\u00e8re significative. Bolat a soulign\u00e9 la position avantageuse de la Turquie en mati\u00e8re d\u2019investissements gr\u00e2ce \u00e0 sa main-d\u2019\u0153uvre jeune et qualifi\u00e9e, \u00e0 sa situation g\u00e9ographique strat\u00e9gique et \u00e0 son programme complet d\u2019incitations \u00e0 l\u2019investissement.<\/p>\n<p>Les entreprises turques devraient renforcer leur pr\u00e9sence mondiale gr\u00e2ce \u00e0 des partenariats avec des entreprises britanniques et internationales. Les discussions ont \u00e9galement port\u00e9 sur les avantages d\u2019un protocole d\u2019accord sur la coop\u00e9ration dans les pays tiers, visant \u00e0 ouvrir de nouvelles opportunit\u00e9s d\u2019investissement. L\u2019accord de libre-\u00e9change existant a d\u00e9j\u00e0 contribu\u00e9 \u00e0 une augmentation substantielle du commerce bilat\u00e9ral, qui a progress\u00e9 de plus de 4 milliards d\u2019euros au cours des quatre derni\u00e8res ann\u00e9es.<\/p>\n<p>Avec un objectif de 25 milliards d\u2019euros \u00e0 court terme et de 34 milliards d\u2019euros \u00e0 moyen terme, la Turquie et le Royaume-Uni sont d\u00e9termin\u00e9s \u00e0 exploiter pleinement le potentiel de leur partenariat \u00e9conomique.<\/p>\n<p><a href=\"https:\/\/news.google.com\/publications\/CAowtseUCw?hl=fr&amp;gl=BE&amp;ceid=BE%3Afr\" target=\"_blank\" rel=\"noopener\">Suivez \u00e9galement Business AM sur Google Actualit\u00e9s<\/a><\/p>\n<p><a href=\"https:\/\/portalfr.businessam.be\/plans\/business-am-fr-offre-dete\/\" target=\"_blank\" rel=\"noopener\">Si vous souhaitez acc\u00e9der \u00e0 tous les articles, abonnez-vous ici!<\/a><\/p>\n","protected":false},"excerpt":{"rendered":"\ue05bpar Business AM\ue010publi\u00e9 le samedi 10 janvier 2026 \u00e0 13:28 \u2022 \ue00c3 min de lecture Principaux renseignements La&hellip;\n","protected":false},"author":2,"featured_media":654113,"comment_status":"","ping_status":"","sticky":false,"template":"","format":"standard","meta":{"footnotes":""},"categories":[1588],"tags":[7608,11,1777,674,12,75708,75709,473,1853,3496,1851,1850,1852],"class_list":{"0":"post-654112","1":"post","2":"type-post","3":"status-publish","4":"format-standard","5":"has-post-thumbnail","7":"category-royaume-uni","8":"tag-accord-commercial","9":"tag-actualites","10":"tag-eu","11":"tag-europe","12":"tag-news","13":"tag-omer-bolat","14":"tag-peter-kyle","15":"tag-royaume-uni","16":"tag-royaume-uni-de-grande-bretagne-et-dirlande-du-nord","17":"tag-turquie","18":"tag-uk","19":"tag-united-kingdom","20":"tag-united-kingdom-of-great-britain-and-northern-ireland"},"share_on_mastodon":{"url":"https:\/\/pubeurope.com\/@fr\/115871212252668989","error":""},"_links":{"self":[{"href":"https:\/\/www.europesays.com\/fr\/wp-json\/wp\/v2\/posts\/654112","targetHints":{"allow":["GET"]}}],"collection":[{"href":"https:\/\/www.europesays.com\/fr\/wp-json\/wp\/v2\/posts"}],"about":[{"href":"https:\/\/www.europesays.com\/fr\/wp-json\/wp\/v2\/types\/post"}],"author":[{"embeddable":true,"href":"https:\/\/www.europesays.com\/fr\/wp-json\/wp\/v2\/users\/2"}],"replies":[{"embeddable":true,"href":"https:\/\/www.europesays.com\/fr\/wp-json\/wp\/v2\/comments?post=654112"}],"version-history":[{"count":0,"href":"https:\/\/www.europesays.com\/fr\/wp-json\/wp\/v2\/posts\/654112\/revisions"}],"wp:featuredmedia":[{"embeddable":true,"href":"https:\/\/www.europesays.com\/fr\/wp-json\/wp\/v2\/media\/654113"}],"wp:attachment":[{"href":"https:\/\/www.europesays.com\/fr\/wp-json\/wp\/v2\/media?parent=654112"}],"wp:term":[{"taxonomy":"category","embeddable":true,"href":"https:\/\/www.europesays.com\/fr\/wp-json\/wp\/v2\/categories?post=654112"},{"taxonomy":"post_tag","embeddable":true,"href":"https:\/\/www.europesays.com\/fr\/wp-json\/wp\/v2\/tags?post=654112"}],"curies":[{"name":"wp","href":"https:\/\/api.w.org\/{rel}","templated":true}]}}