{"id":654116,"date":"2026-01-10T14:13:12","date_gmt":"2026-01-10T14:13:12","guid":{"rendered":"https:\/\/www.europesays.com\/fr\/654116\/"},"modified":"2026-01-10T14:13:12","modified_gmt":"2026-01-10T14:13:12","slug":"ce-pays-bloque-lia-leurope-et-le-royaume-uni-montent-au-creneau","status":"publish","type":"post","link":"https:\/\/www.europesays.com\/fr\/654116\/","title":{"rendered":"ce pays bloque l\u2019IA, l\u2019Europe et le Royaume-Uni montent au cr\u00e9neau"},"content":{"rendered":"<p class=\"rev-margin-0 rev-text-xs-normal\">L\u2019Indon\u00e9sie a annonc\u00e9 ce samedi 10 janvier la suspension temporaire dans le pays de Grok, l\u2019assistant d\u2019intelligence artificielle de la plateforme X d\u2019Elon Musk.<\/p>\n<p class=\"rev-margin-0 rev-text-xs-bold\">\/ PHOTO MAXPP &#8211; Mojahid Mottakin<\/p>\n<p>Ces images, r\u00e9alis\u00e9es en demandant \u00e0 <a href=\"https:\/\/www.laprovence.com\/article\/societe\/1638459229674715\/reseaux-sociaux-lexecutif-europeen-punit-x-apres-que-grok-leur-ia-a-deshabille-des-filles\" target=\"_blank\" rel=\"noopener\">Grok <\/a>de d\u00e9nuder des personnes r\u00e9elles \u00e0 partir de ses photos ou vid\u00e9os, ont suscit\u00e9 des protestations \u00e0 travers le monde.<\/p>\n<p>\u00ab\u00a0Afin de prot\u00e9ger les femmes, les enfants et le public contre les risques de faux contenus pornographiques g\u00e9n\u00e9r\u00e9s \u00e0 l\u2019aide de la technologie d\u2019<a href=\"https:\/\/www.laprovence.com\/article\/france-monde\/97814294088542\/fausses-videos-sexuelles-de-mineurs-generees-par-grok-illegales-degoutantes-denonce-lunion-europeenne\" target=\"_blank\" rel=\"noopener\">intelligence artificielle<\/a>, le gouvernement a temporairement bloqu\u00e9 l\u2019acc\u00e8s \u00e0 l\u2019application Grok\u00a0\u00bb, a indiqu\u00e9 la ministre de la Communication et du Num\u00e9rique, Meutya Hafid, dans un communiqu\u00e9.<\/p>\n<p>\u00ab\u00a0Le gouvernement consid\u00e8re les pratiques de deepfake non consensuelles comme une violation grave des droits humains, de la dignit\u00e9 et de la s\u00e9curit\u00e9 des citoyens dans l\u2019espace num\u00e9rique\u00a0\u00bb, a soulign\u00e9 dans son communiqu\u00e9, le minist\u00e8re qui a convoqu\u00e9 des repr\u00e9sentants de X afin d\u2019obtenir des \u00e9claircissements sur cette affaire.<\/p>\n<p>Interpell\u00e9 sur X par de nombreux utilisateurs scandalis\u00e9s, <a href=\"https:\/\/www.laprovence.com\/article\/societe\/30449069173827\/lia-grok-utilisee-pour-denuder-des-femmes-les-politiques-sinsurgent-face-a-lampleur-du-phenomene\" target=\"_blank\" rel=\"noopener\">Grok <\/a>a r\u00e9pondu vendredi que la g\u00e9n\u00e9ration et l\u2019\u00e9dition d\u2019images \u00e9taient \u00ab\u00a0actuellement r\u00e9serv\u00e9es aux abonn\u00e9s payants\u00a0\u00bb. \u00ab\u00a0Vous pouvez vous abonner pour d\u00e9bloquer ces fonctionnalit\u00e9s\u00a0\u00bb, a-t-elle pr\u00e9cis\u00e9.<\/p>\n<p>Cette d\u00e9sactivation limit\u00e9e a suscit\u00e9 l\u2019indignation du Royaume-Uni, l\u2019un des critiques les plus virulents d\u2019Elon Musk.<\/p>\n<p>Cette mesure \u00ab\u00a0transforme simplement une fonctionnalit\u00e9 qui permet la cr\u00e9ation d\u2019images ill\u00e9gales en un service premium\u00a0\u00bb, et constitue \u00ab\u00a0une insulte aux victimes de misogynie et de violences sexuelles\u00a0\u00bb, a d\u00e9nonc\u00e9 un porte-parole du Premier ministre britannique Keir Starmer.<\/p>\n<p>\u00c0 Bruxelles, la Commission europ\u00e9enne a \u00ab\u00a0pris note des derni\u00e8res modifications\u00a0\u00bb mais les a jug\u00e9es insuffisantes.<\/p>\n<p>\u00ab\u00a0L\u2019action de la France et de l\u2019Europe paye\u00a0: X restreint l\u2019utilisation de Grok. C\u2019est un premier pas, mais la lutte contre les d\u00e9rives de l\u2019IA doit se poursuivre\u00a0\u00bb, a \u00e9crit sur Bluesky Roland Lescure, ministre fran\u00e7ais de l\u2019\u00c9conomie.<\/p>\n<p>M.\u00a0Lescure a rappel\u00e9 que la France avait \u00ab\u00a0saisi la justice et continuera d\u2019exiger des plateformes qu\u2019elles respectent nos lois si elles veulent profiter de notre march\u00e9\u00a0\u00bb.<\/p>\n<p><img alt=\"\" loading=\"lazy\" width=\"18\" height=\"18\" decoding=\"async\" data-nimg=\"1\" class=\"mx-[8px]\" style=\"color:transparent\" src=\"https:\/\/www.laprovence.com\/_next\/static\/media\/comment.b95dda91.svg\"\/>D\u00e9marrez la conversation<\/p>\n<p class=\"text-[1.8rem] mt-[32px]\">Votre opinion compte pour nous. Rejoignez la communaut\u00e9 laprovence.com en r\u00e9agissant sur l&rsquo;article Grok accus\u00e9 de deepfakes\u00a0: ce pays bloque l\u2019IA, l\u2019Europe et le Royaume-Uni montent au cr\u00e9neau.<\/p>\n","protected":false},"excerpt":{"rendered":"L\u2019Indon\u00e9sie a annonc\u00e9 ce samedi 10 janvier la suspension temporaire dans le pays de Grok, l\u2019assistant d\u2019intelligence artificielle&hellip;\n","protected":false},"author":2,"featured_media":654117,"comment_status":"","ping_status":"","sticky":false,"template":"","format":"standard","meta":{"footnotes":""},"categories":[1586],"tags":[5734,10983,11,17273,75710,1777,674,1011,27,8090,1808,7466,12,5457,25,104],"class_list":{"0":"post-654116","1":"post","2":"type-post","3":"status-publish","4":"format-standard","5":"has-post-thumbnail","7":"category-europe","8":"tag-5734","9":"tag-accuse","10":"tag-actualites","11":"tag-bloque","12":"tag-deepfakes","13":"tag-eu","14":"tag-europe","15":"tag-fr","16":"tag-france","17":"tag-grok","18":"tag-leurope","19":"tag-lia","20":"tag-news","21":"tag-pays","22":"tag-republique-francaise","23":"tag-societe"},"share_on_mastodon":{"url":"https:\/\/pubeurope.com\/@fr\/115871219953145099","error":""},"_links":{"self":[{"href":"https:\/\/www.europesays.com\/fr\/wp-json\/wp\/v2\/posts\/654116","targetHints":{"allow":["GET"]}}],"collection":[{"href":"https:\/\/www.europesays.com\/fr\/wp-json\/wp\/v2\/posts"}],"about":[{"href":"https:\/\/www.europesays.com\/fr\/wp-json\/wp\/v2\/types\/post"}],"author":[{"embeddable":true,"href":"https:\/\/www.europesays.com\/fr\/wp-json\/wp\/v2\/users\/2"}],"replies":[{"embeddable":true,"href":"https:\/\/www.europesays.com\/fr\/wp-json\/wp\/v2\/comments?post=654116"}],"version-history":[{"count":0,"href":"https:\/\/www.europesays.com\/fr\/wp-json\/wp\/v2\/posts\/654116\/revisions"}],"wp:featuredmedia":[{"embeddable":true,"href":"https:\/\/www.europesays.com\/fr\/wp-json\/wp\/v2\/media\/654117"}],"wp:attachment":[{"href":"https:\/\/www.europesays.com\/fr\/wp-json\/wp\/v2\/media?parent=654116"}],"wp:term":[{"taxonomy":"category","embeddable":true,"href":"https:\/\/www.europesays.com\/fr\/wp-json\/wp\/v2\/categories?post=654116"},{"taxonomy":"post_tag","embeddable":true,"href":"https:\/\/www.europesays.com\/fr\/wp-json\/wp\/v2\/tags?post=654116"}],"curies":[{"name":"wp","href":"https:\/\/api.w.org\/{rel}","templated":true}]}}