{"id":65412,"date":"2025-04-30T22:13:11","date_gmt":"2025-04-30T22:13:11","guid":{"rendered":"https:\/\/www.europesays.com\/fr\/65412\/"},"modified":"2025-04-30T22:13:11","modified_gmt":"2025-04-30T22:13:11","slug":"toulouse-sort-mondeville-des-playoffs-apres-une-formidable-bataille-de-lusom","status":"publish","type":"post","link":"https:\/\/www.europesays.com\/fr\/65412\/","title":{"rendered":"Toulouse sort Mondeville des playoffs apr\u00e8s une formidable bataille de l\u2019USOM"},"content":{"rendered":"<p>            Par<br \/>\n        <strong><br \/>\n            <a href=\"https:\/\/actu.fr\/auteur\/maxence-gorregues\" title=\"Consulter tous les articles de Maxence Gorregues\" target=\"_blank\" rel=\"noopener\">Maxence Gorregues<\/a><br \/>\n        <\/strong><\/p>\n<p>        Publi\u00e9 le<\/p>\n<p>            30 avr. 2025 \u00e0 21h50        <\/p>\n<p>Elles \u00e9taient dos au mur avant cette demi-finale retour des play-offs de Ligue f\u00e9minine 2. Apr\u00e8s avoir perdu \u00e0 l\u2019aller \u00e0 <b>Toulouse<\/b> (<a href=\"https:\/\/actu.fr\/normandie\/mondeville_14437\/basket-apres-une-rencontre-de-haut-niveau-luso-mondeville-sincline-a-toulouse_62564498.html\" target=\"_blank\" rel=\"noopener\">73-62<\/a>), les joueuses de <b>l\u2019USO Mondeville<\/b> accueillaient les Haut Garonnaises dans <b>une halle B\u00e9r\u00e9govoy pleine \u00e0 craquer<\/b>, ce mercredi 30 avril 2025. Le d\u00e9but de match n\u2019\u00e9tait pas \u00e0 la faveur des Normandes (11-18, 9e), mais les joueuses de Morgan Debrosse s\u2019accrochaient dur et grignotaient peu \u00e0 peu leur retard. Mieux, elles passaient devant sur un tir \u00e0 3-points (31-30, 28e). \u00c0 la pause, c\u2019est bien les Mondevillaises qui \u00e9taient devant (34-33, 20e).<\/p>\n<p>Rush de Toulouse dans les derni\u00e8res minutes<\/p>\n<p class=\" wall-content\">La partie restait serr\u00e9e jusqu\u2019au bout. Dans le troisi\u00e8me quart-temps, les Lionnes normandes continuaient de s\u2019accrocher. Shelby Saint Juste faisait bondir la salle sur un panier de pr\u00e8s (44-45, 28e). Le suspense continuait avec notamment un panier de Lucile J\u00e9rome (55-58, 35e). La salle \u00e9tait \u00e0 fond derri\u00e8re son \u00e9quipe. Mais des <b>interceptions sous le panier adverse<\/b> donnaient plusieurs contres \u00e0 des Toulousaines qui les exploitaient parfaitement (55-67, 37e). L\u2019\u00e9cart \u00e9tait trop cons\u00e9quent, et l\u2019USOM ne pouvait d\u00e8s lors plus \u00e9viter une d\u00e9faite synonyme de fin de saison (61-74, 40e).<\/p>\n<p>La marque<\/p>\n<p class=\" wall-content\"><b>. Mondeville<\/b> : Belleka 5 points, J\u00e9r\u00f4me 4, Saint Juste 7, Batey 12, Diakit\u00e9 12, Derdriau 4, Gentien, Germond 5, Kasongo 7, Zounia et Wembanyama 3.<br \/>.<b> Toulouse<\/b> : Ciss\u00e9 15 points, Prugnieres 5, Dram\u00e9 12, De Freitas 16, Lewis 14, Soulard 7, Whittaker 3, Mfonow 2, Klewinski et Traor\u00e9.\u00a0<\/p>\n<p class=\" wall-content\">Suivez toute l\u2019actualit\u00e9 de vos villes et m\u00e9dias favoris en vous inscrivant \u00e0 <a href=\"https:\/\/moncompte.actu.fr\" title=\"D\u00e9couvez Mon Actu\" rel=\"nofollow noopener\" data-trk=\"{&quot;cta&quot;:{&quot;action&quot;:&quot;https:\\\/\\\/moncompte.actu.fr&quot;,&quot;category&quot;:&quot;mon compte&quot;,&quot;from&quot;:&quot;article footer&quot;,&quot;name&quot;:&quot;Mon actu&quot;,&quot;type&quot;:&quot;cta&quot;}}\" target=\"_blank\">Mon Actu<\/a>.<\/p>\n","protected":false},"excerpt":{"rendered":"Par Maxence Gorregues Publi\u00e9 le 30 avr. 2025 \u00e0 21h50 Elles \u00e9taient dos au mur avant cette demi-finale&hellip;\n","protected":false},"author":2,"featured_media":65413,"comment_status":"","ping_status":"","sticky":false,"template":"","format":"standard","meta":{"footnotes":""},"categories":[2816],"tags":[1111,11,1465,5164,1777,674,1011,27,12,2680,25,60,2312,16511],"class_list":{"0":"post-65412","1":"post","2":"type-post","3":"status-publish","4":"format-standard","5":"has-post-thumbnail","7":"category-toulouse","8":"tag-actu","9":"tag-actualites","10":"tag-basket","11":"tag-calvados","12":"tag-eu","13":"tag-europe","14":"tag-fr","15":"tag-france","16":"tag-news","17":"tag-occitanie","18":"tag-republique-francaise","19":"tag-sports","20":"tag-toulouse","21":"tag-uso-mondeville"},"share_on_mastodon":{"url":"https:\/\/pubeurope.com\/@fr\/114429218346307418","error":""},"_links":{"self":[{"href":"https:\/\/www.europesays.com\/fr\/wp-json\/wp\/v2\/posts\/65412","targetHints":{"allow":["GET"]}}],"collection":[{"href":"https:\/\/www.europesays.com\/fr\/wp-json\/wp\/v2\/posts"}],"about":[{"href":"https:\/\/www.europesays.com\/fr\/wp-json\/wp\/v2\/types\/post"}],"author":[{"embeddable":true,"href":"https:\/\/www.europesays.com\/fr\/wp-json\/wp\/v2\/users\/2"}],"replies":[{"embeddable":true,"href":"https:\/\/www.europesays.com\/fr\/wp-json\/wp\/v2\/comments?post=65412"}],"version-history":[{"count":0,"href":"https:\/\/www.europesays.com\/fr\/wp-json\/wp\/v2\/posts\/65412\/revisions"}],"wp:featuredmedia":[{"embeddable":true,"href":"https:\/\/www.europesays.com\/fr\/wp-json\/wp\/v2\/media\/65413"}],"wp:attachment":[{"href":"https:\/\/www.europesays.com\/fr\/wp-json\/wp\/v2\/media?parent=65412"}],"wp:term":[{"taxonomy":"category","embeddable":true,"href":"https:\/\/www.europesays.com\/fr\/wp-json\/wp\/v2\/categories?post=65412"},{"taxonomy":"post_tag","embeddable":true,"href":"https:\/\/www.europesays.com\/fr\/wp-json\/wp\/v2\/tags?post=65412"}],"curies":[{"name":"wp","href":"https:\/\/api.w.org\/{rel}","templated":true}]}}