{"id":654127,"date":"2026-01-10T14:20:09","date_gmt":"2026-01-10T14:20:09","guid":{"rendered":"https:\/\/www.europesays.com\/fr\/654127\/"},"modified":"2026-01-10T14:20:09","modified_gmt":"2026-01-10T14:20:09","slug":"continuite-ou-virage-strategique-ogara-face-a-sa-decision-la-plus-lourde-depuis-son-arrivee-a-la-rochelle","status":"publish","type":"post","link":"https:\/\/www.europesays.com\/fr\/654127\/","title":{"rendered":"Continuit\u00e9 ou virage strat\u00e9gique : O\u2019Gara face \u00e0 sa d\u00e9cision la plus lourde depuis son arriv\u00e9e \u00e0 La Rochelle ?"},"content":{"rendered":"<p>                Une question claire, une d\u00e9cision attendue<\/p>\n<p>Ronan O\u2019Gara n\u2019est pas du genre \u00e0 laisser planer le doute tr\u00e8s longtemps. Et pourtant, son avenir \u00e0 La Rochelle <strong>n\u2019a jamais sembl\u00e9 aussi ouvert<\/strong>. En poste depuis 2019, l\u2019entra\u00eeneur irlandais arrive \u00e0 un moment charni\u00e8re de son aventure maritime.<\/p>\n<p>Sous contrat jusqu\u2019en 2026, le manager rochelais doit d\u00e9cider s\u2019il repart pour une derni\u00e8re saison sur le banc jaune et noir\u2026 ou s\u2019il choisit de tourner la page d\u00e8s cet \u00e9t\u00e9.<\/p>\n<p>Apr\u00e8s plusieurs campagnes europ\u00e9ennes \u00e9reintantes et un statut d\u00e9sormais bien install\u00e9, la question n\u2019est plus taboue en interne. Elle est m\u00eame devenue centrale. \u00ab\u00a0D\u2019importantes discussions se pr\u00e9parent avec Ronan O\u2019Gara\u00a0\u00bb, nous apprend ainsi <a href=\"https:\/\/www.rugbypass.com\/fr\/news\/discussions-sur-lavenir-de-ronan-ogara-a-la-rochelle\/\" target=\"_blank\" rel=\"noopener\">RugbyPass<\/a>.<\/p>\n<p><strong>Il est pourtant sous contrat jusqu&rsquo;en 2027 avec le <a href=\"https:\/\/www.lerugbynistere.fr\/clubs\/atlantique-stade-rochelais.php\" ui-sref=\"app.team({teamId: 30})\" alt=\"Stade Rochelais\" data-route=\"app.team\" data-param=\"teamId\" data-id=\"30\" target=\"_blank\" rel=\"noopener\">Stade Rochelais<\/a><\/strong>, avec qui il avait prolong\u00e9 en 2022. Peut-on imaginer un d\u00e9part anticip\u00e9 \u00e0 la fin de l&rsquo;exercice en cours ? Ou bien une derni\u00e8re saison avant de prendre les r\u00eanes d&rsquo;un club club&#8230; voire d&rsquo;une s\u00e9lection nationale ?<\/p>\n<p>La fin d\u2019un cycle \u00e0 La Rochelle ?<\/p>\n<p>On ne peut pas\u00a0parler d\u2019\u00e9chec quand on a hiss\u00e9 un club deux fois au sommet de l\u2019Europe, mais le rugby est aussi une affaire de cycles. Depuis deux ans, La Rochelle donne parfois le sentiment de forcer son jeu, de chercher l\u2019\u00e9tincelle qui venait autrefois naturellement.<\/p>\n<p>L\u2019effectif reste dense, le staff exp\u00e9riment\u00e9, mais l\u2019usure mentale guette toujours apr\u00e8s autant de campagnes intenses. <strong>O\u2019Gara, lui, n\u2019a jamais cach\u00e9 son exigence extr\u00eame, ni son investissement total. <\/strong><\/p>\n<p>La question n\u2019est donc pas tant sportive que personnelle : a-t-il encore l\u2019\u00e9nergie pour repartir sur un nouveau cycle \u00e0 Deflandre ? D&rsquo;autant que pas moins de 14 joueurs sont en fin de contrat \u00e0 l&rsquo;issue de la saison. <strong>Sans parler de l&rsquo;\u00e2ge avanc\u00e9 de nombreux joueurs<\/strong> comme Botia, Douglas (36 ans), Atonio (35 ans), West (34 ans), Skelton et Leyds (33 ans) pour ne citer qu&rsquo;eux.<\/p>\n<p>O\u2019Gara, un profil taill\u00e9 pour le niveau international<\/p>\n<p>Depuis plusieurs saisons, son nom revient d\u00e8s qu\u2019un banc de s\u00e9lection se lib\u00e8re. <a href=\"https:\/\/www.lerugbynistere.fr\/equipes-nationales\/angleterre.php\" ui-sref=\"app.team({teamId: 58})\" alt=\"Angleterre\" data-route=\"app.team\" data-param=\"teamId\" data-id=\"58\" target=\"_blank\" rel=\"noopener\">Angleterre<\/a>, <a href=\"https:\/\/www.lerugbynistere.fr\/equipes-nationales\/wallabies.php\" ui-sref=\"app.team({teamId: 26})\" alt=\"Australie\" data-route=\"app.team\" data-param=\"teamId\" data-id=\"26\" target=\"_blank\" rel=\"noopener\">Australie<\/a>, Irlande\u2026 et m\u00eame la <a href=\"https:\/\/www.lerugbynistere.fr\/equipes-nationales\/xv-de-france.php\" ui-sref=\"app.team({teamId: 65})\" alt=\"France\" data-route=\"app.team\" data-param=\"teamId\" data-id=\"65\" target=\"_blank\" rel=\"noopener\">France<\/a>, qu\u2019il a d\u00e9j\u00e0 \u00e9voqu\u00e9e sans d\u00e9tour. Pour rappel, Fabien Galthi\u00e9 est sous contrat jusqu&rsquo;en juin 2028.\u00a0<\/p>\n<p>O\u2019Gara ne s\u2019en cache plus : il est attir\u00e9 par un poste de s\u00e9lectionneur. Son management, sa vision tactique et son exp\u00e9rience du tr\u00e8s haut niveau europ\u00e9en font de lui <strong>un candidat naturel pour l\u2019Irlande apr\u00e8s la <a href=\"https:\/\/www.lerugbynistere.fr\/international\/coupe-du-monde-rugby\/\" ui-sref=\"app.competition({competitionId: 9})\" alt=\"Coupe du monde\" data-route=\"app.competition\" data-param=\"competitionId\" data-id=\"9\" target=\"_blank\" rel=\"noopener\">Coupe du monde<\/a> 2027<\/strong>, lorsque Andy Farrell pourrait passer la main.<\/p>\n<p>\u00c0 ce niveau-l\u00e0, le timing est crucial, et une derni\u00e8re ann\u00e9e en club peut aussi \u00eatre vue comme une transition.<\/p>\n<p>Pourquoi ces discussions comptent vraiment<\/p>\n<p>Pour La Rochelle, la d\u00e9cision d\u2019O\u2019Gara conditionne tout : continuit\u00e9 ou nouveau projet, stabilit\u00e9 ou virage strat\u00e9gique. Pour le coach irlandais, c\u2019est potentiellement le choix le plus important de sa carri\u00e8re.<\/p>\n<p><strong>Rester, c\u2019est tenter de relancer une machine qu\u2019il conna\u00eet par c\u0153ur<\/strong>. Partir, c\u2019est ouvrir un nouveau chapitre, peut-\u00eatre vers le Graal ultime : diriger une s\u00e9lection nationale.<\/p>\n<p>M\u00eame dans une p\u00e9riode plus d\u00e9licate, O\u2019Gara reste scrut\u00e9, comment\u00e9, convoit\u00e9. Preuve de son statut. Peu d\u2019entra\u00eeneurs de club peuvent se permettre d\u2019avoir le luxe du choix. Lui, oui. Et c\u2019est pr\u00e9cis\u00e9ment ce qui rend les prochaines semaines passionnantes.<\/p>\n","protected":false},"excerpt":{"rendered":"Une question claire, une d\u00e9cision attendue Ronan O\u2019Gara n\u2019est pas du genre \u00e0 laisser planer le doute tr\u00e8s&hellip;\n","protected":false},"author":2,"featured_media":654128,"comment_status":"","ping_status":"","sticky":false,"template":"","format":"standard","meta":{"footnotes":""},"categories":[1416],"tags":[1011,27,479,1468,60],"class_list":{"0":"post-654127","1":"post","2":"type-post","3":"status-publish","4":"format-standard","5":"has-post-thumbnail","7":"category-rugby","8":"tag-fr","9":"tag-france","10":"tag-rugby","11":"tag-rugby-football","12":"tag-sports"},"share_on_mastodon":{"url":"https:\/\/pubeurope.com\/@fr\/115871247459973709","error":""},"_links":{"self":[{"href":"https:\/\/www.europesays.com\/fr\/wp-json\/wp\/v2\/posts\/654127","targetHints":{"allow":["GET"]}}],"collection":[{"href":"https:\/\/www.europesays.com\/fr\/wp-json\/wp\/v2\/posts"}],"about":[{"href":"https:\/\/www.europesays.com\/fr\/wp-json\/wp\/v2\/types\/post"}],"author":[{"embeddable":true,"href":"https:\/\/www.europesays.com\/fr\/wp-json\/wp\/v2\/users\/2"}],"replies":[{"embeddable":true,"href":"https:\/\/www.europesays.com\/fr\/wp-json\/wp\/v2\/comments?post=654127"}],"version-history":[{"count":0,"href":"https:\/\/www.europesays.com\/fr\/wp-json\/wp\/v2\/posts\/654127\/revisions"}],"wp:featuredmedia":[{"embeddable":true,"href":"https:\/\/www.europesays.com\/fr\/wp-json\/wp\/v2\/media\/654128"}],"wp:attachment":[{"href":"https:\/\/www.europesays.com\/fr\/wp-json\/wp\/v2\/media?parent=654127"}],"wp:term":[{"taxonomy":"category","embeddable":true,"href":"https:\/\/www.europesays.com\/fr\/wp-json\/wp\/v2\/categories?post=654127"},{"taxonomy":"post_tag","embeddable":true,"href":"https:\/\/www.europesays.com\/fr\/wp-json\/wp\/v2\/tags?post=654127"}],"curies":[{"name":"wp","href":"https:\/\/api.w.org\/{rel}","templated":true}]}}