{"id":654131,"date":"2026-01-10T14:25:13","date_gmt":"2026-01-10T14:25:13","guid":{"rendered":"https:\/\/www.europesays.com\/fr\/654131\/"},"modified":"2026-01-10T14:25:13","modified_gmt":"2026-01-10T14:25:13","slug":"cc-championnat-de-france-u17-garcons-classement-actualite","status":"publish","type":"post","link":"https:\/\/www.europesays.com\/fr\/654131\/","title":{"rendered":"CC &#8211; Championnat de France &#8211; U17 Gar\u00e7ons : Classement &#8211; Actualit\u00e9"},"content":{"rendered":"<p>                                                                    <img decoding=\"async\" src=\"https:\/\/www.europesays.com\/fr\/wp-content\/uploads\/2026\/01\/6962475ba6cae.jpg\" height=\"auto\" loading=\"lazy\"\/><br \/>\n                                                                    Cr\u00e9dit photo Alexis Dancerelle \/ DirectVelo<\/p>\n<p class=\"images-caption\">Cr\u00e9dit photo Alexis Dancerelle \/ DirectVelo<\/p>\n<p class=\"metadata\">\n            Par<br \/>\n        <strong class=\"text-black\">NICOLAS BERRIEGTS<\/strong><br \/>\n                    <br \/>Le<br \/>\n    10 janvier 2026, 13:33<\/p>\n<p style=\"text-align: justify;\">Enzo Conan (Bretagne) est devenu, ce samedi, \u00e0 Troyes (Aube), Champion de France U17 Gar\u00e7ons de cyclo-cross. Il a devanc\u00e9 deux coureurs du Grand Est, Maxime Brisson et Jules Griesbaecher.<\/p>\n<p style=\"text-align: justify;\">Enzo Conan succ\u00e8de \u00e0 Axel Martineau (Pays de la Loire) au palmar\u00e8s.<\/p>\n<p><strong>Classement :<br \/><\/strong>1. CONAN Enzo BRETAGNE en 29&rsquo;14\u00a0\u00bb<br \/>2. BRISSON Maxime GRAND EST +0:24<br \/>3. GRIESBAECHER Jules GRAND EST +0:40<br \/>4. VEYRAC Robin OCCITANIE +01:06<br \/>5. FROGER Aodren PAYS DE LA LOIRE +01:11<br \/>6. GENTER Vivien ILE DE FRANCE +01:16<br \/>7. COLIN Theo BRETAGNE +01:18<br \/>8. DRUJON Robin GRAND EST +01:26<br \/>9. MAIRE F\u00e9lix BOURGOGNE FRANCHE COMTE +01:28<br \/>10. BOUILLET Justin BOURGOGNE FRANCHE COMTE +01:32<br \/>11. CLERE Fran\u00e7ois R\u00e9gis ILE DE FRANCE +01:38<br \/>12. BOUTELOUP Victor ILE DE FRANCE +01:44<br \/>13. BRIAND Come BRETAGNE +01:48<br \/>14. DAVOUST Tylio PAYS DE LA LOIRE +01:51<br \/>15. LOMBARDOT Mae BOURGOGNE FRANCHE COMTE +02:03<br \/>16. CALVEZ Robin BRETAGNE +02:07<br \/>17. USSEGLIO Tom HAUTS DE FRANCE +02:09<br \/>18. DIEUDONNE L\u00e9o REGION SUD +02:11<br \/>19. LE BERRE Jules CENTRE VAL DE LOIRE +02:29<br \/>20. LAOUENAN Robin BRETAGNE +02:33<br \/>21. LETOUZE Kimmy NORMANDIE +02:33<br \/>22. VICHARD Jules BOURGOGNE FRANCHE COMTE +02:50<br \/>23. BALBOUS Nathanael BRETAGNE +02:53<br \/>24. AUGENDRE COURTOIS Ilan BOURGOGNE FRANCHE COMTE +03:07<br \/>25. CHABERT Leo OCCITANIE +03:13<br \/>26. TR\u00c9MELO L\u00e9opold BRETAGNE +03:15<br \/>27. DOBROWOLSKI Nylan AUVERGNE-RHONE-ALPES +03:18<br \/>28. CODABEY Aaron NORMANDIE +03:22<br \/>29. FELIX Valentin AUVERGNE-RHONE-ALPES +03:24<br \/>30. VANAELST Maxime NOUVELLE AQUITAINE +03:24<br \/>31. PTAK Morgan ILE DE FRANCE +03:28<br \/>32. KERISIT Nolan BRETAGNE +03:32<br \/>33. SCHWINDLING Ethan AUVERGNE-RHONE-ALPES +03:33<br \/>34. FERNANDEZ L\u00e9o HAUTS DE FRANCE +03:34<br \/>35. ROGIER Raphael GRAND EST +03:41<br \/>36. AGUIRRE LAVIN Cl\u00e9ment PAYS DE LA LOIRE +03:44<br \/>37. BERHAULT Evan NORMANDIE +03:51<br \/>38. BOURBIGOT Tom BRETAGNE +03:54<br \/>39. TARDY Robin GRAND EST +03:56<br \/>40. SABOURIN Baptiste CENTRE VAL DE LOIRE +04:02<br \/>41. ARCHAMBAUD Alexis PAYS DE LA LOIRE +04:03<br \/>42. ANNEZO Justin BRETAGNE +04:05<br \/>43. AUCLAIR Milo AUVERGNE-RHONE-ALPES +04:14<br \/>44. LESOURD Louis Marie GRAND EST +04:19<br \/>45. BAUD Maxime AUVERGNE-RHONE-ALPES +04:22<br \/>46. NOEL Marius ILE DE FRANCE +04:23<br \/>47. PINEAU Tom NOUVELLE AQUITAINE +04:23<br \/>48. DESSERRE L\u00e9opold ILE DE FRANCE +04:23<br \/>49. ROUSSEL Nathan NORMANDIE +04:26<br \/>50. LALLOU\u00cbT Arthur NOUVELLE AQUITAINE +04:27<br \/>51. KIRSCH Th\u00e9o BOURGOGNE FRANCHE COMTE +04:27<br \/>52. HIMMESOETE Rapha\u00ebl HAUTS DE FRANCE +04:27<br \/>53. BENTZINGER Mathieu GRAND EST +04:36<br \/>54. PRETET Hugo BOURGOGNE FRANCHE COMTE +04:41<br \/>55. BEAUGILLET Eliott CENTRE VAL DE LOIRE +04:43<br \/>56. ENGOULVENT Lenny PAYS DE LA LOIRE +04:44<br \/>57. VERGER Nathanael PAYS DE LA LOIRE +04:46<br \/>58. DESGROUSILLIERS Jacques HAUTS DE FRANCE +04:58<br \/>59. REGAZZI L\u00e9onard ILE DE FRANCE +05:04<br \/>60. BOUSSIOUX Ma\u00ebl OCCITANIE +05:10<br \/>61. SIRE CLERC Gatien BOURGOGNE FRANCHE COMTE +05:12<br \/>62. BOUCHER Tibere PAYS DE LA LOIRE +05:13<br \/>63. OMPRARET Gabin OCCITANIE +05:17<br \/>64. KASZUBA Dorian NOUVELLE AQUITAINE +05:32<br \/>65. FILLY Quentin REGION SUD +05:39<br \/>66. GROSJEAN Marcel GRAND EST +05:49<br \/>67. EL BENNANI Elias PAYS DE LA LOIRE +05:52<br \/>68. THOMAS Robin AUVERGNE-RHONE-ALPES +06:51<\/p>\n<p><strong>Abandons :<\/strong><br \/>ZUGER MILAZZO Ilan OCCITANIE\u00a0<br \/>DUPONT Axel REGION SUD<br \/>TREMOULET Paul OCCITANIE\u00a0<br \/>LEDOUX Louis HAUTS DE FRANCE<br \/>JEANJEAN No\u00e9 AUVERGNE-RHONE-ALPES<br \/>Remerciements \u00e0 Fr\u00e9d\u00e9ric Lafargue &#8211; <a href=\"http:\/\/www.stsport.fr\" target=\"_blank\" rel=\"noopener\">www.stsport.fr<\/a>\u00a0<\/p>\n<p>            En savoir plus : coureurs et \u00e9quipes associ\u00e9s<\/p>\n<p>                Coureurs<\/p>\n<p>                    <img decoding=\"async\" src=\"https:\/\/www.europesays.com\/fr\/wp-content\/uploads\/2025\/10\/6742e5c5121ee.JPG\" height=\"auto\" loading=\"lazy\"\/><\/p>\n<p>                            Portrait de Enzo CONAN<\/p>\n<p>                \u00c9quipes<\/p>\n","protected":false},"excerpt":{"rendered":"Cr\u00e9dit photo Alexis Dancerelle \/ DirectVelo Cr\u00e9dit photo Alexis Dancerelle \/ DirectVelo Par NICOLAS BERRIEGTS Le 10 janvier&hellip;\n","protected":false},"author":2,"featured_media":654132,"comment_status":"","ping_status":"","sticky":false,"template":"","format":"standard","meta":{"footnotes":""},"categories":[1411],"tags":[834,828,836,829,837,827,83,826,824,823,1154,207,814,817,815,816,822,821,832,211,839,1011,27,820,818,819,835,831,830,833,838,60,212,208,825],"class_list":{"0":"post-654131","1":"post","2":"type-post","3":"status-publish","4":"format-standard","5":"has-post-thumbnail","7":"category-cyclisme","8":"tag-attaque","9":"tag-belgique","10":"tag-braquet","11":"tag-bretagne","12":"tag-chute","13":"tag-competition","14":"tag-coupe-de-france","15":"tag-coureur","16":"tag-course-cyclisme","17":"tag-course-cycliste","18":"tag-cycling","19":"tag-cyclisme","20":"tag-direct","21":"tag-direct-velo","22":"tag-directvelo","23":"tag-directvelo-com","24":"tag-epreuve","25":"tag-epreuve-cycliste","26":"tag-federation-francaise-de-cyclisme","27":"tag-ffc","28":"tag-flandres","29":"tag-fr","30":"tag-france","31":"tag-live","32":"tag-live-course","33":"tag-live-epreuve","34":"tag-peloton","35":"tag-radio-peloton","36":"tag-radio-tour","37":"tag-ravitaillement","38":"tag-relance","39":"tag-sports","40":"tag-uci","41":"tag-velo","42":"tag-velos"},"share_on_mastodon":{"url":"https:\/\/pubeurope.com\/@fr\/115871267300317053","error":""},"_links":{"self":[{"href":"https:\/\/www.europesays.com\/fr\/wp-json\/wp\/v2\/posts\/654131","targetHints":{"allow":["GET"]}}],"collection":[{"href":"https:\/\/www.europesays.com\/fr\/wp-json\/wp\/v2\/posts"}],"about":[{"href":"https:\/\/www.europesays.com\/fr\/wp-json\/wp\/v2\/types\/post"}],"author":[{"embeddable":true,"href":"https:\/\/www.europesays.com\/fr\/wp-json\/wp\/v2\/users\/2"}],"replies":[{"embeddable":true,"href":"https:\/\/www.europesays.com\/fr\/wp-json\/wp\/v2\/comments?post=654131"}],"version-history":[{"count":0,"href":"https:\/\/www.europesays.com\/fr\/wp-json\/wp\/v2\/posts\/654131\/revisions"}],"wp:featuredmedia":[{"embeddable":true,"href":"https:\/\/www.europesays.com\/fr\/wp-json\/wp\/v2\/media\/654132"}],"wp:attachment":[{"href":"https:\/\/www.europesays.com\/fr\/wp-json\/wp\/v2\/media?parent=654131"}],"wp:term":[{"taxonomy":"category","embeddable":true,"href":"https:\/\/www.europesays.com\/fr\/wp-json\/wp\/v2\/categories?post=654131"},{"taxonomy":"post_tag","embeddable":true,"href":"https:\/\/www.europesays.com\/fr\/wp-json\/wp\/v2\/tags?post=654131"}],"curies":[{"name":"wp","href":"https:\/\/api.w.org\/{rel}","templated":true}]}}