{"id":654137,"date":"2026-01-10T14:28:10","date_gmt":"2026-01-10T14:28:10","guid":{"rendered":"https:\/\/www.europesays.com\/fr\/654137\/"},"modified":"2026-01-10T14:28:10","modified_gmt":"2026-01-10T14:28:10","slug":"cliche-de-zef-soleil-glace-au-relecq-kerhuon","status":"publish","type":"post","link":"https:\/\/www.europesays.com\/fr\/654137\/","title":{"rendered":"Clich\u00e9 de Zef\u00a0: soleil glac\u00e9 au\u00a0Relecq-Kerhuon"},"content":{"rendered":"<p>\u00ab\u00a0La nature fait des siennes\u00a0\u00bb, a lanc\u00e9 Alain Perron, auteur de ce clich\u00e9. Le gel s\u2019est empar\u00e9 de sa fen\u00eatre de toit, au petit matin du jour de l&rsquo;An, au Relecq-Kerhuon. Le soleil, \u00e0 peine lev\u00e9, perce peu \u00e0 peu la couche de glace. Merci \u00e0 lui\u00a0! Si vous souhaitez, vous aussi, contribuer \u00e0 cette rubrique, adressez vos images, en haute r\u00e9solution et imp\u00e9rativement en format paysage (\u00e9vitez le mode panoramique), \u00e0 l\u2019adresse courriel cliches.brest@letelegramme.fr. Portraits, paysages, sc\u00e8nes de la vie quotidienne, insolite\u2026 Tout est permis\u00a0! L\u2019envoi de vos prises de vue vaut autorisation gratuite de les publier dans Le T\u00e9l\u00e9gramme, sur letelegramme.fr et les r\u00e9seaux sociaux.<\/p>\n","protected":false},"excerpt":{"rendered":"\u00ab\u00a0La nature fait des siennes\u00a0\u00bb, a lanc\u00e9 Alain Perron, auteur de ce clich\u00e9. Le gel s\u2019est empar\u00e9 de&hellip;\n","protected":false},"author":2,"featured_media":654138,"comment_status":"","ping_status":"","sticky":false,"template":"","format":"standard","meta":{"footnotes":""},"categories":[1358],"tags":[1348,1384,1385,3450,22873,1386,58,59,1011,27,11202],"class_list":{"0":"post-654137","1":"post","2":"type-post","3":"status-publish","4":"format-standard","5":"has-post-thumbnail","7":"category-arts-et-design","8":"tag-arts","9":"tag-arts-and-design","10":"tag-arts-et-design","11":"tag-brest","12":"tag-cliche-de-zef","13":"tag-design","14":"tag-divertissement","15":"tag-entertainment","16":"tag-fr","17":"tag-france","18":"tag-le-relecq-kerhuon"},"share_on_mastodon":{"url":"https:\/\/pubeurope.com\/@fr\/115871278858606893","error":""},"_links":{"self":[{"href":"https:\/\/www.europesays.com\/fr\/wp-json\/wp\/v2\/posts\/654137","targetHints":{"allow":["GET"]}}],"collection":[{"href":"https:\/\/www.europesays.com\/fr\/wp-json\/wp\/v2\/posts"}],"about":[{"href":"https:\/\/www.europesays.com\/fr\/wp-json\/wp\/v2\/types\/post"}],"author":[{"embeddable":true,"href":"https:\/\/www.europesays.com\/fr\/wp-json\/wp\/v2\/users\/2"}],"replies":[{"embeddable":true,"href":"https:\/\/www.europesays.com\/fr\/wp-json\/wp\/v2\/comments?post=654137"}],"version-history":[{"count":0,"href":"https:\/\/www.europesays.com\/fr\/wp-json\/wp\/v2\/posts\/654137\/revisions"}],"wp:featuredmedia":[{"embeddable":true,"href":"https:\/\/www.europesays.com\/fr\/wp-json\/wp\/v2\/media\/654138"}],"wp:attachment":[{"href":"https:\/\/www.europesays.com\/fr\/wp-json\/wp\/v2\/media?parent=654137"}],"wp:term":[{"taxonomy":"category","embeddable":true,"href":"https:\/\/www.europesays.com\/fr\/wp-json\/wp\/v2\/categories?post=654137"},{"taxonomy":"post_tag","embeddable":true,"href":"https:\/\/www.europesays.com\/fr\/wp-json\/wp\/v2\/tags?post=654137"}],"curies":[{"name":"wp","href":"https:\/\/api.w.org\/{rel}","templated":true}]}}