{"id":654139,"date":"2026-01-10T14:30:11","date_gmt":"2026-01-10T14:30:11","guid":{"rendered":"https:\/\/www.europesays.com\/fr\/654139\/"},"modified":"2026-01-10T14:30:11","modified_gmt":"2026-01-10T14:30:11","slug":"les-rois-de-la-reno-tarek-el-moussa-et-christina-hall-font-leur-grand-retour","status":"publish","type":"post","link":"https:\/\/www.europesays.com\/fr\/654139\/","title":{"rendered":"Les rois de la r\u00e9no\u00a0: Tarek El Moussa et Christina Hall font leur grand retour"},"content":{"rendered":"<p>\n\t\t\t\t\t\tPubli\u00e9 le 10\/01\/2026 \u00e0 11:55<\/p>\n<p><strong> Les rois de la r\u00e9no<\/strong>  sont de retour sur 6ter ce samedi 10 janvier 2026 d\u00e8s 12h40. <strong>Tarek El Moussa<\/strong> et <strong>Christina Hall<\/strong> ont \u00e9t\u00e9 remplac\u00e9s depuis plusieurs mois\u2026<\/p>\n<p>6ter mise chaque samedi apr\u00e8s-midi sur <a href=\"https:\/\/toutelatele.ouest-france.fr\/les-rois-de-la-reno-1388\" target=\"_blank\" rel=\"noopener\"><strong> Les rois de la r\u00e9no<\/strong> <\/a>. Mais depuis le 1er novembre 2025, <a href=\"https:\/\/toutelatele.ouest-france.fr\/les-rois-de-la-reno-c-est-fini-pour-tarek-el-moussa-180357\" class=\"spip_in\" target=\"_blank\" rel=\"noopener\">l\u2019\u00e9mission a \u00e9t\u00e9 mise en pause<\/a> pour laisser place \u00e0 des t\u00e9l\u00e9films de No\u00ebl. Puis, les samedis 27 d\u00e9cembre 2025 et 3 janvier 2026, la cha\u00eene a programm\u00e9 la s\u00e9rie <strong> Hawaii 5-0<\/strong> .<\/p>\n<p>En moyenne, les huit \u00e9pisodes de <a href=\"https:\/\/toutelatele.ouest-france.fr\/hawaii-5-0-959\" target=\"_blank\" rel=\"noopener\"><strong> Hawaii 5-0<\/strong> <\/a> du samedi 3 janvier 2026, diffus\u00e9s entre 11h30 et 17h45, ont rassembl\u00e9 en moyenne 189 000 t\u00e9l\u00e9spectateurs, soit 1,9% de part de march\u00e9 sur les quatre ans et plus.<\/p>\n<p>Tarek El Moussa et Christina Hall de retour sur 6ter<\/p>\n<p>La semaine pr\u00e9c\u00e9dente, le samedi 27 d\u00e9cembre 2025, les sept \u00e9pisodes de <strong> Hawaii 5-0<\/strong> , propos\u00e9s entre 11h26 et 17h23, ont r\u00e9uni en moyenne 158 000 personnes, soit 1,8% du public pr\u00e9sent. Sur la cible commerciale, les \u00e9pisodes diffus\u00e9s de 12h15 \u00e0 17h23, ont s\u00e9duit en moyenne 3% des femmes responsables des achats de moins de 50 ans. Les deux derni\u00e8res p\u00e9rip\u00e9ties r\u00e9alisent une belle performance avec 3,9% sur cette cible.<\/p>\n<p>Par ailleurs, apr\u00e8s plus de deux mois de pause, <strong> Les rois de la r\u00e9no<\/strong>  font leur grand retour sur 6ter ce samedi 10 janvier 2026 d\u00e8s 12h40. Les t\u00e9l\u00e9spectateurs retrouveront donc <strong>Tarek El Moussa<\/strong> et <strong>Christina Hall<\/strong>, <a href=\"https:\/\/toutelatele.ouest-france.fr\/les-rois-de-la-reno-christina-haack-au-plus-mal-selon-son-ex-tarek-el-moussa-elle-traverse-une-periode-tres-difficile-175241\" class=\"spip_in\" target=\"_blank\" rel=\"noopener\">qui a r\u00e9cemment \u00e9t\u00e9 au plus mal<\/a>. La cha\u00eene mise sur des rediffusions de la saison 9 de la s\u00e9rie.<\/p>\n<p>Les rois de la r\u00e9no reviennent sur 6ter<\/p>\n<p>Au total, 12 num\u00e9ros des <strong> Rois de la r\u00e9no<\/strong>  seront propos\u00e9s de 12h40 \u00e0 18h10, en lead-in de Norbert commis d\u2019office. La semaine suivante,  le samedi 17 janvier 2026, <a href=\"https:\/\/toutelatele.ouest-france.fr\/6ter-1004\" target=\"_blank\" rel=\"noopener\">6ter<\/a> r\u00e9it\u00e8re sa strat\u00e9gie avec 12 autres \u00e9pisodes, mais d\u00e8s 12h20 et jusqu\u2019\u00e0 18 heures.<\/p>\n<p>6ter mise sur trois rediffusions de la saison 9 de 12h20 \u00e0 13h50. Ensuite, la cha\u00eene mettra \u00e0 l\u2019honneur la saison 5 de l\u2019\u00e9mission, avec toujours Tarek El Moussa et Christina Hall. Ainsi, pour d\u00e9buter cette nouvelle ann\u00e9e, 6ter ne change pas de strat\u00e9gie et continue de miser, comme c\u2019est le cas depuis de nombreuses ann\u00e9es, sur <strong> Les rois de la r\u00e9no<\/strong>  pour ses samedis apr\u00e8s-midis.<\/p>\n<p><strong> Les rois de la r\u00e9no<\/strong>  sont \u00e0 retrouver tous les samedis d\u00e8s 12h40 sur 6ter.<\/p>\n","protected":false},"excerpt":{"rendered":"Publi\u00e9 le 10\/01\/2026 \u00e0 11:55 Les rois de la r\u00e9no sont de retour sur 6ter ce samedi 10&hellip;\n","protected":false},"author":2,"featured_media":654140,"comment_status":"","ping_status":"","sticky":false,"template":"","format":"standard","meta":{"footnotes":""},"categories":[1356],"tags":[58,59,1011,27,252,1364],"class_list":{"0":"post-654139","1":"post","2":"type-post","3":"status-publish","4":"format-standard","5":"has-post-thumbnail","7":"category-television","8":"tag-divertissement","9":"tag-entertainment","10":"tag-fr","11":"tag-france","12":"tag-television","13":"tag-tv"},"share_on_mastodon":{"url":"https:\/\/pubeurope.com\/@fr\/115871286852466547","error":""},"_links":{"self":[{"href":"https:\/\/www.europesays.com\/fr\/wp-json\/wp\/v2\/posts\/654139","targetHints":{"allow":["GET"]}}],"collection":[{"href":"https:\/\/www.europesays.com\/fr\/wp-json\/wp\/v2\/posts"}],"about":[{"href":"https:\/\/www.europesays.com\/fr\/wp-json\/wp\/v2\/types\/post"}],"author":[{"embeddable":true,"href":"https:\/\/www.europesays.com\/fr\/wp-json\/wp\/v2\/users\/2"}],"replies":[{"embeddable":true,"href":"https:\/\/www.europesays.com\/fr\/wp-json\/wp\/v2\/comments?post=654139"}],"version-history":[{"count":0,"href":"https:\/\/www.europesays.com\/fr\/wp-json\/wp\/v2\/posts\/654139\/revisions"}],"wp:featuredmedia":[{"embeddable":true,"href":"https:\/\/www.europesays.com\/fr\/wp-json\/wp\/v2\/media\/654140"}],"wp:attachment":[{"href":"https:\/\/www.europesays.com\/fr\/wp-json\/wp\/v2\/media?parent=654139"}],"wp:term":[{"taxonomy":"category","embeddable":true,"href":"https:\/\/www.europesays.com\/fr\/wp-json\/wp\/v2\/categories?post=654139"},{"taxonomy":"post_tag","embeddable":true,"href":"https:\/\/www.europesays.com\/fr\/wp-json\/wp\/v2\/tags?post=654139"}],"curies":[{"name":"wp","href":"https:\/\/api.w.org\/{rel}","templated":true}]}}