{"id":654143,"date":"2026-01-10T14:32:17","date_gmt":"2026-01-10T14:32:17","guid":{"rendered":"https:\/\/www.europesays.com\/fr\/654143\/"},"modified":"2026-01-10T14:32:17","modified_gmt":"2026-01-10T14:32:17","slug":"michael-b-jordan-a-eu-besoin-de-faire-une-therapie-apres-avoir-joue-killmonger-dans-black-panther","status":"publish","type":"post","link":"https:\/\/www.europesays.com\/fr\/654143\/","title":{"rendered":"Michael B. Jordan a eu besoin de faire une th\u00e9rapie apr\u00e8s avoir jou\u00e9 Killmonger dans \u00ab\u00a0Black Panther\u00a0\u00bb"},"content":{"rendered":"<p>Jouer Erik Killmonger dans Black Panther a eu un co\u00fbt \u00e9motionnel important pour <a href=\"https:\/\/www.20minutes.fr\/arts-stars\/people\/4188260-20251129-michael-b-jordan-remercie-all-my-children-soap-opera-lance-carriere\" rel=\"nofollow noopener\" target=\"_blank\" class=\"c-link c-link--is-underlined\">Michael B. Jordan<\/a>. L\u2019acteur de 38 ans \u00e9tait de passage sur le plateau de <a href=\"https:\/\/www.youtube.com\/watch?v=cUPCwnQx9g0&amp;embeds_referring_euri=https%3A%2F%2Fwww.revolt.tv%2F&amp;source_ve_path=OTY3MTQ\" rel=\"nofollow noopener\" target=\"_blank\" class=\"c-link c-link--is-underlined\">CBS Sunday Morning<\/a> lorsqu\u2019il a r\u00e9v\u00e9l\u00e9 avoir d\u00fb consulter un th\u00e9rapeute \u00e0 la suite du tournage du blockbuster sorti en\u00a02018. \u00ab\u00a0Apr\u00e8s le film, \u00e7a m\u2019est un peu rest\u00e9. Je suis all\u00e9 en th\u00e9rapie, j\u2019en ai parl\u00e9 et j\u2019ai trouv\u00e9 un moyen de d\u00e9compresser. \u00c0 ce moment-l\u00e0, je n\u2019avais pas encore tout \u00e0 fait compris que j\u2019avais besoin d\u2019un sas de d\u00e9compression apr\u00e8s avoir jou\u00e9 un personnage\u00a0\u00bb, a-t-il confi\u00e9.<\/p>\n<p>Pour incarner le cousin de T\u2019Challa (jou\u00e9 par le regrett\u00e9 <a href=\"https:\/\/www.20minutes.fr\/arts-stars\/people\/4187060-20251121-chadwick-boseman-honore-etoile-titre-posthume-hollywood-walk-of-fame\" rel=\"nofollow noopener\" target=\"_blank\" class=\"c-link c-link--is-underlined\">Chadwick Boseman<\/a>), la star de Creed s\u2019\u00e9tait volontairement isol\u00e9e de sa famille, cherchant \u00e0 comprendre la rage et la solitude d\u2019un homme \u00ab\u00a0qui n\u2019a pas vraiment connu beaucoup d\u2019amour\u00a0\u00bb. Le com\u00e9dien a ensuite expliqu\u00e9 que le processus de pr\u00e9paration ne comportait \u00ab\u00a0pas de mode d\u2019emploi\u00a0\u00bb. \u00ab\u00a0Jouer est souvent un voyage solitaire. Les auditions se font seul, l\u2019entra\u00eenement se fait seul [\u2026] Parler est vraiment important\u00a0\u00bb, a-t-il d\u00e9velopp\u00e9. Une exp\u00e9rience qui a d\u00e9clench\u00e9 chez lui une prise de conscience plus large sur l\u2019importance de la sant\u00e9 mentale.<\/p>\n<p>Une fiert\u00e9<\/p>\n<p>Au-del\u00e0 de la probl\u00e9matique li\u00e9e \u00e0 ce r\u00f4le, Michael B. Jordan a pris conscience de l\u2019importance de suivre une <a href=\"https:\/\/www.20minutes.fr\/sante\/4062301-20231127-eduques-serrer-dents-hommes-plus-mal-consulter-psy\" rel=\"nofollow noopener\" target=\"_blank\" class=\"c-link c-link--is-underlined\">th\u00e9rapie en g\u00e9n\u00e9ral<\/a>, et tout particuli\u00e8rement pour les hommes. \u00ab\u00a0Je pense que c\u2019est quelque chose de n\u00e9cessaire pour les gens, en particulier pour les hommes. Je pense que c\u2019est bon pour eux d\u2019aller parler. Ce n\u2019est pas quelque chose dont j\u2019ai honte, au contraire j\u2019en suis tr\u00e8s fier\u00a0\u00bb, a-t-il soulign\u00e9.<\/p>\n<p>L\u2019acteur, actuellement en pleine campagne pour <a href=\"https:\/\/www.20minutes.fr\/arts-stars\/cinema\/oscars\/4148178-20250411-oscars-nouvelle-categorie-va-etre-creee-recompenser-cascadeurs\" rel=\"nofollow noopener\" target=\"_blank\" class=\"c-link c-link--is-underlined\">les Oscars<\/a> avec son double r\u00f4le dans Sinners, estime que cette d\u00e9marche l\u2019a aid\u00e9 \u00e0 devenir \u00ab\u00a0un meilleur communicant et une personne plus \u00e9quilibr\u00e9e, \u00e0 l\u2019int\u00e9rieur comme \u00e0 l\u2019ext\u00e9rieur\u00a0\u00bb. Une le\u00e7on de vie qui prouve que les super vilains le seraient peut-\u00eatre un peu moins s\u2019ils suivaient une th\u00e9rapie\u00a0!<\/p>\n","protected":false},"excerpt":{"rendered":"Jouer Erik Killmonger dans Black Panther a eu un co\u00fbt \u00e9motionnel important pour Michael B. Jordan. L\u2019acteur de&hellip;\n","protected":false},"author":2,"featured_media":654144,"comment_status":"","ping_status":"","sticky":false,"template":"","format":"standard","meta":{"footnotes":""},"categories":[1354],"tags":[253,43569,650,58,59,1346,1011,27,2137,2135,1360,15685,973,298,133],"class_list":{"0":"post-654143","1":"post","2":"type-post","3":"status-publish","4":"format-standard","5":"has-post-thumbnail","7":"category-films","8":"tag-acteur","9":"tag-black-panther","10":"tag-cinema","11":"tag-divertissement","12":"tag-entertainment","13":"tag-films","14":"tag-fr","15":"tag-france","16":"tag-hollywood","17":"tag-marvel","18":"tag-movies","19":"tag-oscars","20":"tag-people","21":"tag-psychologie","22":"tag-video"},"share_on_mastodon":{"url":"https:\/\/pubeurope.com\/@fr\/115871294656594283","error":""},"_links":{"self":[{"href":"https:\/\/www.europesays.com\/fr\/wp-json\/wp\/v2\/posts\/654143","targetHints":{"allow":["GET"]}}],"collection":[{"href":"https:\/\/www.europesays.com\/fr\/wp-json\/wp\/v2\/posts"}],"about":[{"href":"https:\/\/www.europesays.com\/fr\/wp-json\/wp\/v2\/types\/post"}],"author":[{"embeddable":true,"href":"https:\/\/www.europesays.com\/fr\/wp-json\/wp\/v2\/users\/2"}],"replies":[{"embeddable":true,"href":"https:\/\/www.europesays.com\/fr\/wp-json\/wp\/v2\/comments?post=654143"}],"version-history":[{"count":0,"href":"https:\/\/www.europesays.com\/fr\/wp-json\/wp\/v2\/posts\/654143\/revisions"}],"wp:featuredmedia":[{"embeddable":true,"href":"https:\/\/www.europesays.com\/fr\/wp-json\/wp\/v2\/media\/654144"}],"wp:attachment":[{"href":"https:\/\/www.europesays.com\/fr\/wp-json\/wp\/v2\/media?parent=654143"}],"wp:term":[{"taxonomy":"category","embeddable":true,"href":"https:\/\/www.europesays.com\/fr\/wp-json\/wp\/v2\/categories?post=654143"},{"taxonomy":"post_tag","embeddable":true,"href":"https:\/\/www.europesays.com\/fr\/wp-json\/wp\/v2\/tags?post=654143"}],"curies":[{"name":"wp","href":"https:\/\/api.w.org\/{rel}","templated":true}]}}