{"id":654153,"date":"2026-01-10T14:37:10","date_gmt":"2026-01-10T14:37:10","guid":{"rendered":"https:\/\/www.europesays.com\/fr\/654153\/"},"modified":"2026-01-10T14:37:10","modified_gmt":"2026-01-10T14:37:10","slug":"quel-etait-le-salaire-moyen-en-france-en-2025","status":"publish","type":"post","link":"https:\/\/www.europesays.com\/fr\/654153\/","title":{"rendered":"Quel \u00e9tait le salaire moyen en France en 2025 ?"},"content":{"rendered":"<p>En 2025, alors que le <a href=\"https:\/\/www.20minutes.fr\/dossier\/pouvoir_d_achat\" class=\"c-link c-link--is-underlined\" target=\"_blank\" rel=\"noopener\">pouvoir d\u2019achat<\/a> reste sous tension et que le co\u00fbt de la vie s\u2019installe \u00e0 un niveau durablement \u00e9lev\u00e9, la question du <a href=\"https:\/\/www.20minutes.fr\/dossier\/salaire\" class=\"c-link c-link--is-underlined\" target=\"_blank\" rel=\"noopener\">salaire<\/a> est devenue un v\u00e9ritable point de rep\u00e8re pour les actifs, autant pour se situer que pour n\u00e9gocier ou envisager la suite de son parcours professionnel. Les derni\u00e8res donn\u00e9es compl\u00e8tes et consolid\u00e9es de l\u2019<a href=\"https:\/\/www.20minutes.fr\/economie\/insee\/\" class=\"c-link c-link--is-underlined\" target=\"_blank\" rel=\"noopener\">Insee<\/a> concernent l\u2019ann\u00e9e 2024 et ont \u00e9t\u00e9 publi\u00e9es \u00e0 l\u2019automne 2025. Elles offrent aujourd\u2019hui la photographie la plus fiable pour \u00e9clairer le niveau de r\u00e9mun\u00e9ration autour de 2025 et en d\u00e9crypter les grandes \u00e9volutions.<\/p>\n<p>Le salaire moyen en France : le chiffre de r\u00e9f\u00e9rence<\/p>\n<p>Selon l\u2019<a href=\"https:\/\/www.insee.fr\/fr\/statistiques\/8657156\" rel=\"nofollow noopener\" target=\"_blank\" class=\"c-link c-link--is-underlined\">Insee<\/a>, le salaire net moyen dans le secteur priv\u00e9 atteint 2.733 euros par mois en \u00e9quivalent temps plein en 2024, soit 3.602 euros bruts mensuels, ce qui correspond \u00e0 un revenu annuel brut d\u2019environ 43.200 euros. L\u2019indicateur en \u00e9quivalent temps plein permet de comparer l\u2019ensemble des <a href=\"https:\/\/www.20minutes.fr\/dossier\/salaries\" class=\"c-link c-link--is-underlined\" target=\"_blank\" rel=\"noopener\">salari\u00e9s<\/a> sur une m\u00eame base de dur\u00e9e de <a href=\"https:\/\/www.20minutes.fr\/dossier\/travail\" class=\"c-link c-link--is-underlined\" target=\"_blank\" rel=\"noopener\">travail<\/a>, ind\u00e9pendamment du temps partiel.<\/p>\n<p>Ce niveau constitue le meilleur rep\u00e8re disponible pour situer le salaire moyen en 2025. Il s\u2019inscrit dans une dynamique de stabilisation apr\u00e8s les fortes tensions inflationnistes des ann\u00e9es pr\u00e9c\u00e9dentes. En 2024, le salaire net r\u00e9el progresse de 0,8 %, traduisant une l\u00e9g\u00e8re reprise du pouvoir d\u2019achat apr\u00e8s deux ann\u00e9es de recul.<\/p>\n<p>Salaire moyen et salaire m\u00e9dian : deux r\u00e9alit\u00e9s tr\u00e8s diff\u00e9rentes<\/p>\n<p>Derri\u00e8re ce chiffre moyen se cache en r\u00e9alit\u00e9 une r\u00e9partition des salaires tr\u00e8s in\u00e9gale. Pour mieux comprendre, il faut regarder le salaire m\u00e9dian, qui correspond au niveau de r\u00e9mun\u00e9ration qui partage les salari\u00e9s en deux groupes parfaitement \u00e9gaux. En 2024, il s\u2019\u00e9tablit \u00e0 2.190 euros nets par mois en \u00e9quivalent temps plein. Autrement dit, un salari\u00e9 sur deux gagne moins de 2.190 euros, alors m\u00eame que le salaire \u00ab moyen \u00bb d\u00e9passe 2.700 euros.<\/p>\n<p>Ce d\u00e9calage de plus de 500 euros entre la moyenne et la m\u00e9diane montre \u00e0 quel point les plus hauts revenus p\u00e8sent dans le calcul global. Concr\u00e8tement, une minorit\u00e9 de salari\u00e9s tr\u00e8s bien r\u00e9mun\u00e9r\u00e9s tire la moyenne vers le haut, tandis que la majorit\u00e9 se situe nettement en dessous de ce niveau th\u00e9orique.<\/p>\n<p>Dans le d\u00e9tail, 10 % des salari\u00e9s per\u00e7oivent moins de 1.492 euros nets par mois, quand 10 % d\u00e9passent 4.334 euros. C\u2019est cette dispersion, tr\u00e8s large, qui explique pourquoi beaucoup d\u2019actifs ont le sentiment que le \u00ab salaire moyen \u00bb ne correspond pas \u00e0 leur exp\u00e9rience quotidienne du march\u00e9 du travail.<\/p>\n<p>Des niveaux de salaire tr\u00e8s contrast\u00e9s selon le statut professionnel<\/p>\n<p>Le niveau de r\u00e9mun\u00e9ration d\u00e9pend avant tout du statut professionnel, et les \u00e9carts restent particuli\u00e8rement marqu\u00e9s. En 2024, un cadre per\u00e7oit en moyenne 4.629 euros nets par mois, soit plus du double du salaire d\u2019un employ\u00e9, qui s\u2019\u00e9tablit \u00e0 1.941 euros. Les professions interm\u00e9diaires se situent autour de 2.633 euros nets, tandis que les ouvriers atteignent en moyenne 2.051 euros.<\/p>\n<p>Ces diff\u00e9rences ne rel\u00e8vent pas uniquement du <a href=\"https:\/\/www.20minutes.fr\/dossier\/diplome\" class=\"c-link c-link--is-underlined\" target=\"_blank\" rel=\"noopener\">dipl\u00f4me<\/a> ou du titre de poste. Elles traduisent aussi des niveaux de responsabilit\u00e9 tr\u00e8s diff\u00e9rents, des conditions d\u2019exercice in\u00e9gales, ainsi que des logiques de <a href=\"https:\/\/www.20minutes.fr\/dossier\/carriere\" class=\"c-link c-link--is-underlined\" target=\"_blank\" rel=\"noopener\">carri\u00e8re<\/a> propres \u00e0 chaque univers professionnel. Certains <a href=\"https:\/\/www.20minutes.fr\/dossier\/metiers\" class=\"c-link c-link--is-underlined\" target=\"_blank\" rel=\"noopener\">m\u00e9tiers<\/a> offrent des perspectives de progression rapides et r\u00e9guli\u00e8res, quand d\u2019autres connaissent des trajectoires plus lentes et plus incertaines. Le secteur d\u2019activit\u00e9, la taille de l\u2019<a href=\"https:\/\/www.20minutes.fr\/dossier\/entreprise\" class=\"c-link c-link--is-underlined\" target=\"_blank\" rel=\"noopener\">entreprise<\/a> et la raret\u00e9 des comp\u00e9tences jouent \u00e9galement un r\u00f4le d\u00e9terminant dans la construction de ces \u00e9carts de r\u00e9mun\u00e9ration, qui s\u2019installent dans le temps et structurent durablement le paysage salarial fran\u00e7ais.<\/p>\n<p>Les secteurs d\u2019activit\u00e9, moteurs des \u00e9carts de salaire<\/p>\n<p>Le secteur d\u2019activit\u00e9 dans lequel on travaille joue un r\u00f4le d\u00e9terminant dans le niveau de r\u00e9mun\u00e9ration, souvent plus encore que le poste occup\u00e9. En 2024, le salaire net moyen atteint 3.021 euros dans l\u2019industrie, 2.705 euros dans le tertiaire et 2.411 euros dans la construction. Ces \u00e9carts s\u2019accentuent lorsque l\u2019on observe les secteurs les plus r\u00e9mun\u00e9rateurs : les services financiers d\u00e9passent en moyenne 4.100 euros nets par mois, et l\u2019information-communication avoisine les 3.800 euros.<\/p>\n<p>\u00c0 l\u2019inverse, des secteurs comme l\u2019h\u00e9bergement-restauration, o\u00f9 les contrats sont plus pr\u00e9caires et les postes moins qualifi\u00e9s, restent largement en dessous de la moyenne nationale, avec des salaires inf\u00e9rieurs \u00e0 2.000 euros nets mensuels. Cette opposition dessine une \u00e9conomie du travail profond\u00e9ment polaris\u00e9e, o\u00f9 coexistent des secteurs tr\u00e8s attractifs, capables d\u2019augmenter r\u00e9guli\u00e8rement les r\u00e9mun\u00e9rations, et d\u2019autres qui peinent \u00e0 suivre le rythme, alimentant un sentiment de d\u00e9calage croissant entre les actifs selon leur univers professionnel.<\/p>\n<p>Femmes et hommes : une in\u00e9galit\u00e9 toujours structurelle<\/p>\n<p>Malgr\u00e9 une r\u00e9duction progressive de l\u2019\u00e9cart salarial au fil des ann\u00e9es, les in\u00e9galit\u00e9s entre les femmes et les hommes demeurent profond\u00e9ment ancr\u00e9es dans le paysage professionnel. Dans le secteur priv\u00e9, les femmes gagnent en moyenne 13 % de moins que les hommes en \u00e9quivalent temps plein. Cet \u00e9cart, qui a recul\u00e9 lentement depuis les ann\u00e9es 1990, reste toutefois \u00e0 un niveau \u00e9lev\u00e9 et refl\u00e8te des m\u00e9canismes structurels durables.<\/p>\n<p>Cette diff\u00e9rence ne s\u2019explique pas uniquement par une in\u00e9galit\u00e9 de r\u00e9mun\u00e9ration \u00e0 poste identique. Elle r\u00e9sulte avant tout de la mani\u00e8re dont le march\u00e9 du travail est organis\u00e9. Les femmes sont davantage concentr\u00e9es dans des secteurs et des m\u00e9tiers moins r\u00e9mun\u00e9rateurs, occupent plus rarement les fonctions de direction et restent sous-repr\u00e9sent\u00e9es parmi les plus hauts revenus. Elles recourent aussi plus fr\u00e9quemment au temps partiel, souvent contraint, ce qui p\u00e8se directement sur leur trajectoire salariale.<\/p>\n<p>L\u2019Insee souligne ainsi que la structure m\u00eame des emplois, par secteur d\u2019activit\u00e9, cat\u00e9gorie socioprofessionnelle, \u00e2ge, type de contrat et temps de travail, demeure tr\u00e8s diff\u00e9rente selon le sexe, ce qui continue d\u2019alimenter un \u00e9cart de r\u00e9mun\u00e9ration persistant, bien au-del\u00e0 des seules politiques de salaire.<\/p>\n<p>Le Smic, pilier de l\u2019\u00e9chelle des salaires<\/p>\n<p>Le <a href=\"https:\/\/www.20minutes.fr\/dossier\/smic\" class=\"c-link c-link--is-underlined\" target=\"_blank\" rel=\"noopener\">Smic<\/a> continue de fixer le socle de l\u2019\u00e9chelle salariale. Depuis le 1er janvier 2026, il s\u2019\u00e9tablit \u00e0 1.823,03 euros bruts mensuels, soit environ 1.443 euros nets pour un temps plein. Son \u00e9volution rapide ces derni\u00e8res ann\u00e9es a soutenu les bas salaires et influenc\u00e9 de nombreuses grilles de r\u00e9mun\u00e9ration.<\/p>\n<p>Pour 2025 et 2026, les donn\u00e9es disponibles dessinent un march\u00e9 du travail plus s\u00e9lectif : apr\u00e8s les hausses g\u00e9n\u00e9rales li\u00e9es \u00e0 l\u2019inflation, les entreprises privil\u00e9gient d\u00e9sormais davantage les augmentations individualis\u00e9es, cibl\u00e9es sur la performance et la r\u00e9tention des talents. Dans ce contexte, la progression des salaires reste pr\u00e9sente, mais elle devient plus diff\u00e9renci\u00e9e selon les secteurs, les profils et les trajectoires professionnelles.<\/p>\n","protected":false},"excerpt":{"rendered":"En 2025, alors que le pouvoir d\u2019achat reste sous tension et que le co\u00fbt de la vie s\u2019installe&hellip;\n","protected":false},"author":2,"featured_media":654154,"comment_status":"","ping_status":"","sticky":false,"template":"","format":"standard","meta":{"footnotes":""},"categories":[6],"tags":[35,6687,33,34,341,257,1011,27,5762,2922,14099,7264,3847,5761,21736],"class_list":{"0":"post-654153","1":"post","2":"type-post","3":"status-publish","4":"format-standard","5":"has-post-thumbnail","7":"category-economie","8":"tag-business","9":"tag-carriere-professionnel","10":"tag-economie","11":"tag-economy","12":"tag-emploi","13":"tag-entreprise","14":"tag-fr","15":"tag-france","16":"tag-metiers","17":"tag-pouvoir-dachat","18":"tag-salaire","19":"tag-salaries","20":"tag-travail","21":"tag-vie-pro","22":"tag-vie-de-bureau"},"share_on_mastodon":{"url":"https:\/\/pubeurope.com\/@fr\/115871314333047213","error":""},"_links":{"self":[{"href":"https:\/\/www.europesays.com\/fr\/wp-json\/wp\/v2\/posts\/654153","targetHints":{"allow":["GET"]}}],"collection":[{"href":"https:\/\/www.europesays.com\/fr\/wp-json\/wp\/v2\/posts"}],"about":[{"href":"https:\/\/www.europesays.com\/fr\/wp-json\/wp\/v2\/types\/post"}],"author":[{"embeddable":true,"href":"https:\/\/www.europesays.com\/fr\/wp-json\/wp\/v2\/users\/2"}],"replies":[{"embeddable":true,"href":"https:\/\/www.europesays.com\/fr\/wp-json\/wp\/v2\/comments?post=654153"}],"version-history":[{"count":0,"href":"https:\/\/www.europesays.com\/fr\/wp-json\/wp\/v2\/posts\/654153\/revisions"}],"wp:featuredmedia":[{"embeddable":true,"href":"https:\/\/www.europesays.com\/fr\/wp-json\/wp\/v2\/media\/654154"}],"wp:attachment":[{"href":"https:\/\/www.europesays.com\/fr\/wp-json\/wp\/v2\/media?parent=654153"}],"wp:term":[{"taxonomy":"category","embeddable":true,"href":"https:\/\/www.europesays.com\/fr\/wp-json\/wp\/v2\/categories?post=654153"},{"taxonomy":"post_tag","embeddable":true,"href":"https:\/\/www.europesays.com\/fr\/wp-json\/wp\/v2\/tags?post=654153"}],"curies":[{"name":"wp","href":"https:\/\/api.w.org\/{rel}","templated":true}]}}