{"id":654155,"date":"2026-01-10T14:38:14","date_gmt":"2026-01-10T14:38:14","guid":{"rendered":"https:\/\/www.europesays.com\/fr\/654155\/"},"modified":"2026-01-10T14:38:14","modified_gmt":"2026-01-10T14:38:14","slug":"les-bardenas-reales-un-desert-espagnol-au-pied-des-pyrenees","status":"publish","type":"post","link":"https:\/\/www.europesays.com\/fr\/654155\/","title":{"rendered":"Les Bardenas Reales, un \u00ab\u00a0d\u00e9sert\u00a0\u00bb espagnol au pied des Pyr\u00e9n\u00e9es"},"content":{"rendered":"\n<p class=\"article__paragraph article__paragraph--lf \">L\u00e0, Daenerys a pos\u00e9 son dragon. Ici, Michael Fassbender a tent\u00e9 de passer de la drogue. Un peu plus loin, Terry Gilliam a vu partir en fum\u00e9e ses r\u00eaves de Don\u00a0Quichotte, noy\u00e9s dans les pires inondations qu\u2019ait jamais connues la r\u00e9gion. Si la s\u00e9rie Game of Thrones\u00a0(2011-2019), le film Cartel\u00a0(Ridley Scott, 2013) et le documentaire Lost in La\u00a0Mancha\u00a0(Keith Fulton et Louis Pepe, 2002) ont \u00e9t\u00e9 tourn\u00e9s ici, dans le parc naturel et r\u00e9serve de biosph\u00e8re des Bardenas Reales, en Navarre, dans le nord de l\u2019Espagne, \u00e0 70\u00a0kilom\u00e8tres de la fronti\u00e8re fran\u00e7aise, c\u2019est parce que ce d\u00e9cor naturel aussi splendide que vaste a des airs de Far\u00a0West totalement inattendus sous ces latitudes.<\/p>\n<p class=\"article__paragraph article__paragraph--lf \">En ces jours lumineux de d\u00e9but de d\u00e9cembre, le parc est presque vierge de visiteurs, une situation rare\u00a0: l\u2019\u00e9t\u00e9, les voitures stationnent en grand nombre autour des monuments les plus c\u00e9l\u00e8bres, et la poussi\u00e8re s\u2019\u00e9l\u00e8ve en de gros nuages des routes sillonn\u00e9es de v\u00e9hicules divers, voitures, quads, SUV ou motos.<\/p>\n<p class=\"article__paragraph article__paragraph--lf \">Le vent souffle, qui fait rentrer la t\u00eate dans les \u00e9paules. Ce vent, c\u2019est le cierzo, un vent frais et sec qui souffle, dit-on, un jour sur trois et peut, montant \u00e0\u00a020 ou 30\u00a0kilom\u00e8tres-heure, clouer sur place les cyclistes qui l\u2019ont en face. Il est le principal sculpteur de ce paysage\u00a0: montagnes color\u00e9es et lim\u00e9es par l\u2019\u00e9rosion, mesas\u00a0(petits plateaux) toutes rabot\u00e9es, colonnes de gypse aux formes \u00e9lanc\u00e9es d\u00e9fiant les lois de l\u2019\u00e9quilibre, canyons s\u2019ouvrant soudain sous les pas, plaines nues parsem\u00e9es de gen\u00eats et de romarin et sur lesquels roulent les virevoltants\u2026<\/p>\n<p class=\"reading-mode-only \"><strong>Il vous reste 79.15% de cet article \u00e0 lire. La suite est r\u00e9serv\u00e9e aux abonn\u00e9s.<\/strong><\/p>\n","protected":false},"excerpt":{"rendered":"L\u00e0, Daenerys a pos\u00e9 son dragon. Ici, Michael Fassbender a tent\u00e9 de passer de la drogue. Un peu&hellip;\n","protected":false},"author":2,"featured_media":654156,"comment_status":"","ping_status":"","sticky":false,"template":"","format":"standard","meta":{"footnotes":""},"categories":[5],"tags":[11,1011,27,14,12,28],"class_list":{"0":"post-654155","1":"post","2":"type-post","3":"status-publish","4":"format-standard","5":"has-post-thumbnail","7":"category-international","8":"tag-actualites","9":"tag-fr","10":"tag-france","11":"tag-international","12":"tag-news","13":"tag-world"},"share_on_mastodon":{"url":"https:\/\/pubeurope.com\/@fr\/115871318295355588","error":""},"_links":{"self":[{"href":"https:\/\/www.europesays.com\/fr\/wp-json\/wp\/v2\/posts\/654155","targetHints":{"allow":["GET"]}}],"collection":[{"href":"https:\/\/www.europesays.com\/fr\/wp-json\/wp\/v2\/posts"}],"about":[{"href":"https:\/\/www.europesays.com\/fr\/wp-json\/wp\/v2\/types\/post"}],"author":[{"embeddable":true,"href":"https:\/\/www.europesays.com\/fr\/wp-json\/wp\/v2\/users\/2"}],"replies":[{"embeddable":true,"href":"https:\/\/www.europesays.com\/fr\/wp-json\/wp\/v2\/comments?post=654155"}],"version-history":[{"count":0,"href":"https:\/\/www.europesays.com\/fr\/wp-json\/wp\/v2\/posts\/654155\/revisions"}],"wp:featuredmedia":[{"embeddable":true,"href":"https:\/\/www.europesays.com\/fr\/wp-json\/wp\/v2\/media\/654156"}],"wp:attachment":[{"href":"https:\/\/www.europesays.com\/fr\/wp-json\/wp\/v2\/media?parent=654155"}],"wp:term":[{"taxonomy":"category","embeddable":true,"href":"https:\/\/www.europesays.com\/fr\/wp-json\/wp\/v2\/categories?post=654155"},{"taxonomy":"post_tag","embeddable":true,"href":"https:\/\/www.europesays.com\/fr\/wp-json\/wp\/v2\/tags?post=654155"}],"curies":[{"name":"wp","href":"https:\/\/api.w.org\/{rel}","templated":true}]}}