{"id":654157,"date":"2026-01-10T14:39:11","date_gmt":"2026-01-10T14:39:11","guid":{"rendered":"https:\/\/www.europesays.com\/fr\/654157\/"},"modified":"2026-01-10T14:39:11","modified_gmt":"2026-01-10T14:39:11","slug":"lfi-exclut-sa-tete-de-liste-a-romilly-sur-seine-dans-laube-pour-des-posts-a-caractere-antisemite","status":"publish","type":"post","link":"https:\/\/www.europesays.com\/fr\/654157\/","title":{"rendered":"LFI exclut sa t\u00eate de liste \u00e0 Romilly-sur-Seine, dans l\u2019Aube, pour des \u00ab\u00a0posts \u00e0 caract\u00e8re antis\u00e9mite\u00a0\u00bb"},"content":{"rendered":"<p>                      <img loading=\"lazy\" decoding=\"async\" src=\"https:\/\/www.europesays.com\/fr\/wp-content\/uploads\/2026\/01\/87ee4ef_upload-1-7idsjh0w57hu-82020208-603120403597021-2905481793048150016-n.jpg\" alt=\"Yves Bouteiller, sur une photo diffus\u00e9e le 11\u00a0janvier\u00a02020\u00a0sur son compte Facebook.\"   width=\"664\" height=\"443\"\/>    Yves Bouteiller, sur une photo diffus\u00e9e le 11\u00a0janvier\u00a02020\u00a0sur son compte Facebook.  YVES BOUTELLIER\/FACEBOOK                        <\/p>\n<p class=\"article__paragraph  \">La France insoumise (LFI) a annonc\u00e9, samedi 10\u00a0janvier, l\u2019exclusion pour des posts jug\u00e9s antis\u00e9mites d\u2019Yves Bouteiller, sa t\u00eate de liste aux \u00e9lections municipales \u00e0 Romilly-sur-Seine, dans l\u2019Aube. \u00ab\u00a0Inform\u00e9 vendredi de posts \u00e0 caract\u00e8re antis\u00e9mite\u00a0\u00bb, le comit\u00e9 \u00e9lectoral de La France insoumise \u00ab\u00a0a retir\u00e9 imm\u00e9diatement son investiture \u00e0 M.\u00a0Yves Bouteiller \u00e0 Romilly-sur-Seine\u00a0\u00bb, \u00e9crit la formation politique dans un communiqu\u00e9.<\/p>\n<p class=\"article__paragraph  \">Vendredi soir, le comit\u00e9 de respect des principes du mouvement a d\u00e9cid\u00e9 \u00ab\u00a0de son exclusion de La France insoumise\u00a0\u00bb, pr\u00e9cise le communiqu\u00e9. L\u2019investiture de M.\u00a0Bouteiller comme t\u00eate de liste \u00e0 Romilly-sur-Seine (15\u00a0000 habitants), deuxi\u00e8me plus grande ville du d\u00e9partement de l\u2019Aube, ne figurait plus sur le site de LFI samedi matin.<\/p>\n<p class=\"article__paragraph  \">\u00ab\u00a0Ce candidat a en effet viol\u00e9 la charte d\u2019engagement sign\u00e9e par l\u2019ensemble des candidats investis par La France insoumise \u00e0 travers laquelle chacun s\u2019engage \u00e0 \u201crejeter tous les propos, comportements donnant lieu \u00e0 du harc\u00e8lement ou violences sexistes, racistes, antis\u00e9mites, LGBTIphobes et toutes formes de discriminations\u201d\u00a0\u00bb, a constat\u00e9 le comit\u00e9 \u00e9lectoral du mouvement.<\/p>\n<p class=\"article__paragraph  \">Joint par l\u2019Agence France-Presse samedi matin, M.\u00a0Bouteiller a assur\u00e9 qu\u2019il n\u2019avait \u00ab\u00a0pour l\u2019instant eu aucune communication de qui que ce soit\u00a0\u00bb ni \u00ab\u00a0eu de contact avec personne\u00a0\u00bb. \u00ab\u00a0Je ne sais pas de quoi il est question\u00a0\u00bb, a-t-il ajout\u00e9, assurant ne pas savoir \u00e0 quels \u00ab\u00a0posts\u00a0\u00bb LFI faisait r\u00e9f\u00e9rence. Il a refus\u00e9 tout commentaire suppl\u00e9mentaire, dans l\u2019attente d\u2019explications avec LFI.<\/p>\n<p>                                     Lire aussi |  Article r\u00e9serv\u00e9 \u00e0 nos abonn\u00e9s  <a href=\"https:\/\/www.lemonde.fr\/politique\/article\/2025\/12\/15\/municipales-2026-la-strategie-solitaire-de-lfi-face-a-celle-d-union-du-reste-de-la-gauche_6657442_823448.html\" class=\"js-article-read-also catcher--favoris__link\" data-premium=\"1\" id=\"article-title-3450983\" target=\"_blank\" rel=\"noopener\">Municipales 2026\u00a0: la strat\u00e9gie solitaire de LFI face \u00e0 celle d\u2019union du reste de la gauche<\/a>    <\/p>\n<p>   Lire plus tard  <\/p>\n<p>                        Plusieurs publications pol\u00e9miques sur les r\u00e9seaux sociaux                  <\/p>\n<p class=\"article__paragraph  \">Tr\u00e8s actif sur Facebook, Yves Bouteiller relaie r\u00e9guli\u00e8rement des publications li\u00e9es \u00e0 la guerre \u00e0 Gaza. Il a notamment qualifi\u00e9 le d\u00e9put\u00e9 socialiste J\u00e9r\u00f4me Guedj, de confession juive, de \u00ab\u00a0salopard sioniste\u00a0\u00bb.<\/p>\n<p class=\"article__paragraph  \">Ces derni\u00e8res semaines, il a \u00e9galement \u00e9crit que \u00ab\u00a0le Crif [Conseil repr\u00e9sentatif des institutions juives de France] dirige la France\u00a0\u00bb et que \u00ab\u00a0les sionistes g\u00e9nocidaires ont beaucoup appris du IIIe\u00a0Reich\u2026\u00a0\u00bb, en r\u00e9f\u00e9rence aux conditions de d\u00e9tention de civils cisjordaniens dans des prisons isra\u00e9liennes.<\/p>\n<p class=\"article__paragraph  \">En mars, alors que LFI \u00e9tait montr\u00e9e du doigt pour <a href=\"https:\/\/www.lemonde.fr\/politique\/article\/2025\/03\/19\/avec-son-visuel-sur-cyril-hanouna-la-france-insoumise-s-isole-au-sein-de-la-gauche_6583571_823448.html\" target=\"_blank\" rel=\"noopener\">une affiche repr\u00e9sentant Cyril Hanouna qui reprenait les codes d\u2019affiches antis\u00e9mites des ann\u00e9es 1930 et de l\u2019Allemagne nazie<\/a>, Yves Bouteiller partageait une publication de Jean-Luc M\u00e9lenchon sur Gaza et \u00e9crivait\u00a0: \u00ab\u00a0Pendant que les m\u00e9dias parlent de l\u2019affiche d\u2019un raciste fasciste, les juifs continuent le carnage avec le soutien des macronolep\u00e9nistes.\u00a0\u00bb<\/p>\n<p>                                     Lire aussi |  Article r\u00e9serv\u00e9 \u00e0 nos abonn\u00e9s  <a href=\"https:\/\/www.lemonde.fr\/societe\/article\/2025\/11\/06\/pourquoi-raphael-enthoven-a-ete-relaxe-apres-son-tweet-sur-lfi-un-parti-passionnement-antisemite_6652512_3224.html\" class=\"js-article-read-also catcher--favoris__link\" data-premium=\"1\" id=\"article-title-3445490\" target=\"_blank\" rel=\"noopener\">Pourquoi Rapha\u00ebl Enthoven a \u00e9t\u00e9 relax\u00e9 apr\u00e8s son tweet sur LFI, un parti \u00ab\u00a0passionn\u00e9ment antis\u00e9mite\u00a0\u00bb<\/a>    <\/p>\n<p>   Lire plus tard  <\/p>\n<p class=\"author__detail\">  Le Monde avec AFP  <\/p>\n","protected":false},"excerpt":{"rendered":"Yves Bouteiller, sur une photo diffus\u00e9e le 11\u00a0janvier\u00a02020\u00a0sur son compte Facebook. YVES BOUTELLIER\/FACEBOOK La France insoumise (LFI) a&hellip;\n","protected":false},"author":2,"featured_media":654158,"comment_status":"","ping_status":"","sticky":false,"template":"","format":"standard","meta":{"footnotes":""},"categories":[4],"tags":[11,1011,27,12,25],"class_list":{"0":"post-654157","1":"post","2":"type-post","3":"status-publish","4":"format-standard","5":"has-post-thumbnail","7":"category-france","8":"tag-actualites","9":"tag-fr","10":"tag-france","11":"tag-news","12":"tag-republique-francaise"},"share_on_mastodon":{"url":"https:\/\/pubeurope.com\/@fr\/115871322205924440","error":""},"_links":{"self":[{"href":"https:\/\/www.europesays.com\/fr\/wp-json\/wp\/v2\/posts\/654157","targetHints":{"allow":["GET"]}}],"collection":[{"href":"https:\/\/www.europesays.com\/fr\/wp-json\/wp\/v2\/posts"}],"about":[{"href":"https:\/\/www.europesays.com\/fr\/wp-json\/wp\/v2\/types\/post"}],"author":[{"embeddable":true,"href":"https:\/\/www.europesays.com\/fr\/wp-json\/wp\/v2\/users\/2"}],"replies":[{"embeddable":true,"href":"https:\/\/www.europesays.com\/fr\/wp-json\/wp\/v2\/comments?post=654157"}],"version-history":[{"count":0,"href":"https:\/\/www.europesays.com\/fr\/wp-json\/wp\/v2\/posts\/654157\/revisions"}],"wp:featuredmedia":[{"embeddable":true,"href":"https:\/\/www.europesays.com\/fr\/wp-json\/wp\/v2\/media\/654158"}],"wp:attachment":[{"href":"https:\/\/www.europesays.com\/fr\/wp-json\/wp\/v2\/media?parent=654157"}],"wp:term":[{"taxonomy":"category","embeddable":true,"href":"https:\/\/www.europesays.com\/fr\/wp-json\/wp\/v2\/categories?post=654157"},{"taxonomy":"post_tag","embeddable":true,"href":"https:\/\/www.europesays.com\/fr\/wp-json\/wp\/v2\/tags?post=654157"}],"curies":[{"name":"wp","href":"https:\/\/api.w.org\/{rel}","templated":true}]}}