{"id":654167,"date":"2026-01-10T14:48:10","date_gmt":"2026-01-10T14:48:10","guid":{"rendered":"https:\/\/www.europesays.com\/fr\/654167\/"},"modified":"2026-01-10T14:48:10","modified_gmt":"2026-01-10T14:48:10","slug":"30-000-voyageurs-pour-le-premier-jour-de-la-ligne-5-du-tram","status":"publish","type":"post","link":"https:\/\/www.europesays.com\/fr\/654167\/","title":{"rendered":"30 000 voyageurs pour le premier jour de la ligne 5 du tram"},"content":{"rendered":"<p data-path-to-node=\"3\">Le samedi 20 d\u00e9cembre 2025 restera grav\u00e9 dans les m\u00e9moires des Montpelli\u00e9rains. Apr\u00e8s des ann\u00e9es d\u2019attente et de travaux, la ligne 5 du tramway a enfin pris son envol. Pour sa premi\u00e8re journ\u00e9e de mise en service, ce sont pr\u00e8s de <strong>30 000 voyageurs<\/strong> qui se sont press\u00e9s \u00e0 bord des rames selon le pr\u00e9sident de la M\u00e9tropole.<\/p>\n<p>Une affluence record d\u00e8s les premi\u00e8res heures<\/p>\n<p data-path-to-node=\"5\">D\u00e8s l\u2019aube, l\u2019effervescence \u00e9tait palpable aux deux terminus : <b data-path-to-node=\"5\" data-index-in-node=\"63\">Gr\u00e9s de Montpellier<\/b> \u00e0 l\u2019ouest et <b data-path-to-node=\"5\" data-index-in-node=\"96\">Clapiers<\/b> au nord. Malgr\u00e9 la fra\u00eecheur hivernale, les habitants ont r\u00e9pondu pr\u00e9sent en masse pour d\u00e9couvrir les 16 kilom\u00e8tres de ce nouveau trac\u00e9.<\/p>\n<p>Effet de curiosit\u00e9<\/p>\n<p data-path-to-node=\"6\">\u00c0 la mi-journ\u00e9e, les chiffres sont tomb\u00e9s : environ <b data-path-to-node=\"6\" data-index-in-node=\"52\">30 000 curieux et usagers<\/b> ont emprunt\u00e9 la ligne pour cette seule journ\u00e9e inaugurale. Un chiffre impressionnant qui t\u00e9moigne de l\u2019attente suscit\u00e9e par ce projet, destin\u00e9 \u00e0 transporter, \u00e0 terme, 80 000 passagers par jour.<\/p>\n<p>Un design qui ne laisse personne indiff\u00e9rent<\/p>\n<p data-path-to-node=\"8\">Au-del\u00e0 de la prouesse technique, c\u2019est l\u2019esth\u00e9tique des rames qui a captiv\u00e9 les regards. Sign\u00e9e par l\u2019artiste camerounais <b data-path-to-node=\"8\" data-index-in-node=\"123\">Barth\u00e9l\u00e9my Toguo<\/b>, la livr\u00e9e de la Ligne 5 c\u00e9l\u00e8bre le jardin des plantes et la biodiversit\u00e9. Avec ses motifs de feuilles de vigne et ses couleurs organiques, elle compl\u00e8te la \u00ab\u00a0galerie d\u2019art \u00e0 ciel ouvert\u00a0\u00bb que constitue le r\u00e9seau de Montpellier.<\/p>\n<p>Un nouveau souffle pour la mobilit\u00e9<\/p>\n<p data-path-to-node=\"13\">Avec cette mise en service, Montpellier parach\u00e8ve un maillage crucial. La nouvelle ligne permet d\u00e9sormais de relier le nord (Clapiers) \u00e0 l\u2019ouest en seulement <b data-path-to-node=\"13\" data-index-in-node=\"141\">45 minutes<\/b>, tout en desservant des p\u00f4les majeurs comme l\u2019Universit\u00e9 Paul-Val\u00e9ry, le parc Montcalm et des quartiers prioritaires (27 stations)<\/p>\n","protected":false},"excerpt":{"rendered":"Le samedi 20 d\u00e9cembre 2025 restera grav\u00e9 dans les m\u00e9moires des Montpelli\u00e9rains. Apr\u00e8s des ann\u00e9es d\u2019attente et de&hellip;\n","protected":false},"author":2,"featured_media":654168,"comment_status":"","ping_status":"","sticky":false,"template":"","format":"standard","meta":{"footnotes":""},"categories":[9599],"tags":[1111,11,1777,674,1011,27,2208,12,2680,25],"class_list":{"0":"post-654167","1":"post","2":"type-post","3":"status-publish","4":"format-standard","5":"has-post-thumbnail","7":"category-montpellier","8":"tag-actu","9":"tag-actualites","10":"tag-eu","11":"tag-europe","12":"tag-fr","13":"tag-france","14":"tag-montpellier","15":"tag-news","16":"tag-occitanie","17":"tag-republique-francaise"},"share_on_mastodon":{"url":"https:\/\/pubeurope.com\/@fr\/115871358641608354","error":""},"_links":{"self":[{"href":"https:\/\/www.europesays.com\/fr\/wp-json\/wp\/v2\/posts\/654167","targetHints":{"allow":["GET"]}}],"collection":[{"href":"https:\/\/www.europesays.com\/fr\/wp-json\/wp\/v2\/posts"}],"about":[{"href":"https:\/\/www.europesays.com\/fr\/wp-json\/wp\/v2\/types\/post"}],"author":[{"embeddable":true,"href":"https:\/\/www.europesays.com\/fr\/wp-json\/wp\/v2\/users\/2"}],"replies":[{"embeddable":true,"href":"https:\/\/www.europesays.com\/fr\/wp-json\/wp\/v2\/comments?post=654167"}],"version-history":[{"count":0,"href":"https:\/\/www.europesays.com\/fr\/wp-json\/wp\/v2\/posts\/654167\/revisions"}],"wp:featuredmedia":[{"embeddable":true,"href":"https:\/\/www.europesays.com\/fr\/wp-json\/wp\/v2\/media\/654168"}],"wp:attachment":[{"href":"https:\/\/www.europesays.com\/fr\/wp-json\/wp\/v2\/media?parent=654167"}],"wp:term":[{"taxonomy":"category","embeddable":true,"href":"https:\/\/www.europesays.com\/fr\/wp-json\/wp\/v2\/categories?post=654167"},{"taxonomy":"post_tag","embeddable":true,"href":"https:\/\/www.europesays.com\/fr\/wp-json\/wp\/v2\/tags?post=654167"}],"curies":[{"name":"wp","href":"https:\/\/api.w.org\/{rel}","templated":true}]}}