{"id":654171,"date":"2026-01-10T14:51:38","date_gmt":"2026-01-10T14:51:38","guid":{"rendered":"https:\/\/www.europesays.com\/fr\/654171\/"},"modified":"2026-01-10T14:51:38","modified_gmt":"2026-01-10T14:51:38","slug":"rouen-red-star-qrm-plusieurs-matchs-amicaux-annules-en-raison-de-la-meteo","status":"publish","type":"post","link":"https:\/\/www.europesays.com\/fr\/654171\/","title":{"rendered":"Rouen, Red Star, QRM &#8230; plusieurs matchs amicaux annul\u00e9s en raison de la m\u00e9t\u00e9o"},"content":{"rendered":"<p>Ils souhaitaient garder le rythme, mais il n&rsquo;en sera rien. Ce vendredi 9 janvier, plusieurs clubs fran\u00e7ais avaient effectivement pr\u00e9vus de disputer un match amical, car d\u00e9j\u00e0 \u00e9limin\u00e9s de la Coupe de France &#8211; <a href=\"https:\/\/www.foot-national.com\/coupe-de-france\/coupe-de-france-la-programmation-complete-des-seiziemes-de-finale-avec-deux-rencontres-decalees-933859\" target=\"_blank\" rel=\"noopener\">qui disputent ses 16e de finale ce week-end<\/a> &#8211; ou en raison d&rsquo;une reprise du championnat pr\u00e9vue plus tard.<\/p>\n<p>Une semaine apr\u00e8s avoir justement repris par un choc perdu sur la pelouse du leader troyen (0-1), le Red Star (Ligue 2) n&rsquo;aura pas l&rsquo;occasion de rester en jambes avant de se rendre \u00e0 Grenoble le samedi 17 janvier (14h). Son match amical contre Dijon (N1) a \u00e9t\u00e9 effectivement annul\u00e9 en raison des conditions m\u00e9t\u00e9orologiques. \u00ab\u00a0Le match de pr\u00e9paration entre Dijon et le Red Star FC, initialement pr\u00e9vu ce vendredi \u00e0 15h, est annul\u00e9 en raison des conditions m\u00e9t\u00e9orologiques actuelles sur place. Une s\u00e9ance d&rsquo;entrainement sera pr\u00e9vue \u00e0 14h45 \u00e0 Marville\u00a0\u00bb, a pr\u00e9cis\u00e9 le club francilien, pas le seul \u00e0 devoir passer son tour.<\/p>\n<\/p>\n<p>Les voisins rouennais priv\u00e9s de match<\/p>\n<p>C&rsquo;est aussi le cas des voisins rouennais que sont le FC Rouen et QRM. Initialement, le leader de National devait se jauger face au FC Fleury 91 (N1) \u00e0 14h30, avant que QRM n&rsquo;en fasse de m\u00eame contre Dunkerque (L2) un peu plus tard (15h). Les conditions climatiques en ont d\u00e9cid\u00e9 autrement.<\/p>\n<\/p>\n<p>Partagez cette info avec vos amis et vos proches en cliquant ici<br \/>Pour r\u00e9sumer<\/p>\n<p>Ils souhaitaient garder le rythme, mais il n&rsquo;en sera rien. Ce vendredi 9 janvier, plusieurs clubs fran\u00e7ais avaient effectivement pr\u00e9vus de disputer un match amical, car d\u00e9j\u00e0 \u00e9limin\u00e9s de la Coupe de France &#8211; qui disputent ses 16e de finale ce week-end &#8211; ou en raison d&rsquo;une reprise du championnat pr\u00e9vue plus tard.<\/p>\n<p> <img decoding=\"async\" width=\"76\" height=\"76\" loading=\"lazy\" src=\"https:\/\/www.europesays.com\/fr\/wp-content\/uploads\/2025\/04\/logo-florian-sermaise.jpg\" alt=\"Florian Sermaise\"\/><\/p>\n","protected":false},"excerpt":{"rendered":"Ils souhaitaient garder le rythme, mais il n&rsquo;en sera rien. Ce vendredi 9 janvier, plusieurs clubs fran\u00e7ais avaient&hellip;\n","protected":false},"author":2,"featured_media":654172,"comment_status":"","ping_status":"","sticky":false,"template":"","format":"standard","meta":{"footnotes":""},"categories":[9587],"tags":[1111,11,1777,674,1011,27,59995,59645,12,5161,25,9590],"class_list":{"0":"post-654171","1":"post","2":"type-post","3":"status-publish","4":"format-standard","5":"has-post-thumbnail","7":"category-rouen","8":"tag-actu","9":"tag-actualites","10":"tag-eu","11":"tag-europe","12":"tag-fr","13":"tag-france","14":"tag-ligue-2-actus","15":"tag-national-actus","16":"tag-news","17":"tag-normandie","18":"tag-republique-francaise","19":"tag-rouen"},"share_on_mastodon":{"url":"https:\/\/pubeurope.com\/@fr\/115871369344435811","error":""},"_links":{"self":[{"href":"https:\/\/www.europesays.com\/fr\/wp-json\/wp\/v2\/posts\/654171","targetHints":{"allow":["GET"]}}],"collection":[{"href":"https:\/\/www.europesays.com\/fr\/wp-json\/wp\/v2\/posts"}],"about":[{"href":"https:\/\/www.europesays.com\/fr\/wp-json\/wp\/v2\/types\/post"}],"author":[{"embeddable":true,"href":"https:\/\/www.europesays.com\/fr\/wp-json\/wp\/v2\/users\/2"}],"replies":[{"embeddable":true,"href":"https:\/\/www.europesays.com\/fr\/wp-json\/wp\/v2\/comments?post=654171"}],"version-history":[{"count":0,"href":"https:\/\/www.europesays.com\/fr\/wp-json\/wp\/v2\/posts\/654171\/revisions"}],"wp:featuredmedia":[{"embeddable":true,"href":"https:\/\/www.europesays.com\/fr\/wp-json\/wp\/v2\/media\/654172"}],"wp:attachment":[{"href":"https:\/\/www.europesays.com\/fr\/wp-json\/wp\/v2\/media?parent=654171"}],"wp:term":[{"taxonomy":"category","embeddable":true,"href":"https:\/\/www.europesays.com\/fr\/wp-json\/wp\/v2\/categories?post=654171"},{"taxonomy":"post_tag","embeddable":true,"href":"https:\/\/www.europesays.com\/fr\/wp-json\/wp\/v2\/tags?post=654171"}],"curies":[{"name":"wp","href":"https:\/\/api.w.org\/{rel}","templated":true}]}}