{"id":654177,"date":"2026-01-10T14:56:14","date_gmt":"2026-01-10T14:56:14","guid":{"rendered":"https:\/\/www.europesays.com\/fr\/654177\/"},"modified":"2026-01-10T14:56:14","modified_gmt":"2026-01-10T14:56:14","slug":"mercato-rennes-passe-devant-lol-pour-une-cible-allechante","status":"publish","type":"post","link":"https:\/\/www.europesays.com\/fr\/654177\/","title":{"rendered":"Mercato : Rennes passe devant l\u2019OL pour une cible all\u00e9chante"},"content":{"rendered":"<p>\u00c0 Rennes, la dynamique actuelle pousse \u00e0 l\u2019action. Sixi\u00e8me de Ligue 1, le club breton entend consolider un effectif parfois jug\u00e9 l\u00e9ger sur certains postes offensifs. Apr\u00e8s l\u2019\u00e9chec du dossier Claudio Echeverri, la cellule de recrutement a activ\u00e9 d\u2019autres pistes, dont celle menant \u00e0 Sebastian Szymanski.<\/p>\n<p>Selon <a href=\"https:\/\/www.ouest-france.fr\/sport\/football\/stade-rennais\/mercato-pourquoi-le-stade-rennais-rouvre-son-recrutement-vers-le-marche-etranger-52a158da-ed71-11f0-ae78-1a0629cc1f87\" target=\"_self\" rel=\"noopener\">Ouest-France<\/a>, le Stade rennais a avanc\u00e9 \u00ab\u00a0s\u00e9rieusement\u00a0\u00bb sur le dossier menant au joueur polonais. Les \u00e9changes impliquent d\u00e9sormais trois parties : Rennes, le joueur et Fenerbah\u00e7e. Le club turc ne ferme pas la porte \u00e0 un d\u00e9part de son attaquant de 26 ans, sous contrat jusqu\u2019en juin 2027.<\/p>\n<p>De son c\u00f4t\u00e9, Szymanski regarde cette opportunit\u00e9 avec int\u00e9r\u00eat. Une arriv\u00e9e en Bretagne lui offrirait du temps de jeu r\u00e9gulier lors de la deuxi\u00e8me partie de saison, un param\u00e8tre important \u00e0 l\u2019approche de la Coupe du monde 2026.<\/p>\n","protected":false},"excerpt":{"rendered":"\u00c0 Rennes, la dynamique actuelle pousse \u00e0 l\u2019action. Sixi\u00e8me de Ligue 1, le club breton entend consolider un&hellip;\n","protected":false},"author":2,"featured_media":654178,"comment_status":"","ping_status":"","sticky":false,"template":"","format":"standard","meta":{"footnotes":""},"categories":[2821],"tags":[1111,11,829,1777,674,1011,27,66,2428,1434,12,584,25,75714,28401],"class_list":{"0":"post-654177","1":"post","2":"type-post","3":"status-publish","4":"format-standard","5":"has-post-thumbnail","7":"category-rennes","8":"tag-actu","9":"tag-actualites","10":"tag-bretagne","11":"tag-eu","12":"tag-europe","13":"tag-fr","14":"tag-france","15":"tag-ligue-1","16":"tag-lyon","17":"tag-mercato","18":"tag-news","19":"tag-rennes","20":"tag-republique-francaise","21":"tag-s-szymanski","22":"tag-transfers"},"share_on_mastodon":{"url":"","error":""},"_links":{"self":[{"href":"https:\/\/www.europesays.com\/fr\/wp-json\/wp\/v2\/posts\/654177","targetHints":{"allow":["GET"]}}],"collection":[{"href":"https:\/\/www.europesays.com\/fr\/wp-json\/wp\/v2\/posts"}],"about":[{"href":"https:\/\/www.europesays.com\/fr\/wp-json\/wp\/v2\/types\/post"}],"author":[{"embeddable":true,"href":"https:\/\/www.europesays.com\/fr\/wp-json\/wp\/v2\/users\/2"}],"replies":[{"embeddable":true,"href":"https:\/\/www.europesays.com\/fr\/wp-json\/wp\/v2\/comments?post=654177"}],"version-history":[{"count":0,"href":"https:\/\/www.europesays.com\/fr\/wp-json\/wp\/v2\/posts\/654177\/revisions"}],"wp:featuredmedia":[{"embeddable":true,"href":"https:\/\/www.europesays.com\/fr\/wp-json\/wp\/v2\/media\/654178"}],"wp:attachment":[{"href":"https:\/\/www.europesays.com\/fr\/wp-json\/wp\/v2\/media?parent=654177"}],"wp:term":[{"taxonomy":"category","embeddable":true,"href":"https:\/\/www.europesays.com\/fr\/wp-json\/wp\/v2\/categories?post=654177"},{"taxonomy":"post_tag","embeddable":true,"href":"https:\/\/www.europesays.com\/fr\/wp-json\/wp\/v2\/tags?post=654177"}],"curies":[{"name":"wp","href":"https:\/\/api.w.org\/{rel}","templated":true}]}}