{"id":654181,"date":"2026-01-10T14:58:32","date_gmt":"2026-01-10T14:58:32","guid":{"rendered":"https:\/\/www.europesays.com\/fr\/654181\/"},"modified":"2026-01-10T14:58:32","modified_gmt":"2026-01-10T14:58:32","slug":"un-chantier-xxl-attend-le-palais-des-fetes-de-strasbourg","status":"publish","type":"post","link":"https:\/\/www.europesays.com\/fr\/654181\/","title":{"rendered":"un chantier XXL attend le Palais des F\u00eates de Strasbourg"},"content":{"rendered":"<p>    <img loading=\"lazy\" width=\"1800\" height=\"900\" src=\"https:\/\/www.europesays.com\/fr\/wp-content\/uploads\/2025\/11\/jeanne-callthepolice.jpg\" class=\"attachment-full size-full\" alt=\"\" id=\"imageLove\" decoding=\"async\"  \/><\/p>\n<p id=\"breadcrumbs\"><a href=\"https:\/\/pokaa.fr\/\" target=\"_blank\" rel=\"noopener\">Accueil<\/a> \/ <a href=\"https:\/\/pokaa.fr\/categories\/actu\/\" target=\"_blank\" rel=\"noopener\">Info locale<\/a> \/ Environ 11 millions d\u2019\u20ac : un chantier XXL attend le Palais des F\u00eates de Strasbourg<\/p>\n<p>                    Info locale<\/p>\n<p><b>Cens\u00e9 accueillir l\u2019Op\u00e9ra national du Rhin durant ses travaux de 2028 \u00e0 2033, le Palais des F\u00eates doit tout d\u2019abord se refaire une beaut\u00e9. Un gros chantier doit d\u00e9marrer dans le b\u00e2timent historique de la Neustadt en octobre 2026, et continuer jusqu\u2019en juillet 2027. On vous pr\u00e9sente tout ce qui va changer.<\/b><\/p>\n<p class=\"p1\">\u00ab Quoi de mieux que des belles nouvelles pour d\u00e9marrer l\u2019ann\u00e9e ? \u00bb : Jeanne Barseghian a le sourire ce 8 janvier. La maire de Strasbourg se trouvait au Palais des F\u00eates, dans le quartier de la Neustadt, <b>pour annoncer une troisi\u00e8me phase de travaux entre 2026 et 2027 pour le b\u00e2timent proche de l\u2019avenue des Vosges<\/b>. Un lieu qui avait \u00e9t\u00e9 l\u2019une des principales salles de concert strasbourgeoises dans les ann\u00e9es 2000, mais qui est aujourd\u2019hui inexploit\u00e9e.<\/p>\n<p>                <a href=\"https:\/\/pokaa.fr\/2025\/04\/14\/budget-de-120-millions-deuros-lopera-de-strasbourg-sera-entierement-renove-dici-2033\/\" target=\"_blank\" rel=\"noopener\"><br \/>\n                    <img width=\"450\" height=\"270\" src=\"https:\/\/www.europesays.com\/fr\/wp-content\/uploads\/2025\/06\/1-450x270.png\" class=\"attachment-card-horizontal--same-subject size-card-horizontal--same-subject wp-post-image\" alt=\"\" decoding=\"async\" loading=\"lazy\"\/>                <\/a><\/p>\n<p>Cela va toutefois changer dans les prochaines ann\u00e9es, et la raison est toute simple. <strong>E<\/strong><b>n perspective de la future grande r\u00e9novation de l\u2019Op\u00e9ra national du Rhin, le lieu sera inaccessible entre 2028 et 2033<\/b>. C\u2019est le Palais des F\u00eates qui prendra la rel\u00e8ve pour accueillir les repr\u00e9sentations durant plusieurs ann\u00e9es, et pour cela, il doit se refaire une beaut\u00e9.<\/p>\n<p>    <img width=\"800\" height=\"600\" src=\"https:\/\/www.europesays.com\/fr\/wp-content\/uploads\/2026\/01\/img-3747-grande-800x600.jpeg\" class=\"attachment-image-size-L size-image-size-L\" alt=\"palais des f\u00eates\" decoding=\"async\" loading=\"lazy\"  \/>         \u00a9 Nicolas Kaspar \/ Pokaa <\/p>\n<p>Des gradins et une fosse pour une nouvelle sc\u00e8ne<\/p>\n<p class=\"p1\">Durant la p\u00e9riode de travaux, le Palais des F\u00eates va conna\u00eetre des changements \u00e0 tous les \u00e9tages. D\u2019abord au niveau de la salle de spectacle : <b>elle sera bient\u00f4t d\u2019une capacit\u00e9 d\u2019environ 660 places, avec des gradins qui sont am\u00e9nag\u00e9s du sol \u00e0 la sc\u00e8ne jusqu\u2019au balcon du 1er \u00e9tage<\/b>. Le tout, pour un meilleur confort.<\/p>\n<p class=\"p1\">Une fosse de 100 m2 sera \u00e9galement reconstitu\u00e9e, afin d\u2019y placer l\u2019orchestre. <b>Une fosse un tout petit peu plus grande que celle de l\u2019Op\u00e9ra, qui permettra ainsi d\u2019accueillir une soixantaine de musicien(ne)s et de couvrir un large panel de repr\u00e9sentations<\/b>. L\u2019orgue actuellement pr\u00e9sent au Palais des F\u00eates sera lui d\u00e9plac\u00e9 dans un endroit de stockage, afin de faire de l\u2019espace et permettre d\u2019am\u00e9nager les installations de l\u2019Op\u00e9ra.<\/p>\n<p>                <img width=\"1023\" height=\"500\" src=\"https:\/\/www.europesays.com\/fr\/wp-content\/uploads\/2026\/01\/coupe-de-principe-pdf-1023x500.jpg\" class=\"attachment-gallery size-gallery\" alt=\"palais des f\u00eates\" data-full-url=\"https:\/\/pokaa.fr\/wp-content\/uploads\/2026\/01\/08\/coupe-de-principe-pdf.jpg\" decoding=\"async\" loading=\"lazy\"  \/>            <\/p>\n<p>                <img width=\"1061\" height=\"500\" src=\"https:\/\/www.europesays.com\/fr\/wp-content\/uploads\/2026\/01\/vue-du-haut-des-gradins-pdf-1061x500.jpg\" class=\"attachment-gallery size-gallery\" alt=\"palais des f\u00eates\" data-full-url=\"https:\/\/pokaa.fr\/wp-content\/uploads\/2026\/01\/08\/vue-du-haut-des-gradins-pdf.jpg\" decoding=\"async\" loading=\"lazy\"  \/>            <\/p>\n<p>                <img width=\"667\" height=\"500\" src=\"https:\/\/www.europesays.com\/fr\/wp-content\/uploads\/2026\/01\/img-3737-grande-667x500.jpeg\" class=\"attachment-gallery size-gallery\" alt=\"palais des f\u00eates\" data-full-url=\"https:\/\/pokaa.fr\/wp-content\/uploads\/2026\/01\/08\/img-3737-grande.jpeg\" decoding=\"async\" loading=\"lazy\"  \/>            <\/p>\n<p>                <img width=\"667\" height=\"500\" src=\"https:\/\/www.europesays.com\/fr\/wp-content\/uploads\/2026\/01\/img-3738-grande-667x500.jpeg\" class=\"attachment-gallery size-gallery\" alt=\"palais des f\u00eates\" data-full-url=\"https:\/\/pokaa.fr\/wp-content\/uploads\/2026\/01\/08\/img-3738-grande.jpeg\" decoding=\"async\" loading=\"lazy\"  \/>            <\/p>\n<p>                    1. et 2. \u00a9 Documents remis ; 3. et 4. Nicolas Kaspar \/ Pokaa<\/p>\n<p>Monte-charge, brasserie et loges : le reste des am\u00e9nagements<\/p>\n<p class=\"p1\">En plus de la sc\u00e8ne et de la salle, le Palais des F\u00eates va se relooker de la t\u00eate aux pieds. Au sous-sol seront r\u00e9alis\u00e9s des vestiaires et des locaux de stockage, <b>tandis qu\u2019un travail sera r\u00e9alis\u00e9 sur la brasserie du rez-de-chauss\u00e9e pour lui permettre temporairement d\u2019accueillir des espaces pour le personnel<\/b>. Le tout, avant des travaux en profondeur pour une nouvelle vie, apr\u00e8s le retour de l\u2019Op\u00e9ra dans ses locaux en 2033.<\/p>\n<p class=\"p1\">Au niveau de l\u2019entr\u00e9e, la billetterie s\u2019installera dans l\u2019angle des rues de Phalsbourg et Sellenick, tandis que des travaux sur l\u2019acoustique du hall seront \u00e9galement r\u00e9alis\u00e9s. Le bar sera r\u00e9habilit\u00e9 pour les entractes, de nouveaux sanitaires seront am\u00e9nag\u00e9s <b>et surtout : un monte-charge sera install\u00e9<\/b>. Un \u00e9l\u00e9ment indispensable pour le bon d\u00e9roul\u00e9 des spectacles, dont le Palais des F\u00eates manquait cruellement.<\/p>\n<blockquote><p>\n        On a voulu prot\u00e9ger les \u00e9l\u00e9ments remarquables.    <\/p><\/blockquote>\n<p>            Florence Mathonat, cheffe de projet Ville de Strasbourg<\/p>\n<p>                <img width=\"667\" height=\"500\" src=\"https:\/\/www.europesays.com\/fr\/wp-content\/uploads\/2026\/01\/img-3744-grande-667x500.jpeg\" class=\"attachment-gallery size-gallery\" alt=\"palais des f\u00eates\" data-full-url=\"https:\/\/pokaa.fr\/wp-content\/uploads\/2026\/01\/08\/img-3744-grande.jpeg\" decoding=\"async\" loading=\"lazy\"  \/>            <\/p>\n<p>                <img width=\"667\" height=\"500\" src=\"https:\/\/www.europesays.com\/fr\/wp-content\/uploads\/2026\/01\/img-3742-grande-667x500.jpeg\" class=\"attachment-gallery size-gallery\" alt=\"palais des f\u00eates\" data-full-url=\"https:\/\/pokaa.fr\/wp-content\/uploads\/2026\/01\/08\/img-3742-grande.jpeg\" decoding=\"async\" loading=\"lazy\"  \/>            <\/p>\n<p>                <img width=\"667\" height=\"500\" src=\"https:\/\/www.europesays.com\/fr\/wp-content\/uploads\/2026\/01\/img-3737-grande-667x500.jpeg\" class=\"attachment-gallery size-gallery\" alt=\"palais des f\u00eates\" data-full-url=\"https:\/\/pokaa.fr\/wp-content\/uploads\/2026\/01\/08\/img-3737-grande.jpeg\" decoding=\"async\" loading=\"lazy\"  \/>            <\/p>\n<p>                <img width=\"667\" height=\"500\" src=\"https:\/\/www.europesays.com\/fr\/wp-content\/uploads\/2026\/01\/img-3748-grande-667x500.jpeg\" class=\"attachment-gallery size-gallery\" alt=\"palais des f\u00eates\" data-full-url=\"https:\/\/pokaa.fr\/wp-content\/uploads\/2026\/01\/08\/img-3748-grande.jpeg\" decoding=\"async\" loading=\"lazy\"  \/>            <\/p>\n<p>                    \u00a9 Nicolas Kaspar \/ Pokaa<\/p>\n<p class=\"p1\">Enfin, <strong>le grand salon du 1er \u00e9tage sera lui aussi restaur\u00e9, afin de pouvoir \u00eatre utilis\u00e9 en m\u00eame temps que la grande salle<\/strong>. Des portes et cloisons acoustiques seront alors mises en place. Les loges de l\u2019op\u00e9ra seront quant \u00e0 elles install\u00e9es dans la salle des colonnes, tandis qu\u2019une grande loge permanente s\u2019installera au premier \u00e9tage, \u00e0 l\u2019angle du b\u00e2timent.<\/p>\n<p class=\"p1\"><b>Un projet ambitieux \u00e0 11 millions d\u2019euros, pour permettre la bonne tenue du chantier de l\u2019Op\u00e9ra, encore plus imposant. Reste \u00e0 voir s\u2019il fera l\u2019objet de continuit\u00e9 r\u00e9publicaine, en cas d\u2019alternance \u00e0 la t\u00eate de Strasbourg apr\u00e8s les \u00e9lections\u00a0municipales.<\/b><\/p>\n","protected":false},"excerpt":{"rendered":"Accueil \/ Info locale \/ Environ 11 millions d\u2019\u20ac : un chantier XXL attend le Palais des F\u00eates&hellip;\n","protected":false},"author":2,"featured_media":654182,"comment_status":"","ping_status":"","sticky":false,"template":"","format":"standard","meta":{"footnotes":""},"categories":[2820],"tags":[1111,11,4107,1777,674,1011,27,775,4657,12,7165,75715,25,640,58524,2086],"class_list":{"0":"post-654181","1":"post","2":"type-post","3":"status-publish","4":"format-standard","5":"has-post-thumbnail","7":"category-strasbourg","8":"tag-actu","9":"tag-actualites","10":"tag-chantier","11":"tag-eu","12":"tag-europe","13":"tag-fr","14":"tag-france","15":"tag-grand-est","16":"tag-millions","17":"tag-news","18":"tag-opera","19":"tag-palais-des-fetes","20":"tag-republique-francaise","21":"tag-strasbourg","22":"tag-strasbourg-actualite","23":"tag-travaux"},"share_on_mastodon":{"url":"https:\/\/pubeurope.com\/@fr\/115871397497431012","error":""},"_links":{"self":[{"href":"https:\/\/www.europesays.com\/fr\/wp-json\/wp\/v2\/posts\/654181","targetHints":{"allow":["GET"]}}],"collection":[{"href":"https:\/\/www.europesays.com\/fr\/wp-json\/wp\/v2\/posts"}],"about":[{"href":"https:\/\/www.europesays.com\/fr\/wp-json\/wp\/v2\/types\/post"}],"author":[{"embeddable":true,"href":"https:\/\/www.europesays.com\/fr\/wp-json\/wp\/v2\/users\/2"}],"replies":[{"embeddable":true,"href":"https:\/\/www.europesays.com\/fr\/wp-json\/wp\/v2\/comments?post=654181"}],"version-history":[{"count":0,"href":"https:\/\/www.europesays.com\/fr\/wp-json\/wp\/v2\/posts\/654181\/revisions"}],"wp:featuredmedia":[{"embeddable":true,"href":"https:\/\/www.europesays.com\/fr\/wp-json\/wp\/v2\/media\/654182"}],"wp:attachment":[{"href":"https:\/\/www.europesays.com\/fr\/wp-json\/wp\/v2\/media?parent=654181"}],"wp:term":[{"taxonomy":"category","embeddable":true,"href":"https:\/\/www.europesays.com\/fr\/wp-json\/wp\/v2\/categories?post=654181"},{"taxonomy":"post_tag","embeddable":true,"href":"https:\/\/www.europesays.com\/fr\/wp-json\/wp\/v2\/tags?post=654181"}],"curies":[{"name":"wp","href":"https:\/\/api.w.org\/{rel}","templated":true}]}}