{"id":654189,"date":"2026-01-10T15:02:11","date_gmt":"2026-01-10T15:02:11","guid":{"rendered":"https:\/\/www.europesays.com\/fr\/654189\/"},"modified":"2026-01-10T15:02:11","modified_gmt":"2026-01-10T15:02:11","slug":"fc-nantes-un-nouveau-sponsor-sur-le-maillot-des-feminines","status":"publish","type":"post","link":"https:\/\/www.europesays.com\/fr\/654189\/","title":{"rendered":"FC Nantes. Un nouveau sponsor sur le maillot des f\u00e9minines"},"content":{"rendered":"<p><img fetchpriority=\"high\" decoding=\"async\" width=\"620\" height=\"413\" src=\"https:\/\/www.europesays.com\/fr\/wp-content\/uploads\/2026\/01\/FC-Nantes-sponsor-620x413.jpg\" alt=\"FC Nantes. Un nouveau sponsor sur le maillot des f\u00e9minines\" class=\"wp-image-390435\"  \/>Le logo de Protextyl prend la place sur la manche du maillot de l\u2019\u00e9quipe f\u00e9minine.<\/p>\n<p>Le <a href=\"https:\/\/sportune.20minutes.fr\/fc-nantes\" target=\"_blank\" rel=\"noopener\">FC Nantes<\/a> f\u00e9minin compte un nouveau sponsor majeur, le club officialise l\u2019arriv\u00e9e de Protextyl en tant que partenaire officiel jusqu\u2019\u00e0 la fin de la saison. L\u2019entreprise nantaise sp\u00e9cialis\u00e9e dans les v\u00eatements de travail, \u00e9quipements de protection individuelle et chaussures de s\u00e9curit\u00e9 accompagne les professionnels de nombreux secteurs.<\/p>\n<p>\u00ab\u00a0Soutenir le <a href=\"https:\/\/sportune.20minutes.fr\/fc-nantes\" target=\"_blank\" rel=\"noopener\">FC Nantes<\/a> F\u00e9minin, c\u2019est avant tout affirmer les valeurs de Protextyl : solidarit\u00e9, d\u00e9termination et engagement\u00a0\u00bb, d\u00e9clare par communiqu\u00e9 Maxime Deslandes, dirigeant de Protextyl. \u00ab\u00a0Nous croyons au talent, \u00e0 la d\u00e9termination et \u00e0 la force du collectif de ces joueuses, des valeurs que nous partageons pleinement au sein de notre entreprise.\u00a0\u00bb<\/p>\n<p>\u00ab\u00a0Ce partenariat avec une entreprise nantaise engag\u00e9e et reconnue pour son expertise donne encore plus de sens \u00e0 notre projet. Le soutien de Protextyl est un signal fort pour accompagner le d\u00e9veloppement de notre \u00e9quipe jusqu\u2019\u00e0 la fin de la saison\u00a0\u00bb, poursuit le pr\u00e9sident de l\u2019association du <a href=\"https:\/\/sportune.20minutes.fr\/fc-nantes\" target=\"_blank\" rel=\"noopener\">FC Nantes<\/a>, Jacky Soulard.<\/p>\n<p>Dans le cadre de cet accord, le logo de Protextyl sera visible sur la manche du maillot des joueuses lors des rencontres officielles d\u2019Ark\u00e9ma Premi\u00e8re Ligue. Ce partenariat vise \u00e0 renforcer le d\u00e9veloppement et la visibilit\u00e9 de la section f\u00e9minine du club.<\/p>\n","protected":false},"excerpt":{"rendered":"Le logo de Protextyl prend la place sur la manche du maillot de l\u2019\u00e9quipe f\u00e9minine. Le FC Nantes&hellip;\n","protected":false},"author":2,"featured_media":654190,"comment_status":"","ping_status":"","sticky":false,"template":"","format":"standard","meta":{"footnotes":""},"categories":[2818],"tags":[1111,11,1777,674,462,1011,27,10274,766,12,2636,25],"class_list":{"0":"post-654189","1":"post","2":"type-post","3":"status-publish","4":"format-standard","5":"has-post-thumbnail","7":"category-nantes","8":"tag-actu","9":"tag-actualites","10":"tag-eu","11":"tag-europe","12":"tag-fc-nantes","13":"tag-fr","14":"tag-france","15":"tag-maillot","16":"tag-nantes","17":"tag-news","18":"tag-pays-de-la-loire","19":"tag-republique-francaise"},"share_on_mastodon":{"url":"https:\/\/pubeurope.com\/@fr\/115871412725208602","error":""},"_links":{"self":[{"href":"https:\/\/www.europesays.com\/fr\/wp-json\/wp\/v2\/posts\/654189","targetHints":{"allow":["GET"]}}],"collection":[{"href":"https:\/\/www.europesays.com\/fr\/wp-json\/wp\/v2\/posts"}],"about":[{"href":"https:\/\/www.europesays.com\/fr\/wp-json\/wp\/v2\/types\/post"}],"author":[{"embeddable":true,"href":"https:\/\/www.europesays.com\/fr\/wp-json\/wp\/v2\/users\/2"}],"replies":[{"embeddable":true,"href":"https:\/\/www.europesays.com\/fr\/wp-json\/wp\/v2\/comments?post=654189"}],"version-history":[{"count":0,"href":"https:\/\/www.europesays.com\/fr\/wp-json\/wp\/v2\/posts\/654189\/revisions"}],"wp:featuredmedia":[{"embeddable":true,"href":"https:\/\/www.europesays.com\/fr\/wp-json\/wp\/v2\/media\/654190"}],"wp:attachment":[{"href":"https:\/\/www.europesays.com\/fr\/wp-json\/wp\/v2\/media?parent=654189"}],"wp:term":[{"taxonomy":"category","embeddable":true,"href":"https:\/\/www.europesays.com\/fr\/wp-json\/wp\/v2\/categories?post=654189"},{"taxonomy":"post_tag","embeddable":true,"href":"https:\/\/www.europesays.com\/fr\/wp-json\/wp\/v2\/tags?post=654189"}],"curies":[{"name":"wp","href":"https:\/\/api.w.org\/{rel}","templated":true}]}}