{"id":654195,"date":"2026-01-10T15:05:09","date_gmt":"2026-01-10T15:05:09","guid":{"rendered":"https:\/\/www.europesays.com\/fr\/654195\/"},"modified":"2026-01-10T15:05:09","modified_gmt":"2026-01-10T15:05:09","slug":"cette-pizzeria-a-toulouse-lance-la-pizza-suspendue-une-operation-solidaire-tout-le-mois-de-janvier","status":"publish","type":"post","link":"https:\/\/www.europesays.com\/fr\/654195\/","title":{"rendered":"Cette pizzeria \u00e0 Toulouse lance la \u00ab\u00a0pizza suspendue\u00a0\u00bb, une op\u00e9ration solidaire tout le mois de janvier"},"content":{"rendered":"<p>                    Par<br \/>\n        <strong><br \/>\n            <a href=\"https:\/\/actu.fr\/auteur\/anaelle-petit\" title=\"Consulter tous les articles de Ana\u00eblle Petit\" target=\"_blank\" rel=\"noopener\">Ana\u00eblle Petit<\/a><br \/>\n                    <\/strong><\/p>\n<p>        Publi\u00e9 le<\/p>\n<p>            10 janv. 2026 \u00e0 12h02        <\/p>\n<p><strong>Une pizza Margherita offerte d\u00e8s 10\u00a0euros de dons<\/strong>\u2009? C\u2019est l\u2019id\u00e9e de l\u2019op\u00e9ration solidaire <strong>\u00ab\u2009pizza suspendue\u2009\u00bb<\/strong> mise en place dans les <strong>restaurants Mongelli \u00e0 <a href=\"https:\/\/actu.fr\/toulouse\/\" target=\"_blank\" rel=\"noopener\">Toulouse<\/a><\/strong> durant tout le mois de janvier.<\/p>\n<p>Une tradition bien connue en Italie<\/p>\n<p class=\" wall-content\"><strong>Chez <a href=\"https:\/\/actu.fr\/occitanie\/toulouse_31555\/plein-confinement-nouvelle-pizzeria-mongelli-lance-activite-mardi-toulouse_33275532.html\" target=\"_blank\" rel=\"noopener\">Mongelli<\/a>, on mise sur le solidaire<\/strong>. En septembre dernier, <strong>l\u2019enseigne avait d\u00e9j\u00e0 r\u00e9alis\u00e9 une action de dons<\/strong> revers\u00e9s pour les cancers p\u00e9diatriques. Pour la nouvelle ann\u00e9e, Mongelli a souhait\u00e9 renouveler l\u2019exp\u00e9rience diff\u00e9remment.<\/p>\n<p class=\" wall-content\">Et quoi de mieux pour la pizzeria que d\u2019aller <strong>trouver inspiration dans une tradition bien connue en Italie<\/strong>, \u00e0 Naples pr\u00e9cis\u00e9ment\u2026 celle du <strong>caff\u00e8 sospeso (caf\u00e9 suspendu)<\/strong>.<\/p>\n<p class=\" wall-content\">\u00ab\u2009En Italie,<strong> on paie deux caf\u00e9s et on en boit qu\u2019un seul<\/strong>. \u00c7a permet d\u2019offrir un caf\u00e9 \u00e0 quelqu\u2019un. On a voulu<strong> ramener cette id\u00e9e \u00e0 la pizzeria<\/strong>, c\u2019est comme \u00e7a qu\u2019est n\u00e9e <strong>la pizza suspendue<\/strong>\u2009\u00bb raconte Camilla Mongelli, fille du cofondateur de la franchise.<\/p>\n<p>\u00ab\u2009C\u2019est une initiative \u00e0 la fois italienne et \u00e0 la fois solidaire\u2009\u00bb<\/p>\n<p class=\" wall-content\">Concr\u00e8tement, <strong>les clients pourront faire un don <\/strong>au moment de r\u00e9gler leur commande. <strong>Chaque don de 2\u00a0\u20ac<\/strong> correspond \u00e0 <strong>une part de pizza<\/strong>.<strong> D\u00e8s lors que six parts de pizzas ont \u00e9t\u00e9 r\u00e9unies<\/strong> pour en former une enti\u00e8re, soit <strong>au bout de 10\u00a0\u20ac<\/strong>, <strong>celle-ci est offerte.<\/strong><\/p>\n<p class=\" wall-content\"><strong>\u00ab\u2009C\u2019est une initiative \u00e0 la fois italienne et \u00e0 la fois solidaire\u2009\u00bb<\/strong> ajoute Camilla Mongelli.<\/p>\n<p>Vid\u00e9os : en ce moment sur ActuAucun justificatif n\u2019est demand\u00e9<\/p>\n<p class=\" wall-content\"><strong>La situation \u00e9conomique actuelle<\/strong> a pouss\u00e9 l\u2019enseigne \u00e0 mettre en place cette action afin que<strong> les petits gestes de chacun puissent aider des personnes dans le besoin<\/strong>.<\/p>\n<p>Votre r\u00e9gion, votre actu !<\/p>\n<p>Recevez chaque jour les infos qui comptent pour vous.<\/p>\n<p>\t<a href=\"https:\/\/actu.fr\/newsletter\" class=\"ac-btn ac-btn--corner ac-btn--medium ac-btn--blue800\" target=\"_blank\" rel=\"noopener\">S&rsquo;incrire<\/a><\/p>\n<p class=\" wall-content\">\u00ab\u2009On sait que le contexte actuel est difficile, le pouvoir d\u2019achat baisse, <strong>les Fran\u00e7ais n\u2019ont plus de sous pour manger<\/strong> donc on s\u2019est dit que \u00e7a pouvait aider.\u2009\u00bb, explique Camilla Mongelli.<\/p>\n<p class=\" wall-content\"><strong>Aucun justificatif<\/strong> n\u2019est demand\u00e9 pour b\u00e9n\u00e9ficier de cette Margherita. Le nombre de pizzas gratuites disponibles est <strong>indiqu\u00e9 chaque jour sur un tableau<\/strong> devant les restaurants et il suffit de la demander au comptoir.<\/p>\n<p>\u00ab\u2009Les premiers retours sont tr\u00e8s positifs\u2009\u00bb<\/p>\n<p class=\" wall-content\">Lanc\u00e9e <strong>depuis ce mardi 6\u00a0janvier 2026<\/strong>, l\u2019op\u00e9ration suspendue semble d\u00e9j\u00e0 <strong>ravir la client\u00e8le de la pizzeria<\/strong>. \u00ab\u2009Les premiers retours sont tr\u00e8s positifs,<strong> l\u2019op\u00e9ration est tr\u00e8s bien re\u00e7ue<\/strong> par les clients, donc <strong>on esp\u00e8re que \u00e7a va bien marcher<\/strong>\u2009\u00bb affirme Camilla.<\/p>\n<p class=\" wall-content\">Trois jours apr\u00e8s l\u2019op\u00e9ration,<strong> deux pizzas Margherita ont d\u00e9j\u00e0 pu \u00eatre offertes<\/strong> dans le restaurant de <strong>Blagnac<\/strong>.<\/p>\n<p>\u00ab\u2009Solidaire du d\u00e9but \u00e0 la fin\u2009\u00bb<\/p>\n<p class=\" wall-content\">Mongelli souhaite que cette action soit \u00ab<strong>\u2009solidaire du d\u00e9but \u00e0 la fin\u2009\u00bb<\/strong>. Ainsi, si toutes les pizzas gratuites n\u2019ont pas \u00e9t\u00e9 donn\u00e9es \u00e0 la fin de l\u2019op\u00e9ration, <strong>la franchise en fera distribution au Secours Populaire \u00e0 Toulouse<\/strong>.<\/p>\n<p class=\" wall-content\"><strong>L\u2019enseigne <\/strong>est pr\u00e9sente sur <strong>13 restaurants entre Agen et Marseille<\/strong>, dont<strong> 9 \u00e0 Toulouse<\/strong>. <strong>L\u2019ensemble des \u00e9tablissements participent<\/strong> \u00e0 l\u2019action durant tout le mois de janvier\u2026 et<strong> peut-\u00eatre plus si c\u2019est un succ\u00e8s\u2009!<\/strong><\/p>\n<p class=\" wall-content\">Personnalisez votre actualit\u00e9 en ajoutant vos villes et m\u00e9dias en favori avec <a href=\"https:\/\/moncompte.actu.fr\" title=\"D\u00e9couvez Mon Actu\" rel=\"nofollow noopener\" data-trk=\"{&quot;cta&quot;:{&quot;action&quot;:&quot;https:\\\/\\\/moncompte.actu.fr&quot;,&quot;category&quot;:&quot;mon compte&quot;,&quot;from&quot;:&quot;article footer&quot;,&quot;name&quot;:&quot;Mon actu&quot;,&quot;type&quot;:&quot;cta&quot;}}\" target=\"_blank\">Mon Actu<\/a>.<\/p>\n","protected":false},"excerpt":{"rendered":"Par Ana\u00eblle Petit Publi\u00e9 le 10 janv. 2026 \u00e0 12h02 Une pizza Margherita offerte d\u00e8s 10\u00a0euros de dons\u2009?&hellip;\n","protected":false},"author":2,"featured_media":654196,"comment_status":"","ping_status":"","sticky":false,"template":"","format":"standard","meta":{"footnotes":""},"categories":[2816],"tags":[1111,11,1777,674,1011,27,12,2680,25,1340,104,3400,2312],"class_list":{"0":"post-654195","1":"post","2":"type-post","3":"status-publish","4":"format-standard","5":"has-post-thumbnail","7":"category-toulouse","8":"tag-actu","9":"tag-actualites","10":"tag-eu","11":"tag-europe","12":"tag-fr","13":"tag-france","14":"tag-news","15":"tag-occitanie","16":"tag-republique-francaise","17":"tag-restaurant","18":"tag-societe","19":"tag-solidarite","20":"tag-toulouse"},"share_on_mastodon":{"url":"https:\/\/pubeurope.com\/@fr\/115871424482631212","error":""},"_links":{"self":[{"href":"https:\/\/www.europesays.com\/fr\/wp-json\/wp\/v2\/posts\/654195","targetHints":{"allow":["GET"]}}],"collection":[{"href":"https:\/\/www.europesays.com\/fr\/wp-json\/wp\/v2\/posts"}],"about":[{"href":"https:\/\/www.europesays.com\/fr\/wp-json\/wp\/v2\/types\/post"}],"author":[{"embeddable":true,"href":"https:\/\/www.europesays.com\/fr\/wp-json\/wp\/v2\/users\/2"}],"replies":[{"embeddable":true,"href":"https:\/\/www.europesays.com\/fr\/wp-json\/wp\/v2\/comments?post=654195"}],"version-history":[{"count":0,"href":"https:\/\/www.europesays.com\/fr\/wp-json\/wp\/v2\/posts\/654195\/revisions"}],"wp:featuredmedia":[{"embeddable":true,"href":"https:\/\/www.europesays.com\/fr\/wp-json\/wp\/v2\/media\/654196"}],"wp:attachment":[{"href":"https:\/\/www.europesays.com\/fr\/wp-json\/wp\/v2\/media?parent=654195"}],"wp:term":[{"taxonomy":"category","embeddable":true,"href":"https:\/\/www.europesays.com\/fr\/wp-json\/wp\/v2\/categories?post=654195"},{"taxonomy":"post_tag","embeddable":true,"href":"https:\/\/www.europesays.com\/fr\/wp-json\/wp\/v2\/tags?post=654195"}],"curies":[{"name":"wp","href":"https:\/\/api.w.org\/{rel}","templated":true}]}}