{"id":654197,"date":"2026-01-10T15:06:21","date_gmt":"2026-01-10T15:06:21","guid":{"rendered":"https:\/\/www.europesays.com\/fr\/654197\/"},"modified":"2026-01-10T15:06:21","modified_gmt":"2026-01-10T15:06:21","slug":"deja-trois-buts-entre-amiens-et-montreuil-monaco-sous-pression-a-orleans","status":"publish","type":"post","link":"https:\/\/www.europesays.com\/fr\/654197\/","title":{"rendered":"d\u00e9j\u00e0 trois buts entre Amiens et Montreuil, Monaco sous pression \u00e0 Orl\u00e9ans"},"content":{"rendered":"<p>ET DE TROIS POUR AMIENS<\/p>\n<p>L&rsquo;\u00e9quipe de Ligue 2 fait le break face au FC Montreuil \u00e0 Bobigny. Averlant marque le 3e but. A noter la sortie sur blessure du capitaine de Montreuil, Niakat\u00e9.<\/p>\n<p><strong>Montreuil-Amiens : 1-3<\/strong><\/p>\n<p>BUUUUT DE TROYES !<\/p>\n<p>L&rsquo;Estac ouvre le score face \u00e0 Bastia ! Sur un contre, Ripart conclut le travail sans difficult\u00e9.<\/p>\n<p>Bastia-Troyes : 0-1<\/p>\n<p>MONACO RESPIRE UN PEU MIEUX !<\/p>\n<p>Balogun bien lanc\u00e9 en profondeur plein axe par Zakaria ouvre le score pour Monaco sur la pelouse d&rsquo;Orl\u00e9ans. Un but contre contre le cours du jeu.<\/p>\n<p><strong>Orl\u00e9ans-Monaco : 0-1<\/strong><\/p>\n<p>Grosse frayeur pour Amiens<\/p>\n<p>Dans un d\u00e9but de match compl\u00e8ment fou Sow n&rsquo;est pas loin d&rsquo;\u00e9galiser\u00e0 2-2 face \u00e0 Amiens. Sa reprise acrobatique passe de peu \u00e0 c\u00f4t\u00e9.<\/p>\n<p><strong>Montreuil-Amiens : 1-2<\/strong><\/p>\n<p>\u00ab\u00a0Direction d\u00e9mission\u00a0\u00bb, nouvelle banderole des supporters de Monaco \u00e0 Orl\u00e9ans<\/p>\n<p>Le directeur g\u00e9n\u00e9ral Thiago Scuro est particuli\u00e8rement vis\u00e9.<\/p>\n<p>VJ<\/p>\n<p><img decoding=\"async\" class=\"lozad\" src=\"https:\/\/www.europesays.com\/fr\/wp-content\/uploads\/2026\/01\/La-banderole-des-fans-de-l-AS-Monaco-a-Orleans-2214257.jpg\"  alt=\"La banderole des fans de l'AS Monaco \u00e0 Orl\u00e9ans \" title=\"La banderole des fans de l'AS Monaco \u00e0 Orl\u00e9ans \"\/>La banderole des fans de l&rsquo;AS Monaco \u00e0 Orl\u00e9ans \u00a9 RMC SportAMIENS PREND L&rsquo;AVANTAGE CONTRE MONTREUIL<\/p>\n<p>Pluie de buts \u00e0 Bobigny o\u00f9 Amiens prend la main apr\u00e8s avoir \u00e9t\u00e9 men\u00e9 par le FC Montreuil d\u00e8s la 1ere minute de jeu. C&rsquo;est Ikia Dimi qui inscrit le 2e but d&rsquo;Amiens d&rsquo;une belle frappe du pied gauche.<\/p>\n<p><strong>Montreuil-Amiens : 1-2<\/strong><\/p>\n<p>\u00c7a chauffe en parcage mon\u00e9gasque apr\u00e8s une banderole visant les ultras d\u2019Orl\u00e9ans<\/p>\n<p>Les forces de l&rsquo;ordre interviennent, \u00e7a semble se calmer. C&rsquo;est l&rsquo;\u00e9quipe d&rsquo;Orl\u00e9ans qui a mieux entam\u00e9 la rencontre.<\/p>\n<p>Orl\u00e9ans-Monaco : 0-0<\/p>\n<p>Avec VJ<\/p>\n<p>BUT POUR AMIENS QUI EGALISE CONTRE MONTREUIL<\/p>\n<p>La formation de Ligue 2 n&rsquo;aura pas \u00e9t\u00e9 men\u00e9e longtemps. Rafii s&rsquo;arrache et \u00e9galise !<\/p>\n<p><strong>Montreuil-Amiens : 1-1<\/strong><\/p>\n<p>BUUUT DE MONTREUIL APRES 15 SECONDES DE JEU !!!!!!<\/p>\n<p>Le Petit Poucet ouvre le score !!!!! Le FC Montreuil fait d\u00e9j\u00e0 trembler les filets face \u00e0 Amiens et m\u00e8ne 1-0 ! C&rsquo;est Anthony Adel qui marque sur un coup de t\u00eate apr\u00e8s un bon centre venu de la droite de Dos Santos.<\/p>\n<p>Montreuil-Amiens : 1-0<\/p>\n<p>C&rsquo;est parti \u00e0 Orl\u00e9ans !<\/p>\n<p>L&rsquo;USO va tenter de cr\u00e9er un exploit en \u00e9liminant l&rsquo;AS Monaco. On rappelle qu&rsquo;il n&rsquo;y aura pas de VAR lors de ces 16e de finale. C&rsquo;est St\u00e9phanie Frappart qui est au sifflet.<\/p>\n<p>La banderole cinglante des supporters de l&rsquo;AS Monaco avant le match contre Orl\u00e9ans<\/p>\n<p>\u00ab\u00a0Bougez-vous ou cassez-vous\u00a0\u00bb, les supporters de l&rsquo;ASM ont brandi une banderole cinglante \u00e0 l&rsquo;\u00e9gard de leurs joueurs dans les tribunes du stade de la Source, \u00e0 Orl\u00e9ans. L&rsquo;USO est 3e de National, Monaco 9e de Ligue 1.<\/p>\n<p>Avec VJ<\/p>\n<p><img decoding=\"async\" class=\"lozad\" src=\"https:\/\/www.europesays.com\/fr\/wp-content\/uploads\/2026\/01\/La-banderole-cinglante-des-supporters-de-Monaco-avant-le-match-de-Coupe-face-a-Orleans-2214243.jpg\"  alt=\"La banderole cinglante des supporters de Monaco avant le match de Coupe face \u00e0 Orl\u00e9ans\" title=\"La banderole cinglante des supporters de Monaco avant le match de Coupe face \u00e0 Orl\u00e9ans\"\/>La banderole cinglante des supporters de Monaco avant le match de Coupe face \u00e0 Orl\u00e9ans \u00a9 RMC SportUS Orl\u00e9ans\u2013Monaco : une affiche tr\u00e8s sp\u00e9ciale \u00e0 une date symbolique pour l\u2019USO<\/p>\n<p>Ce samedi, l\u2019US Orl\u00e9ans, troisi\u00e8me de National, accueille l\u2019AS Monaco en 16es de finale de Coupe de France. Une affiche qui renvoie au plus grand match de l\u2019Histoire du club du Loiret, qui f\u00eatera ses 50 ans dans quelques semaines.<\/p>\n<p>&gt;&gt; <a href=\"https:\/\/rmcsport.bfmtv.com\/football\/video-can-2025-un-trajet-asnieres-agadir-a-velo-pour-venir-supporter-les-lions-de-l-atlas_VN-202601100287.html\" title=\"CAN 2025 : Un trajet Asni\u00e8res-Agadir \u00e0 v\u00e9lo pour venir supporter les Lions de l\u2019Atlas ?!\" class=\"internal_link\" target=\"_blank\" rel=\"noopener\">US Orl\u00e9ans\u2013Monaco\u00a0: une affiche tr\u00e8s sp\u00e9ciale \u00e0 une date symbolique pour l\u2019USO<\/a><\/p>\n<p><img decoding=\"async\" class=\"lozad\" src=\"https:\/\/www.europesays.com\/fr\/wp-content\/uploads\/2026\/01\/Le-logo-du-club-d-Orleans-avant-un-match-de-National-5-decembre-2025-2212249.jpg\"  alt=\"Le logo du club d'Orl\u00e9ans avant un match de National, 5 d\u00e9cembre 2025\" title=\"Le logo du club d'Orl\u00e9ans avant un match de National, 5 d\u00e9cembre 2025\"\/>Le logo du club d&rsquo;Orl\u00e9ans avant un match de National, 5 d\u00e9cembre 2025 \u00a9 Icon SportCoach des Hauts Lyonnais et adjoint de Madagascar, la double vie d&rsquo;Ahmed A\u00eft Ouarab<\/p>\n<p>D\u2019un c\u00f4t\u00e9, son quotidien: le club des Hauts Lyonnais qu\u2019il dirige, au c\u0153ur des Monts du Lyonnais entre Lyon et Saint-\u00c9tienne. De l\u2019autre, les \u00ab\u00a0extra\u00a0\u00bb\u00a0\u00e0 plus de 8000km de l\u00e0, quand il seconde Corentin Martins dans le staff de Madagascar. D\u2019Auvergne Rh\u00f4ne-Alpes \u00e0 l\u2019Oc\u00e9an Indien, la trajectoire n\u2019a rien d\u2019\u00e9vident, le trait d\u2019union entre les deux encore moins. C&rsquo;est pourtant celle d&rsquo;Ahmed A\u00eft Ouarab, \u00e0 la t\u00eate du club de N3 du Rh\u00f4ne, qui affronte Lorient ce samedi \u00e0 18h \u00e0 Andr\u00e9zieux.<\/p>\n<p>&gt;&gt; <a href=\"https:\/\/rmcsport.bfmtv.com\/football\/coupe-de-france\/coupe-de-france-coach-des-hauts-lyonnais-et-adjoint-de-madagascar-la-double-vie-d-ahmed-ait-ouarab_AV-202601100058.html\" title=\"Coupe de France: coach des Hauts Lyonnais et adjoint de Madagascar, la double vie d&#039;Ahmed A\u00eft Ouarab\" class=\"internal_link\" target=\"_blank\" rel=\"noopener\">Coupe de France: coach des Hauts Lyonnais et adjoint de Madagascar, la double vie d&rsquo;Ahmed A\u00eft Ouarab<\/a><\/p>\n<p>Bonjour \u00e0 tous<\/p>\n<p>Bienvenue sur le site et l&rsquo;appli RMC Sport pour suivre les 16es de finale de la Coupe de France, disput\u00e9s les 10 et 11 janvier. Tous les r\u00e9sultats sont \u00e0 retrouver dans ce live.<\/p>\n","protected":false},"excerpt":{"rendered":"ET DE TROIS POUR AMIENS L&rsquo;\u00e9quipe de Ligue 2 fait le break face au FC Montreuil \u00e0 Bobigny.&hellip;\n","protected":false},"author":2,"featured_media":654198,"comment_status":"","ping_status":"","sticky":false,"template":"","format":"standard","meta":{"footnotes":""},"categories":[2816],"tags":[1111,11,1777,674,1011,27,12,2680,25,2312],"class_list":{"0":"post-654197","1":"post","2":"type-post","3":"status-publish","4":"format-standard","5":"has-post-thumbnail","7":"category-toulouse","8":"tag-actu","9":"tag-actualites","10":"tag-eu","11":"tag-europe","12":"tag-fr","13":"tag-france","14":"tag-news","15":"tag-occitanie","16":"tag-republique-francaise","17":"tag-toulouse"},"share_on_mastodon":{"url":"https:\/\/pubeurope.com\/@fr\/115871428607924206","error":""},"_links":{"self":[{"href":"https:\/\/www.europesays.com\/fr\/wp-json\/wp\/v2\/posts\/654197","targetHints":{"allow":["GET"]}}],"collection":[{"href":"https:\/\/www.europesays.com\/fr\/wp-json\/wp\/v2\/posts"}],"about":[{"href":"https:\/\/www.europesays.com\/fr\/wp-json\/wp\/v2\/types\/post"}],"author":[{"embeddable":true,"href":"https:\/\/www.europesays.com\/fr\/wp-json\/wp\/v2\/users\/2"}],"replies":[{"embeddable":true,"href":"https:\/\/www.europesays.com\/fr\/wp-json\/wp\/v2\/comments?post=654197"}],"version-history":[{"count":0,"href":"https:\/\/www.europesays.com\/fr\/wp-json\/wp\/v2\/posts\/654197\/revisions"}],"wp:featuredmedia":[{"embeddable":true,"href":"https:\/\/www.europesays.com\/fr\/wp-json\/wp\/v2\/media\/654198"}],"wp:attachment":[{"href":"https:\/\/www.europesays.com\/fr\/wp-json\/wp\/v2\/media?parent=654197"}],"wp:term":[{"taxonomy":"category","embeddable":true,"href":"https:\/\/www.europesays.com\/fr\/wp-json\/wp\/v2\/categories?post=654197"},{"taxonomy":"post_tag","embeddable":true,"href":"https:\/\/www.europesays.com\/fr\/wp-json\/wp\/v2\/tags?post=654197"}],"curies":[{"name":"wp","href":"https:\/\/api.w.org\/{rel}","templated":true}]}}