{"id":654209,"date":"2026-01-10T15:12:18","date_gmt":"2026-01-10T15:12:18","guid":{"rendered":"https:\/\/www.europesays.com\/fr\/654209\/"},"modified":"2026-01-10T15:12:18","modified_gmt":"2026-01-10T15:12:18","slug":"lyon-aulas-sort-son-projet-de-vegetalisation-de-la-place-bellecour-voici-ce-quil-propose","status":"publish","type":"post","link":"https:\/\/www.europesays.com\/fr\/654209\/","title":{"rendered":"Lyon. Aulas sort son projet de v\u00e9g\u00e9talisation de la place Bellecour, voici ce qu&rsquo;il propose"},"content":{"rendered":"<p>                    Par<br \/>\n        <strong><br \/>\n            <a href=\"https:\/\/actu.fr\/auteur\/nicolas-zaugra\" title=\"Consulter tous les articles de Nicolas Zaugra\" target=\"_blank\" rel=\"noopener\">Nicolas Zaugra<\/a><br \/>\n                    <\/strong><\/p>\n<p>        Publi\u00e9 le<\/p>\n<p>            10 janv. 2026 \u00e0 14h33<br \/>\n        ; mis \u00e0 jour le 10 janv. 2026 \u00e0 14h37    <\/p>\n<p>Un projet important qui permet d\u2019appuyer sur un dossier sensible du mandat de son adversaire principal, le maire sortant <a href=\"https:\/\/actu.fr\/auvergne-rhone-alpes\/lyon_69123\/municipales-2026-a-lyon-gregory-doucet-promet-la-gratuite-des-fournitures-scolaires_63670187.html\" target=\"_blank\" rel=\"noopener\">Gr\u00e9gory Doucet<\/a>. Le candidat aux municipales 2026 <a href=\"https:\/\/actu.fr\/auvergne-rhone-alpes\/lyon_69123\/lyon-insecurite-sur-le-reseau-tcl-aulas-et-sarselli-degainent-une-police-de-200-agents_63667511.html\" target=\"_blank\" rel=\"noopener\">Jean-Michel Aulas<\/a> a d\u00e9gain\u00e9 vendredi 9 janvier sa vision pour la <strong>v\u00e9g\u00e9talisation de la place Bellecour<\/strong> dans le centre de <a href=\"https:\/\/actu.fr\/auvergne-rhone-alpes\/lyon_69123\" target=\"_blank\" rel=\"noopener\">Lyon<\/a>. Le maire avait promis une v\u00e9g\u00e9talisation de la place mais c\u2019est finalement <a href=\"https:\/\/actu.fr\/auvergne-rhone-alpes\/lyon_69123\/lyon-l-artiste-a-l-origine-de-l-oeuvre-place-bellecour-tres-emu-ca-cree-de-la-fraicheur_62901658.html\" target=\"_blank\" rel=\"noopener\">l\u2019oeuvre Tissage urbain<\/a> qui a accouch\u00e9 du budget participatif, provoquant de nombreux d\u00e9bats et de la d\u00e9ception.<br \/>Le candidat soutenu par LR et le bloc central a d\u00e9taill\u00e9 son projet au <a href=\"https:\/\/c.leprogres.fr\/politique\/2026\/01\/09\/vegetalisation-de-bellecour-le-projet-d-aulas-qui-coupe-l-herbe-sous-le-pied-de-doucet\" target=\"_blank\" rel=\"noopener\">Progr\u00e8s<\/a>. Ce que l\u2019on sait de ses intentions.<\/p>\n<p>Pas de budget annonc\u00e9 pour l\u2019instant<\/p>\n<p class=\" wall-content\">Pas de gigantesque <a href=\"https:\/\/actu.fr\/auvergne-rhone-alpes\/lyon_69123\/lyon-jean-michel-aulas-promet-une-grande-foret-urbaine-en-pleine-ville-voici-son-plan_63588062.html\" target=\"_blank\" rel=\"noopener\">for\u00eat urbaine, projet qu\u2019il r\u00e9serve aux quais du Rh\u00f4ne<\/a> et que Jean-Michel Aulas a d\u00e9j\u00e0 pr\u00e9cis\u00e9 il y a quelques semaines. Mais son projet pour la place Bellecour pr\u00e9voit une r\u00e9novation des sols de la place historique ainsi que la plantation de jardins au-dessus du parking souterrain. Le candidat assure \u00e0 nos confr\u00e8res qu\u2019il compte \u00ab\u00a0apporter aux Lyonnais ce qu\u2019ils voulaient\u00a0\u00bb.<\/p>\n<p class=\" wall-content\">Dans une interview accord\u00e9e en novembre \u00e0 actu Lyon, Aulas assurait : \u00ab\u00a0Il y a la possibilit\u00e9 de v\u00e9g\u00e9taliser Bellecour\u00a0\u00bb.<\/p>\n<p class=\" wall-content\">Le projet Aulas permet de \u00ab\u00a0d\u00e9simperm\u00e9abiliser massivement la place, am\u00e9liorer durablement le confort climatique et recomposer ses usages, tout en respectant son histoire, son statut patrimonial et ses grands \u00e9v\u00e9nements populaires\u00a0\u00bb, indique son \u00e9quipe de campagne \u00e0 actu Lyon.\u00a0<\/p>\n<p class=\" wall-content\">Le co\u00fbt n\u2019est pas chiffr\u00e9 \u00e0 ce stade contrairement \u00e0 d\u2019autres mesures du candidat \u00e0 la mairie qui les a multipli\u00e9 ces derniers jours, entre un <a href=\"https:\/\/actu.fr\/auvergne-rhone-alpes\/lyon_69123\/lyon-municipales-cout-utilite-peage-le-projet-de-mega-tunnel-d-aulas-pose-question_63658235.html\" target=\"_blank\" rel=\"noopener\">tunnel de 8 km sous Lyon<\/a>, des propositions sur l\u2019<a href=\"https:\/\/actu.fr\/auvergne-rhone-alpes\/lyon_69123\/municipales-jean-michel-aulas-promet-la-fin-de-l-immigration-illegale-toleree-a-lyon_63664353.html\" target=\"_blank\" rel=\"noopener\">immigration et les squats<\/a> ou la <a href=\"https:\/\/actu.fr\/auvergne-rhone-alpes\/lyon_69123\/municipales-a-lyon-la-cantine-et-le-periscolaire-gratuits-pour-tous-la-mesure-choc-d-aulas_63663259.html\" target=\"_blank\" rel=\"noopener\">cantine et le p\u00e9riscolaire gratuits<\/a> pour tous. \u00ab\u00a0Un appel d\u2019offres permettra de conna\u00eetre plus pr\u00e9cis\u00e9ment les enveloppes\u00a0\u00bb, affirme-t-il.<\/p>\n<p>De \u00ab\u00a0v\u00e9ritables jardins\u00a0\u00bb au-dessus du parking<\/p>\n<p class=\" wall-content\">L\u2019\u00e9quipe de l\u2019ex-patron de l\u2019OL propose la cr\u00e9ation de \u00ab\u00a0v\u00e9ritables jardins\u00a0\u00bb au-dessus du parking. \u00ab\u00a0Sur environ 5 500 m\u00b2, des massifs organis\u00e9s en carr\u00e9s et rectangles, bord\u00e9s de murets en pierre servant \u00e9galement d\u2019assises, accueillent une mosa\u00efque v\u00e9g\u00e9tale compos\u00e9e de plantes basses et peu exigeantes en eau\u00a0\u00bb, pr\u00e9cise le projet transmis.<\/p>\n<p>Votre r\u00e9gion, votre actu !<\/p>\n<p>Recevez chaque jour les infos qui comptent pour vous.<\/p>\n<p>\t<a href=\"https:\/\/actu.fr\/newsletter\" class=\"ac-btn ac-btn--corner ac-btn--medium ac-btn--blue800\" target=\"_blank\" rel=\"noopener\">S&rsquo;incrire<\/a><\/p>\n<p class=\" wall-content\">L\u2019espace devient de \u00ab\u00a0v\u00e9ritables jardins \u00e0 la fran\u00e7aise\u00a0\u00bb. La future municipalit\u00e9, si elle change, envisage de \u00ab\u00a0renouveler chaque ann\u00e9e les plantations dans le cadre d\u2019un festival ou d\u2019un concours\u00a0\u00bb.<\/p>\n<p>    <img   decoding=\"async\" loading=\"lazy\" src=\"https:\/\/www.europesays.com\/fr\/wp-content\/uploads\/2026\/01\/jardins-bellecour-aulas-municipales-lyon-960x640.jpeg\" alt=\"Les jardins propos\u00e9s par jean-Michel Aulas au-dessus du parking de la place Bellecour.\" width=\"960\" height=\"640\"\/><br \/>\n    Les jardins propos\u00e9s par jean-Michel Aulas au-dessus du parking de la place Bellecour. (\u00a9Patrick Renault-Cabinet Equinoxe Paysages\/ Campagne Jean-Michel Aulas)Bandes plant\u00e9es, v\u00e9g\u00e9talisation suppl\u00e9mentaire et r\u00e9novation de la place<\/p>\n<p class=\" wall-content\">Jean-Michel Aulas compte \u00ab\u00a0conserver\u00a0\u00bb les jardins au sud et \u00ab\u00a0renforcer la pr\u00e9sence v\u00e9g\u00e9tale de la strate basse entre l\u2019Office de tourisme et le rectangle central\u00a0\u00bb, \u00ab\u00a0sans transformer radicalement cet espace\u00a0\u00bb.<\/p>\n<p class=\" wall-content\">\u00ab\u00a0Des bandes plant\u00e9es d\u2019arbustes sont cr\u00e9\u00e9es sur les c\u00f4t\u00e9s nord, est et ouest, dans l\u2019esprit de ce qui existe d\u00e9j\u00e0 au sud\u00a0\u00bb. \u00ab\u00a0Ces bandes repr\u00e9sentent environ 4 000 m\u00b2 de surface aujourd\u2019hui totalement imperm\u00e9able, rendue \u00e0 la pleine terre\u00a0\u00bb, poursuit l\u2019\u00e9quipe d\u2019Aulas.<\/p>\n<p>    <img   decoding=\"async\" loading=\"lazy\" src=\"https:\/\/www.europesays.com\/fr\/wp-content\/uploads\/2026\/01\/vue-bellecour-aulas-lyon-960x640.jpeg\" alt=\"La vue a\u00e9rienne de la place Bellecour r\u00e9am\u00e9nag\u00e9e version Aulas s'il devient maire de Lyon.\" width=\"960\" height=\"640\"\/><br \/>\n    La vue a\u00e9rienne de la place Bellecour r\u00e9am\u00e9nag\u00e9e version Aulas s\u2019il devient maire de Lyon. (\u00a9Patrick Renault-Cabinet Equinoxe Paysages\/ Campagne Jean-Michel Aulas)<\/p>\n<p class=\" wall-content\">\u00ab\u00a0Deux ou trois mails plant\u00e9s d\u2019arbres sont ajout\u00e9s (\u00e0 l\u2019est), en pleine terre sur\u00e9lev\u00e9e afin de prot\u00e9ger les racines lors des grandes manifestations. Ces am\u00e9nagements offrent des assises nombreuses et ombrag\u00e9es\u00a0\u00bb, peut-on lire dans le dossier de projet. \u00ab\u00a0L\u2019axe diagonal Victor-Hugo \/ R\u00e9publique (au-dessus du m\u00e9tro, NDLR) est maintenu et valoris\u00e9 par un sol de grande qualit\u00e9\u00a0\u00bb.<\/p>\n<p class=\" wall-content\">Le candidat veut aussi r\u00e9nover le parvis de la statue pour le \u00ab\u00a0mettre en valeur par un traitement de sol qualitatif\u00a0\u00bb qui se \u00ab\u00a0prolonge vers le nord et vers le sud par un tapis de pierre affirmant l\u2019axe Victor-Hugo \/ \u00c9mile-Zola\u00a0\u00bb.<\/p>\n<p>D\u00e9m\u00e9nager Tissage urbain et accueillir le march\u00e9 de No\u00ebl<\/p>\n<p class=\" wall-content\">A propos de l\u2019oeuvre Tissage urbain install\u00e9e cet \u00e9t\u00e9 et qui doit rester cinq ans, et qui ne pla\u00eet guerre au candidat, pas question de la voir dispara\u00eetre de Lyon. Elle \u00ab\u00a0sera d\u00e9plac\u00e9e vers un autre site pertinent. Ce d\u00e9placement se fera dans le strict respect du droit de propri\u00e9t\u00e9 artistique, des contraintes juridiques applicables et en lien \u00e9troit avec l\u2019artiste\u00a0\u00bb, affirme son \u00e9quipe.\u00a0<\/p>\n<p>    <img   decoding=\"async\" loading=\"lazy\" src=\"https:\/\/www.europesays.com\/fr\/wp-content\/uploads\/2026\/01\/tissage-urbain-place-bellecour-lyon-2-960x640.jpg\" alt=\"Tous les \u00e9l\u00e9ments de Tissage urbain ont \u00e9t\u00e9 mis en place \u00e0 Bellecour.\" width=\"960\" height=\"640\"\/><br \/>\n    L\u2019oeuvre Tissage urbain sur la place Bellecour. (\u00a9Anthony Soudani \/ actu Lyon)<\/p>\n<p class=\" wall-content\">Le candidat \u00e0 la mairie se prononce aussi pour un d\u00e9m\u00e9nagement du march\u00e9 de No\u00ebl de la place Carnot vers Bellecour comme <a href=\"https:\/\/actu.fr\/auvergne-rhone-alpes\/lyon_69123\/municipales-2026-a-lyon-gregory-doucet-pour-demenager-le-marche-de-noel-a-bellecour_63617908.html\" target=\"_blank\" rel=\"noopener\">Gr\u00e9gory Doucet<\/a> qui a d\u00e9gain\u00e9 le premier en d\u00e9cembre dernier.\u00a0<\/p>\n<p class=\" wall-content\">Quel calendrier pour un tel projet, qui peut \u00ab\u00a0\u00e9voluer\u00a0\u00bb en fonction des co\u00fbts, des concertations\u2026 ? <a href=\"https:\/\/actu.fr\/auvergne-rhone-alpes\/lyon_69123\/municipales-2026-a-lyon-jean-michel-aulas-n-est-pas-refractaire-aux-pistes-cyclables_63390017.html\" target=\"_blank\" rel=\"noopener\">Alain Giordano<\/a>, l\u2019ancien adjoint aux espaces verts de G\u00e9rard Collomb d\u00e9sormais soutien d\u2019Aulas qui a travaill\u00e9 sur ce nouveau projet nous assurait en novembre qu\u2019une telle ambition \u00e9tait envisageable avant 2030. Mais officiellement, \u00e0 ce stade de la campagne, le candidat et son \u00e9quipe ne s\u2019engagent pas aussi pr\u00e9cis\u00e9ment.\u00a0<\/p>\n<p class=\" wall-content\">Personnalisez votre actualit\u00e9 en ajoutant vos villes et m\u00e9dias en favori avec <a href=\"https:\/\/moncompte.actu.fr\" title=\"D\u00e9couvez Mon Actu\" rel=\"nofollow noopener\" data-trk=\"{&quot;cta&quot;:{&quot;action&quot;:&quot;https:\\\/\\\/moncompte.actu.fr&quot;,&quot;category&quot;:&quot;mon compte&quot;,&quot;from&quot;:&quot;article footer&quot;,&quot;name&quot;:&quot;Mon actu&quot;,&quot;type&quot;:&quot;cta&quot;}}\" target=\"_blank\">Mon Actu<\/a>.<\/p>\n","protected":false},"excerpt":{"rendered":"Par Nicolas Zaugra Publi\u00e9 le 10 janv. 2026 \u00e0 14h33 ; mis \u00e0 jour le 10 janv. 2026&hellip;\n","protected":false},"author":2,"featured_media":654210,"comment_status":"","ping_status":"","sticky":false,"template":"","format":"standard","meta":{"footnotes":""},"categories":[1889],"tags":[1111,11,2430,4188,1777,674,1011,27,5226,5227,2428,3434,12,316,25],"class_list":{"0":"post-654209","1":"post","2":"type-post","3":"status-publish","4":"format-standard","5":"has-post-thumbnail","7":"category-lyon","8":"tag-actu","9":"tag-actualites","10":"tag-auvergne-rhone-alpes","11":"tag-elections-municipales","12":"tag-eu","13":"tag-europe","14":"tag-fr","15":"tag-france","16":"tag-gregory-doucet","17":"tag-jean-michel-aulas","18":"tag-lyon","19":"tag-municipales-2026","20":"tag-news","21":"tag-politique","22":"tag-republique-francaise"},"share_on_mastodon":{"url":"https:\/\/pubeurope.com\/@fr\/115871451997425590","error":""},"_links":{"self":[{"href":"https:\/\/www.europesays.com\/fr\/wp-json\/wp\/v2\/posts\/654209","targetHints":{"allow":["GET"]}}],"collection":[{"href":"https:\/\/www.europesays.com\/fr\/wp-json\/wp\/v2\/posts"}],"about":[{"href":"https:\/\/www.europesays.com\/fr\/wp-json\/wp\/v2\/types\/post"}],"author":[{"embeddable":true,"href":"https:\/\/www.europesays.com\/fr\/wp-json\/wp\/v2\/users\/2"}],"replies":[{"embeddable":true,"href":"https:\/\/www.europesays.com\/fr\/wp-json\/wp\/v2\/comments?post=654209"}],"version-history":[{"count":0,"href":"https:\/\/www.europesays.com\/fr\/wp-json\/wp\/v2\/posts\/654209\/revisions"}],"wp:featuredmedia":[{"embeddable":true,"href":"https:\/\/www.europesays.com\/fr\/wp-json\/wp\/v2\/media\/654210"}],"wp:attachment":[{"href":"https:\/\/www.europesays.com\/fr\/wp-json\/wp\/v2\/media?parent=654209"}],"wp:term":[{"taxonomy":"category","embeddable":true,"href":"https:\/\/www.europesays.com\/fr\/wp-json\/wp\/v2\/categories?post=654209"},{"taxonomy":"post_tag","embeddable":true,"href":"https:\/\/www.europesays.com\/fr\/wp-json\/wp\/v2\/tags?post=654209"}],"curies":[{"name":"wp","href":"https:\/\/api.w.org\/{rel}","templated":true}]}}