{"id":654227,"date":"2026-01-10T15:22:13","date_gmt":"2026-01-10T15:22:13","guid":{"rendered":"https:\/\/www.europesays.com\/fr\/654227\/"},"modified":"2026-01-10T15:22:13","modified_gmt":"2026-01-10T15:22:13","slug":"lente-amelioration-en-allemagne-et-france-un-mort-au-royaume-uni","status":"publish","type":"post","link":"https:\/\/www.europesays.com\/fr\/654227\/","title":{"rendered":"Lente am\u00e9lioration en Allemagne et France, un mort au Royaume-Uni"},"content":{"rendered":"<p class=\"lede\">Temp\u00eate Goretti au Royaume-Uni et en France, temp\u00eate de neige Elli en Allemagne : une partie de l&rsquo;Europe o\u00f9 s\u00e9vit une vague de froid affronte de nouvelles intemp\u00e9ries, qui s&rsquo;accompagnent de coupures d&rsquo;\u00e9lectricit\u00e9 et transports perturb\u00e9s.<\/p>\n<p>En France, apr\u00e8s des vents violents d\u00e9passant parfois 200 km\/h sur le littoral de Normandie, dans le nord-ouest, M\u00e9t\u00e9o-France a confirm\u00e9 le retour au calme, en r\u00e9trogradant en vigilance jaune la quasi-totalit\u00e9 du pays.<\/p>\n<p>Quelque 176&rsquo;000 foyers restaient priv\u00e9s d&rsquo;\u00e9lectricit\u00e9 \u00e0 18h00. L&rsquo;\u00e9nerg\u00e9ticien EDF a annonc\u00e9 l&rsquo;arr\u00eat de deux r\u00e9acteurs nucl\u00e9aires de sa centrale de Flamanville (nord-ouest) apr\u00e8s leur d\u00e9connexion du r\u00e9seau \u00e9lectrique en raison de la temp\u00eate.<\/p>\n<p>La majorit\u00e9 des interventions des secours ont port\u00e9 sur des chutes d&rsquo;arbres et de lignes \u00e9lectriques et des toitures arrach\u00e9es. Deux bless\u00e9s graves ont \u00e9t\u00e9 signal\u00e9s dans le nord.<\/p>\n<p>Le port de Dieppe en Normandie (nord-ouest) a \u00e9t\u00e9 ferm\u00e9 en raison de la mont\u00e9e des eaux sous l&rsquo;effet de la temp\u00eate, qui a \u00e9galement provoqu\u00e9 des \u00ab\u00a0inondations importantes\u00a0\u00bb sur le littoral, \u00e0 Etretat et F\u00e9camp, selon les autorit\u00e9s.<\/p>\n<p>Dans cette r\u00e9gion la plus touch\u00e9e, la circulation a commenc\u00e9 \u00e0 reprendre sur une grande partie des lignes ferroviaires dans l&rsquo;apr\u00e8s-midi.<\/p>\n<p>Vents de 160 km\/h au Royaume-Uni<\/p>\n<p>La temp\u00eate Goretti, accompagn\u00e9e de fortes chutes de neige, a aussi balay\u00e9 le Royaume-Uni. Des rafales fr\u00f4lant les 160 km\/h ont frapp\u00e9 le sud-ouest de l&rsquo;Angleterre et le pays de Galles dans la nuit, abattant des arbres et perturbant les d\u00e9placements.<\/p>\n<p>Quelque 50&rsquo;000 foyers \u00e9taient toujours priv\u00e9s d&rsquo;\u00e9lectricit\u00e9 dans l&rsquo;apr\u00e8s-midi, selon le fournisseur d&rsquo;\u00e9nergie National Grid, dont plus de 40&rsquo;000 dans le sud-ouest de l&rsquo;Angleterre.<\/p>\n<p>Apr\u00e8s une alerte rouge aux vents violents jeudi pour les \u00eeles Scilly et une grande partie des Cornouailles (sud-ouest), la majeure partie du pays \u00e9tait pass\u00e9e en alerte jaune vendredi, avec de fortes chutes de neige, du verglas et de la pluie attendus en Ecosse, au Pays de Galles, en Irlande du Nord et dans le nord de l&rsquo;Angleterre.<\/p>\n<p>Cependant, selon le Met Office, l&rsquo;impact de ces conditions m\u00e9t\u00e9orologiques ne devrait pas \u00eatre particuli\u00e8rement grave.<\/p>\n<p>Plus de 250 \u00e9coles restent ferm\u00e9es en Ecosse.<\/p>\n<p>La circulation des trains, totalement suspendue dans le nord-ouest et le sud-ouest de l&rsquo;Angleterre, commen\u00e7ait \u00e0 reprendre dans l&rsquo;apr\u00e8s-midi. Londres a \u00e9chapp\u00e9 au pire de la temp\u00eate: une cinquantaine de vols ont toutefois \u00e9t\u00e9 annul\u00e9s \u00e0 Heathrow, son principal a\u00e9roport.<\/p>\n<p>Jusqu&rsquo;\u00e0 -20\u00b0C en Allemagne<\/p>\n<p>A la mi-journ\u00e9e, l&rsquo;Allemagne \u00e9tait fortement perturb\u00e9e par les conditions m\u00e9t\u00e9orologiques, notamment dans le nord, autour de Br\u00eame et de Hambourg, o\u00f9 les \u00e9coles ont ferm\u00e9.<\/p>\n<p>\u00ab\u00a0Aucun train longue distance ne circule dans cette r\u00e9gion jusqu&rsquo;\u00e0 nouvel ordre\u00a0\u00bb, a d\u00e9clar\u00e9 la compagnie ferroviaire Deutsche Bahn dans un communiqu\u00e9.<\/p>\n<p>Le trafic longue distance dans le nord de l&rsquo;Allemagne ne reprendra \u00ab\u00a0progressivement\u00a0\u00bb que samedi, a annonc\u00e9 le groupe public. Samedi, \u00ab\u00a0il faudra encore s&rsquo;attendre \u00e0 des restrictions et \u00e0 des annulations de trains dans tout le pays\u00a0\u00bb, a ajout\u00e9 la Deutsche Bahn.<\/p>\n<p>L&rsquo;a\u00e9roport d&rsquo;Hambourg a annonc\u00e9 des annulations et retards de vols tout au long de la journ\u00e9e. A Br\u00eame, l&rsquo;ensemble des lignes de bus et certaines lignes de tramway sont suspendues jusqu&rsquo;\u00e0 nouvel ordre.<\/p>\n<p>Les m\u00e9dias allemands font \u00e9tat de nombreux accidents de la circulation dans tout le pays. Un accident en Bavi\u00e8re a fait deux morts et un bless\u00e9 l\u00e9ger vendredi, selon la police de Dingolfing.<\/p>\n<p>Dans un autre accident dans le nord de la Bavi\u00e8re, un homme de 52 ans a perdu la vie lorsque sa voiture a percut\u00e9 un arbre. Plusieurs axes routiers sont paralys\u00e9s, notamment dans la r\u00e9gion de Francfort-sur-le-Main (centre).<\/p>\n<p>Dans le sud-ouest et sur les c\u00f4tes de la mer du Nord, le service m\u00e9t\u00e9orologique national (DWD) pr\u00e9voyait vendredi apr\u00e8s-midi de fortes rafales de vent, pouvant atteindre la force d&rsquo;un \u00ab\u00a0ouragan\u00a0\u00bb en altitude.<\/p>\n<p>Apr\u00e8s 5 \u00e0 10 cm d&rsquo;ici la fin de journ\u00e9e, et localement jusqu&rsquo;\u00e0 15 cm, le DWD pr\u00e9voit une att\u00e9nuation des chutes de neige dans la nuit de samedi \u00e0 dimanche. Les minimales devraient chuter ce week-end \u00e0 -10\u00b0C, voire jusqu&rsquo;\u00e0 -20\u00b0C localement, selon le DWD.<\/p>\n<p>Le premier constructeur automobile du continent, Volkswagen, a ferm\u00e9 son site d&rsquo;Emden (nord-ouest), o\u00f9 travaillent 8000 ouvriers.<\/p>\n<p>Froid polaire en Hongrie<\/p>\n<p>L&rsquo;Ukraine devait faire face vendredi au cumul de la vague de froid et des cons\u00e9quences de frappes russes qui ont notamment priv\u00e9 de chauffage la moiti\u00e9 des immeubles r\u00e9sidentiels de Kiev, la capitale, par des temp\u00e9ratures oscillant entre -7 et -12\u00b0C.<\/p>\n<p>En Russie, de fortes chutes de neige s&rsquo;abattaient vendredi matin sur Moscou. Plus de 300 vols ont \u00e9t\u00e9 retard\u00e9s ou annul\u00e9s dans quatre a\u00e9roports de la r\u00e9gion de Moscou en raison de la neige abondante, a indiqu\u00e9 l&rsquo;agence RIA Novosti.<\/p>\n<p>Dans les Balkans, qui ont connu de fortes chutes de neige et des pluies torrentielles en d\u00e9but de semaine, faisant au moins deux morts, les eaux de crue commen\u00e7aient \u00e0 se retirer vendredi.<\/p>\n<p>Mais des alertes pour verglas et chutes de neige restent en vigueur dans la majeure partie de la r\u00e9gion, y compris en Serbie, o\u00f9 certaines parties de l&rsquo;ouest sont priv\u00e9es d&rsquo;\u00e9lectricit\u00e9 depuis plusieurs jours apr\u00e8s une temp\u00eate de neige.<\/p>\n<p>En Hongrie, d&rsquo;importantes perturbations ferroviaires se poursuivaient pour le cinqui\u00e8me jour cons\u00e9cutif. Une station m\u00e9t\u00e9o du nord a enregistr\u00e9 une temp\u00e9rature de -32,7\u00b0C dans un gouffre montagneux dans la nuit.<\/p>\n<p>Et en R\u00e9publique tch\u00e8que, le gestionnaire du r\u00e9seau \u00e9lectrique CEPS a indiqu\u00e9 avoir enregistr\u00e9 jeudi sa plus forte consommation en cinq ans \u00e0 cause du froid.<\/p>\n<p>Cet article a \u00e9t\u00e9 publi\u00e9 automatiquement. Sources : ats \/ afp<\/p>\n","protected":false},"excerpt":{"rendered":"Temp\u00eate Goretti au Royaume-Uni et en France, temp\u00eate de neige Elli en Allemagne : une partie de l&rsquo;Europe&hellip;\n","protected":false},"author":2,"featured_media":654228,"comment_status":"","ping_status":"","sticky":false,"template":"","format":"standard","meta":{"footnotes":""},"categories":[1588],"tags":[11,1777,674,12,473,1853,1851,1850,1852],"class_list":{"0":"post-654227","1":"post","2":"type-post","3":"status-publish","4":"format-standard","5":"has-post-thumbnail","7":"category-royaume-uni","8":"tag-actualites","9":"tag-eu","10":"tag-europe","11":"tag-news","12":"tag-royaume-uni","13":"tag-royaume-uni-de-grande-bretagne-et-dirlande-du-nord","14":"tag-uk","15":"tag-united-kingdom","16":"tag-united-kingdom-of-great-britain-and-northern-ireland"},"share_on_mastodon":{"url":"https:\/\/pubeurope.com\/@fr\/115871491423537429","error":""},"_links":{"self":[{"href":"https:\/\/www.europesays.com\/fr\/wp-json\/wp\/v2\/posts\/654227","targetHints":{"allow":["GET"]}}],"collection":[{"href":"https:\/\/www.europesays.com\/fr\/wp-json\/wp\/v2\/posts"}],"about":[{"href":"https:\/\/www.europesays.com\/fr\/wp-json\/wp\/v2\/types\/post"}],"author":[{"embeddable":true,"href":"https:\/\/www.europesays.com\/fr\/wp-json\/wp\/v2\/users\/2"}],"replies":[{"embeddable":true,"href":"https:\/\/www.europesays.com\/fr\/wp-json\/wp\/v2\/comments?post=654227"}],"version-history":[{"count":0,"href":"https:\/\/www.europesays.com\/fr\/wp-json\/wp\/v2\/posts\/654227\/revisions"}],"wp:featuredmedia":[{"embeddable":true,"href":"https:\/\/www.europesays.com\/fr\/wp-json\/wp\/v2\/media\/654228"}],"wp:attachment":[{"href":"https:\/\/www.europesays.com\/fr\/wp-json\/wp\/v2\/media?parent=654227"}],"wp:term":[{"taxonomy":"category","embeddable":true,"href":"https:\/\/www.europesays.com\/fr\/wp-json\/wp\/v2\/categories?post=654227"},{"taxonomy":"post_tag","embeddable":true,"href":"https:\/\/www.europesays.com\/fr\/wp-json\/wp\/v2\/tags?post=654227"}],"curies":[{"name":"wp","href":"https:\/\/api.w.org\/{rel}","templated":true}]}}