{"id":65423,"date":"2025-04-30T22:19:13","date_gmt":"2025-04-30T22:19:13","guid":{"rendered":"https:\/\/www.europesays.com\/fr\/65423\/"},"modified":"2025-04-30T22:19:13","modified_gmt":"2025-04-30T22:19:13","slug":"ce-qui-est-ouvert-et-ce-qui-est-ferme-a-lyon-le-1er-mai-2025","status":"publish","type":"post","link":"https:\/\/www.europesays.com\/fr\/65423\/","title":{"rendered":"Ce qui est ouvert et ce qui est ferm\u00e9 \u00e0 Lyon le 1er mai 2025"},"content":{"rendered":"<p><img loading=\"lazy\" decoding=\"async\" alt=\"\u00a9 Flora Chaduc - Le r\u00e9seau TCL est \u00e0 l'arr\u00eat complet, comme chaque ann\u00e9e pour le 1er mai.\" data-zoom-src=\"https:\/\/www.europesays.com\/fr\/wp-content\/uploads\/2025\/04\/initial-1er-mai-2025-lyon-ce-qui-est-ouvert-ce-qui-est-ferme-credit-flora-chaduc.jpg\" data-zoomable=\"\" height=\"702\" src=\"https:\/\/www.europesays.com\/fr\/wp-content\/uploads\/2025\/04\/initial-1er-mai-2025-lyon-ce-qui-est-ouvert-ce-qui-est-ferme-credit-flora-chaduc.jpg\" width=\"1248\"\/>  <\/p>\n<p class=\"article-desc\">\u00a9 Flora Chaduc &#8211; Le r\u00e9seau TCL est \u00e0 l&rsquo;arr\u00eat complet, comme chaque ann\u00e9e pour le 1er mai. <\/p>\n<p>\u00c0 Lyon, \u00e0 l\u2019approche du <strong>1er mai<\/strong>, de nombreuses professions ont r\u00e9clam\u00e9 de pouvoir travailler sans \u00eatre verbalis\u00e9es. En effet, depuis 1946, ce<strong> jour f\u00e9ri\u00e9 <\/strong>est obligatoirement ch\u00f4m\u00e9 et interdit au travail salari\u00e9 sauf exceptions. <\/p>\n<p>C\u2019est le cas pour les<strong> fleuristes<\/strong>, contraints \u00e0 la fermeture si seulement les employ\u00e9s travaillent. Le kiosque lyonnais \u00ab\u00a0J\u00e9r\u00f4me B. Fleuriste\u00a0\u00bb sur la place de la R\u00e9publique lui sera ouvert le 1er\u00a0mai. \u00ab\u00a0C\u2019est seulement le patron qui g\u00e9rera le kiosque, confie une employ\u00e9e. \u00ab\u00a0Nous, on a envie de bosser, mais on se plie \u00e0 la r\u00e8gle. On a pas mal de travail aussi avec le 1er\u00a0mai.\u00a0\u00bb <\/p>\n<p>Ouverture du 1er mai 2025 \u00e0 Lyon : du point de vue de la loi <\/p>\n<p>Les <strong>boulangers <\/strong>sont \u00e9galement dans ce dilemme corn\u00e9lien : ouvrir ou ne pas ouvrir\u2026 telle est la question. Mais pour \u00ab\u00a0Le pain des Jacobins\u00a0\u00bb, le rideau ne se l\u00e8vera pas. \u00ab\u00a0Nous, on ferme et on a toujours ferm\u00e9 le 1er\u00a0mai. Cela fait partie des seuls jours exceptionnels o\u00f9 l\u2019on ferme dans l\u2019ann\u00e9e, avec le 25 d\u00e9cembre et le 1er\u00a0janvier\u00a0\u00bb, explique Rome, la g\u00e9rante. \u00ab\u00a0Pour nous, ce ne sera pas rentable. On risque d\u2019avoir plus de pertes que de ventes.\u00a0\u00bb<\/p>\n<p>En France, le 1er mai est un jour f\u00e9ri\u00e9 et <strong>obligatoirement ch\u00f4m\u00e9<\/strong>, comme le stipule <a href=\"https:\/\/www.legifrance.gouv.fr\/codes\/section_lc\/LEGITEXT000006072050\/LEGISCTA000006178007\" rel=\"noopener nofollow\" target=\"_blank\">l\u2019article 3133-4 du Code du travail<\/a>.\u00a0Cela signifie que l\u2019employeur ne peut pas d\u00e9duire de salaire au motif que le salari\u00e9 ne travaille pas ce jour-l\u00e0. Les salari\u00e9s pay\u00e9s \u00e0 l\u2019heure, \u00e0 la journ\u00e9e ou au rendement doivent percevoir une indemnit\u00e9 \u00e9quivalente \u00e0 une journ\u00e9e normale de travail.\u00a0<\/p>\n<p>En cas de non-respect, l\u2019employeur <strong>risque une amende de 750 euros par salari\u00e9<\/strong>, port\u00e9e \u00e0 1 500 euros si le salari\u00e9 est mineur.\u00a0 <\/p>\n<p>Toutefois, des <strong>exceptions <\/strong>existent pour certains <strong>secteurs essentiels tels que les h\u00f4pitaux ou les \u00e9tablissements m\u00e9dico-sociaux<\/strong>, o\u00f9 l\u2019activit\u00e9 ne peut \u00eatre interrompue : dans ces cas, les heures effectu\u00e9es le 1er mai sont r\u00e9mun\u00e9r\u00e9es au double. <\/p>\n<p>Des transports en commun \u00e0 l\u2019arr\u00eat \u00e0 Lyon et des stations-services en marche <\/p>\n<p>Pour ce qui est des <strong>stations-services<\/strong>, elles seront ouvertes si elles disposent de paiement direct \u00e0 la pompe, des stations 24\/24, qui n\u2019ont pas besoin d\u2019employ\u00e9s pour fonctionner.\u00a0 <\/p>\n<p>En revanche, pour ce qui est du <strong>r\u00e9seau de transports en commun lyonnais<\/strong>, il sera bien <strong>\u00e0 l\u2019arr\u00eat<\/strong>. Aucun <strong>bus ni aucun m\u00e9tro et funiculaire<\/strong> ne circulera le 1er mai, comme chaque ann\u00e9e. C\u2019est le seul jour d\u2019arr\u00eat complet du r\u00e9seau TCL \u00e0 Lyon.<\/p>\n","protected":false},"excerpt":{"rendered":"\u00a9 Flora Chaduc &#8211; Le r\u00e9seau TCL est \u00e0 l&rsquo;arr\u00eat complet, comme chaque ann\u00e9e pour le 1er mai.&hellip;\n","protected":false},"author":2,"featured_media":65424,"comment_status":"","ping_status":"","sticky":false,"template":"","format":"standard","meta":{"footnotes":""},"categories":[1889],"tags":[10916,1111,11,2430,7227,1777,674,1011,27,2428,12,25,3291],"class_list":{"0":"post-65423","1":"post","2":"type-post","3":"status-publish","4":"format-standard","5":"has-post-thumbnail","7":"category-lyon","8":"tag-1er-mai","9":"tag-actu","10":"tag-actualites","11":"tag-auvergne-rhone-alpes","12":"tag-commerces","13":"tag-eu","14":"tag-europe","15":"tag-fr","16":"tag-france","17":"tag-lyon","18":"tag-news","19":"tag-republique-francaise","20":"tag-ville-de-lyon"},"share_on_mastodon":{"url":"https:\/\/pubeurope.com\/@fr\/114429241929243489","error":""},"_links":{"self":[{"href":"https:\/\/www.europesays.com\/fr\/wp-json\/wp\/v2\/posts\/65423","targetHints":{"allow":["GET"]}}],"collection":[{"href":"https:\/\/www.europesays.com\/fr\/wp-json\/wp\/v2\/posts"}],"about":[{"href":"https:\/\/www.europesays.com\/fr\/wp-json\/wp\/v2\/types\/post"}],"author":[{"embeddable":true,"href":"https:\/\/www.europesays.com\/fr\/wp-json\/wp\/v2\/users\/2"}],"replies":[{"embeddable":true,"href":"https:\/\/www.europesays.com\/fr\/wp-json\/wp\/v2\/comments?post=65423"}],"version-history":[{"count":0,"href":"https:\/\/www.europesays.com\/fr\/wp-json\/wp\/v2\/posts\/65423\/revisions"}],"wp:featuredmedia":[{"embeddable":true,"href":"https:\/\/www.europesays.com\/fr\/wp-json\/wp\/v2\/media\/65424"}],"wp:attachment":[{"href":"https:\/\/www.europesays.com\/fr\/wp-json\/wp\/v2\/media?parent=65423"}],"wp:term":[{"taxonomy":"category","embeddable":true,"href":"https:\/\/www.europesays.com\/fr\/wp-json\/wp\/v2\/categories?post=65423"},{"taxonomy":"post_tag","embeddable":true,"href":"https:\/\/www.europesays.com\/fr\/wp-json\/wp\/v2\/tags?post=65423"}],"curies":[{"name":"wp","href":"https:\/\/api.w.org\/{rel}","templated":true}]}}