{"id":654237,"date":"2026-01-10T15:27:11","date_gmt":"2026-01-10T15:27:11","guid":{"rendered":"https:\/\/www.europesays.com\/fr\/654237\/"},"modified":"2026-01-10T15:27:11","modified_gmt":"2026-01-10T15:27:11","slug":"mercato-le-psg-plutot-que-la-premier-league-pour-une-des-revelations-de-la-can","status":"publish","type":"post","link":"https:\/\/www.europesays.com\/fr\/654237\/","title":{"rendered":"Mercato : Le PSG plut\u00f4t que la Premier League pour une des r\u00e9v\u00e9lations de la CAN"},"content":{"rendered":"<p>Interrog\u00e9 durant une CAN 2025 dont il est l&rsquo;une des grandes r\u00e9v\u00e9lations, le jeune milieu ivoirien Christ Inao Oula\u00ef (19 ans) n&rsquo;a pas cach\u00e9 son attirance pour le PSG, plus que pour la Premier League.<\/p>\n<p>Le PSG a deux joueurs actuellement \u00e0 la Coupe d&rsquo;Afrique des Nations au Maroc, avec Achraf Hakimi et Ibrahim Mbaye, mais un troisi\u00e8me aimerait bien les rejoindre sous les couleurs parisiennes, \u00e0 savoir le jeune milieu de terrain ivoirien\u00a0Christ Inao Oula\u00ef. \u00c2g\u00e9 de 19 ans, celui qui joue depuis l&rsquo;\u00e9t\u00e9 dernier \u00e0 Trabzonspor (D1 turque) est l&rsquo;une des r\u00e9v\u00e9lations de la comp\u00e9tition avec la C\u00f4te d&rsquo;Ivoire, \u00e9tant devenu titulaire dans l&rsquo;entrejeu alors qu&rsquo;il est arriv\u00e9 en s\u00e9lection lors de la tr\u00eave de novembre.<\/p>\n<p>Au micro de <a href=\"https:\/\/www.facebook.com\/bideewsports?locale=fr_FR\" target=\"_blank\" rel=\"noopener\">Bideew Sports<\/a>, Inao Ola\u00ef a \u00e9t\u00e9 tr\u00e8s clair lorsqu&rsquo;il lui a \u00e9t\u00e9 demand\u00e9 quel club le faisait r\u00eaver aujourd&rsquo;hui : \u00ab\u00a0Le PSG. J\u2019aime bien. Ce nouveau PSG joue vraiment bien. \u00bb\u00a0Un nom logique de par le statut de champion d&rsquo;Europe des Parisiens et la part belle faite aux jeunes joueurs dans le projet parisien. Et m\u00eame la Ligue 1 n&rsquo;est pas un obstacle \u00e0 ses yeux : \u00ab\u00a0Il y a des gens qui trouvent \u00e7a bizarre mais moi j\u2019aime bien la Ligue 1. Moi je ne suis pas attir\u00e9 par la Premier League. J\u2019aime bien la Ligue 1 ! \u00bb<\/p>\n<\/p>\n<p>S&rsquo;il n&rsquo;a jamais fr\u00e9quent\u00e9 la fameuse Ligue des Talents, Inao Oula\u00ef connait en revanche bien la France puisqu&rsquo;il \u00e9voluait la saison pass\u00e9e en Ligue 2, sous les couleurs du SC Bastia. Reconnu \u00e0 l&rsquo;\u00e9chelon inf\u00e9rieur, aucun club de L1 n&rsquo;a pourtant souhait\u00e9 investir sur l&rsquo;ancien de l&rsquo;acad\u00e9mie Guillou et c&rsquo;est Trabzonspor qui a flair\u00e9 le bon coup en d\u00e9pensant tout de m\u00eame pr\u00e8s de 6 millions d&rsquo;euros. Evidemment titulaire en Turquie mais d\u00e9sormais aussi avec la C\u00f4te d&rsquo;Ivoire, la cote du jeune milieu d&rsquo;1,73m a fortement grimp\u00e9. Reste \u00e0 savoir s&rsquo;il est consid\u00e9r\u00e9 par les dirigeants parisiens comme assez fort pour rejoindre le projet.<\/p>\n","protected":false},"excerpt":{"rendered":"Interrog\u00e9 durant une CAN 2025 dont il est l&rsquo;une des grandes r\u00e9v\u00e9lations, le jeune milieu ivoirien Christ Inao&hellip;\n","protected":false},"author":2,"featured_media":654238,"comment_status":"","ping_status":"","sticky":false,"template":"","format":"standard","meta":{"footnotes":""},"categories":[2],"tags":[11,1011,27,12,25],"class_list":{"0":"post-654237","1":"post","2":"type-post","3":"status-publish","4":"format-standard","5":"has-post-thumbnail","7":"category-actualites","8":"tag-actualites","9":"tag-fr","10":"tag-france","11":"tag-news","12":"tag-republique-francaise"},"share_on_mastodon":{"url":"https:\/\/pubeurope.com\/@fr\/115871511041234608","error":""},"_links":{"self":[{"href":"https:\/\/www.europesays.com\/fr\/wp-json\/wp\/v2\/posts\/654237","targetHints":{"allow":["GET"]}}],"collection":[{"href":"https:\/\/www.europesays.com\/fr\/wp-json\/wp\/v2\/posts"}],"about":[{"href":"https:\/\/www.europesays.com\/fr\/wp-json\/wp\/v2\/types\/post"}],"author":[{"embeddable":true,"href":"https:\/\/www.europesays.com\/fr\/wp-json\/wp\/v2\/users\/2"}],"replies":[{"embeddable":true,"href":"https:\/\/www.europesays.com\/fr\/wp-json\/wp\/v2\/comments?post=654237"}],"version-history":[{"count":0,"href":"https:\/\/www.europesays.com\/fr\/wp-json\/wp\/v2\/posts\/654237\/revisions"}],"wp:featuredmedia":[{"embeddable":true,"href":"https:\/\/www.europesays.com\/fr\/wp-json\/wp\/v2\/media\/654238"}],"wp:attachment":[{"href":"https:\/\/www.europesays.com\/fr\/wp-json\/wp\/v2\/media?parent=654237"}],"wp:term":[{"taxonomy":"category","embeddable":true,"href":"https:\/\/www.europesays.com\/fr\/wp-json\/wp\/v2\/categories?post=654237"},{"taxonomy":"post_tag","embeddable":true,"href":"https:\/\/www.europesays.com\/fr\/wp-json\/wp\/v2\/tags?post=654237"}],"curies":[{"name":"wp","href":"https:\/\/api.w.org\/{rel}","templated":true}]}}