{"id":654245,"date":"2026-01-10T15:31:11","date_gmt":"2026-01-10T15:31:11","guid":{"rendered":"https:\/\/www.europesays.com\/fr\/654245\/"},"modified":"2026-01-10T15:31:11","modified_gmt":"2026-01-10T15:31:11","slug":"challenge-cup-stade-francais-exeter-pourquoi-le-coup-denvoi-a-ete-decale-a-jean-bouin","status":"publish","type":"post","link":"https:\/\/www.europesays.com\/fr\/654245\/","title":{"rendered":"Challenge Cup. Stade fran\u00e7ais \u2013 Exeter\u00a0: pourquoi le coup d\u2019envoi a \u00e9t\u00e9 d\u00e9cal\u00e9 \u00e0 Jean-Bouin"},"content":{"rendered":"<p>\n                Le coup d\u2019envoi de la rencontre entre le Stade fran\u00e7ais et Exeter, comptant pour la 3e journ\u00e9e de Challenge Cup, a \u00e9t\u00e9 retard\u00e9 de cinq bonnes minutes en raison d\u2019un probl\u00e8me pour le moins insolite\u2026\n            <\/p>\n<p>Si les spectateurs du stade Jean-Bouin s\u2019endorment ce soir avec des\u00a0acouph\u00e8nes, ils n\u2019auront pas trop \u00e0 en chercher la raison. \u00c0 quelques secondes du coup d\u2019envoi de la rencontre entre le Stade fran\u00e7ais et les Anglais de Exeter, comptant pour la 3e journ\u00e9e de Challenge Cup, un \u00e9norme son strident s\u2019est mis \u00e0 sortir des enceintes du stade parisien.<\/p>\n<p>Un bug technique en cause<\/p>\n<p>On a d\u2019abord cru \u00e0 un bug\u00a0de sonorisation. Apr\u00e8s v\u00e9rification, il s\u2019agissait de l\u2019alarme\u00a0incendie.\u00a0Un spectateur, sans doute mal attentionn\u00e9, a bris\u00e9 un des bo\u00eetiers pr\u00e9vu \u00e0 cet effet et pr\u00e9sents dans les coursives de Jean-Bouin.\u00a0R\u00e9sultat\u00a0: Craig Evans, l\u2019arbitre gallois du match, a \u00e9t\u00e9 contrainte de retarder le coup d\u2019envoi de la rencontre de cinq bonnes minutes, le temps de r\u00e9ussir \u00e0 couper ce bruit assourdissant.<\/p>\n","protected":false},"excerpt":{"rendered":"Le coup d\u2019envoi de la rencontre entre le Stade fran\u00e7ais et Exeter, comptant pour la 3e journ\u00e9e de&hellip;\n","protected":false},"author":2,"featured_media":654246,"comment_status":"","ping_status":"","sticky":false,"template":"","format":"standard","meta":{"footnotes":""},"categories":[1416],"tags":[69590,1011,27,479,1468,68796,60],"class_list":{"0":"post-654245","1":"post","2":"type-post","3":"status-publish","4":"format-standard","5":"has-post-thumbnail","7":"category-rugby","8":"tag-epcr-challenge-cup","9":"tag-fr","10":"tag-france","11":"tag-rugby","12":"tag-rugby-football","13":"tag-rugby-u00e0-xv","14":"tag-sports"},"share_on_mastodon":{"url":"https:\/\/pubeurope.com\/@fr\/115871526661397096","error":""},"_links":{"self":[{"href":"https:\/\/www.europesays.com\/fr\/wp-json\/wp\/v2\/posts\/654245","targetHints":{"allow":["GET"]}}],"collection":[{"href":"https:\/\/www.europesays.com\/fr\/wp-json\/wp\/v2\/posts"}],"about":[{"href":"https:\/\/www.europesays.com\/fr\/wp-json\/wp\/v2\/types\/post"}],"author":[{"embeddable":true,"href":"https:\/\/www.europesays.com\/fr\/wp-json\/wp\/v2\/users\/2"}],"replies":[{"embeddable":true,"href":"https:\/\/www.europesays.com\/fr\/wp-json\/wp\/v2\/comments?post=654245"}],"version-history":[{"count":0,"href":"https:\/\/www.europesays.com\/fr\/wp-json\/wp\/v2\/posts\/654245\/revisions"}],"wp:featuredmedia":[{"embeddable":true,"href":"https:\/\/www.europesays.com\/fr\/wp-json\/wp\/v2\/media\/654246"}],"wp:attachment":[{"href":"https:\/\/www.europesays.com\/fr\/wp-json\/wp\/v2\/media?parent=654245"}],"wp:term":[{"taxonomy":"category","embeddable":true,"href":"https:\/\/www.europesays.com\/fr\/wp-json\/wp\/v2\/categories?post=654245"},{"taxonomy":"post_tag","embeddable":true,"href":"https:\/\/www.europesays.com\/fr\/wp-json\/wp\/v2\/tags?post=654245"}],"curies":[{"name":"wp","href":"https:\/\/api.w.org\/{rel}","templated":true}]}}