{"id":654250,"date":"2026-01-10T15:37:14","date_gmt":"2026-01-10T15:37:14","guid":{"rendered":"https:\/\/www.europesays.com\/fr\/654250\/"},"modified":"2026-01-10T15:37:14","modified_gmt":"2026-01-10T15:37:14","slug":"lol-lache-une-premiere-offre-a-55-me","status":"publish","type":"post","link":"https:\/\/www.europesays.com\/fr\/654250\/","title":{"rendered":"L&rsquo;OL l\u00e2che une premi\u00e8re offre \u00e0 5,5 ME"},"content":{"rendered":"<p><b>Apr\u00e8s avoir fait signer Endrick, l&rsquo;Olympique Lyonnais continue d&rsquo;avancer au <a href=\"https:\/\/www.foot01.com\/mercato\" title=\"Mercato\" target=\"_blank\" rel=\"noopener\">mercato<\/a>. La possibilit\u00e9 de faire signer Noah Nartey est r\u00e9elle, avec une premi\u00e8re offre \u00e0 la cl\u00e9. <\/b>Une semaine apr\u00e8s sa premi\u00e8re approche,<a href=\"https:\/\/www.foot01.com\/ol\" target=\"_self\" rel=\"noopener\"> l\u2019Olympique Lyonnais<\/a> a concr\u00e8tement tent\u00e9 sa chance avec Noah Nartey. La presse danoise laisse entendre que la premi\u00e8re offre de l\u2019OL est tr\u00e8s loin du compte, puisque le club rhodanien a propos\u00e9 5,5 millions d\u2019euros, et un million d\u2019euros de bonus \u00e9ventuel. Certes, le milieu de terrain a refus\u00e9 de prolonger avec Brondby, mais il poss\u00e8de toujours un contrat l\u2019emmenant jusqu\u2019en juin 2027 avec le club de la banlieue de Copenhague. R\u00e9sultat, les dirigeants danois en demandent toujours 9 millions d\u2019euros.L&rsquo;OL fait une offre et n\u00e9gocie<\/p>\n<p>Du c\u00f4t\u00e9 du joueur d\u2019origine ghan\u00e9enne, rejoindre l\u2019OL est vu comme une bonne chose, afin de signer dans une \u00e9quipe ambitieuse, avec du temps de jeu \u00e0 aller chercher et un effectif assez jeune qui lui convient bien. A 20 ans, il pourrait compl\u00e9ter l\u2019effectif de Paulo Fonseca, et m\u00eame venir pour compenser un \u00e9ventuel d\u00e9part de Tanner Tessmann, toujours suivi en Italie.<\/p>\n<p>Toutefois, il va falloir que tout le monde fasse un effort car \u00e0 l\u2019heure actuelle, Brondby estime ne pas avoir re\u00e7u l\u2019offre n\u00e9cessaire pour laisser partir Noah Nartey. Il reste encore trois semaines de <a href=\"https:\/\/www.foot01.com\/mercato\" title=\"Mercato\" target=\"_blank\" rel=\"noopener\">mercato<\/a> pour permettre \u00e0 ce dossier de se d\u00e9canter, mais l\u2019OL a d\u00e9cid\u00e9 de partir de tr\u00e8s bas pour s\u2019\u00e9viter une grosse d\u00e9pense.<\/p>\n<p>Les discussions sont en tout cas toujours de mise entre les deux camps, et de nouveaux rendez-vous au sujet de ce transfert sont pr\u00e9vues dans les prochaines 48 heures. Une preuve que l\u2019OL souhaite garder ce dossier au chaud, d\u2019autant que la concurrence n\u2019a pas non plus boug\u00e9 le petit doigt \u00e0 l\u2019heure actuelle.<\/p>\n<p>En attendant, Noah Nartey enchaine les semaines sans jouer, le championnat danois ayant ferm\u00e9 ses portes pour l\u2019hiver. Sans Coupe d\u2019Europe puisqu\u2019il s\u2019est fait \u00e9liminer par Strasbourg en barrages de Conf\u00e9rence League, il n\u2019a pas jou\u00e9 depuis le 1er d\u00e9cembre pour le club actuellement troisi\u00e8me du championnat danois.<\/p>\n","protected":false},"excerpt":{"rendered":"Apr\u00e8s avoir fait signer Endrick, l&rsquo;Olympique Lyonnais continue d&rsquo;avancer au mercato. La possibilit\u00e9 de faire signer Noah Nartey&hellip;\n","protected":false},"author":2,"featured_media":654251,"comment_status":"","ping_status":"","sticky":false,"template":"","format":"standard","meta":{"footnotes":""},"categories":[1410],"tags":[63,1011,27,1434,241,60],"class_list":{"0":"post-654250","1":"post","2":"type-post","3":"status-publish","4":"format-standard","5":"has-post-thumbnail","7":"category-football","8":"tag-football","9":"tag-fr","10":"tag-france","11":"tag-mercato","12":"tag-ol","13":"tag-sports"},"share_on_mastodon":{"url":"https:\/\/pubeurope.com\/@fr\/115871550238816279","error":""},"_links":{"self":[{"href":"https:\/\/www.europesays.com\/fr\/wp-json\/wp\/v2\/posts\/654250","targetHints":{"allow":["GET"]}}],"collection":[{"href":"https:\/\/www.europesays.com\/fr\/wp-json\/wp\/v2\/posts"}],"about":[{"href":"https:\/\/www.europesays.com\/fr\/wp-json\/wp\/v2\/types\/post"}],"author":[{"embeddable":true,"href":"https:\/\/www.europesays.com\/fr\/wp-json\/wp\/v2\/users\/2"}],"replies":[{"embeddable":true,"href":"https:\/\/www.europesays.com\/fr\/wp-json\/wp\/v2\/comments?post=654250"}],"version-history":[{"count":0,"href":"https:\/\/www.europesays.com\/fr\/wp-json\/wp\/v2\/posts\/654250\/revisions"}],"wp:featuredmedia":[{"embeddable":true,"href":"https:\/\/www.europesays.com\/fr\/wp-json\/wp\/v2\/media\/654251"}],"wp:attachment":[{"href":"https:\/\/www.europesays.com\/fr\/wp-json\/wp\/v2\/media?parent=654250"}],"wp:term":[{"taxonomy":"category","embeddable":true,"href":"https:\/\/www.europesays.com\/fr\/wp-json\/wp\/v2\/categories?post=654250"},{"taxonomy":"post_tag","embeddable":true,"href":"https:\/\/www.europesays.com\/fr\/wp-json\/wp\/v2\/tags?post=654250"}],"curies":[{"name":"wp","href":"https:\/\/api.w.org\/{rel}","templated":true}]}}