{"id":654256,"date":"2026-01-10T15:41:13","date_gmt":"2026-01-10T15:41:13","guid":{"rendered":"https:\/\/www.europesays.com\/fr\/654256\/"},"modified":"2026-01-10T15:41:13","modified_gmt":"2026-01-10T15:41:13","slug":"des-truc-horribles-matthieu-delormeau-revele-les-propos-chocs-dun-producteur-de-danse-avec-les-stars-et-pourquoi-il-a-refuse-dy-participer","status":"publish","type":"post","link":"https:\/\/www.europesays.com\/fr\/654256\/","title":{"rendered":"\u00ab\u00a0Des truc horribles\u00a0\u00bb : Matthieu Delormeau r\u00e9v\u00e8le les propos chocs d&rsquo;un producteur de Danse avec les stars et pourquoi il a refus\u00e9 d&rsquo;y participer"},"content":{"rendered":"<p>En 2016, la production de Danse avec les stars contacte Matthieu<br \/>\nDelormeau. Mais le chroniqueur, qui croyait qu\u2019on lui proposait<br \/>\nd\u2019animer l\u2019\u00e9mission, a vite d\u00e9chant\u00e9 en d\u00e9couvrant qu\u2019on lui<br \/>\nproposait de faire partie du casting.<\/p>\n<p>Tr\u00e8s choqu\u00e9 par certaines id\u00e9es du producteur pour sa<br \/>\nparticipation, il a alors demand\u00e9 conseil aupr\u00e8s de Cyril Hanouna,<br \/>\nqui l\u2019a \u00e0 l\u2019\u00e9poque mis en garde.<\/p>\n<p>Danse avec les stars\u00a0: la saison 15 arrive sur TF1<\/p>\n<p>De nombreuses personnalit\u00e9s r\u00eave de participer \u00e0 <a href=\"https:\/\/www.mariefrance.fr\/news-people\/besoin-ble-chanteur-regrette-amerement-participe-danse-avec-stars-cetait-horrible-1202848.html\" target=\"_blank\" rel=\"noopener\"><br \/>\nDanse avec les stars<\/a> et de se surpasser sur le parquet<br \/>\nmythique de l\u2019\u00e9mission. Diffus\u00e9e depuis quinze ans, le concours de<br \/>\ndanse est devenue un rendez-vous incontournable des t\u00e9l\u00e9spectateurs<br \/>\nde TF1. Pour cette 15\u1d49 saison, attendue le vendredi <strong>23<br \/>\njanvier<\/strong> sur TF1, la production a une nouvelle fois soign\u00e9<br \/>\nson casting. Les fans du programme pourront notamment d\u00e9couvrir<br \/>\nAng\u00e9lique Angarni-Filopon, Laure Manaudou, St\u00e9phane Bern, mais<br \/>\naussi Marcus, le meilleur ami de L\u00e9na Situations, arriv\u00e9 \u00e0 la<br \/>\nderni\u00e8re minute dans l\u2019aventure.<\/p>\n<p>Si aujourd\u2019hui de nombreuses personnalit\u00e9s se pressent pour<br \/>\nfouler le parquet, certains ont pourtant d\u00e9clin\u00e9 l\u2019invitation.<br \/>\nC\u2019est le cas de <a href=\"https:\/\/www.mariefrance.fr\/tele\/matthieu-delormeau-humilie-plateau-cyril-hanouna-transpires-larrogance-narcissisme-1229845.html\" target=\"_blank\" rel=\"noopener\"><br \/>\nMatthieu Delormeau<\/a>. Ce vendredi 9 janvier, dans l\u2019\u00e9mission<br \/>\n<a href=\"https:\/\/www.m6.fr\/tout-beau-tout-n9uf-p_27254\" target=\"_blank\" rel=\"noopener\">Tout<br \/>\nbeau tout Neuf<\/a>, le chroniqueur de la bande de Cyril<br \/>\nHanouna a r\u00e9v\u00e9l\u00e9 avoir \u00e9t\u00e9 contact\u00e9 d\u00e8s <strong>2016<\/strong>, \u00e0<br \/>\nl\u2019\u00e9poque de la saison 7, remport\u00e9e par Laurent Maistret et Denitsa<br \/>\nIkonomova. Une proposition qui l\u2019avait surpris, voire<br \/>\nd\u00e9stabilis\u00e9.<\/p>\n<p><img loading=\"lazy\" decoding=\"async\" aria-describedby=\"caption-attachment-1228766\" itemprop=\"thumbnailUrl\" class=\"size-full wp-image-1228766 img-responsive\" src=\"https:\/\/www.europesays.com\/fr\/wp-content\/uploads\/2025\/12\/1-58.jpg\" alt=\"Matthieu Delormeau\" width=\"1280\" height=\"720\"\/><br \/>\n\u00a9<br \/>\nW9<\/p>\n<p id=\"caption-attachment-1228766\" class=\"wp-caption-text\">Matthieu<br \/>\nDelormeau explique pourquoi il a refus\u00e9 de participer \u00e0 Danse avec<br \/>\nles stars<\/p>\n<p>Matthieu Delormeau contact\u00e9 par Danse avec les stars, il<br \/>\nd\u00e9voil\u00e9 les propos chocs de la production<\/p>\n<p>\u201cJe n&rsquo;ai jamais \u00e9t\u00e9 d\u00e9bauch\u00e9 une fois dans ma vie (&#8230;) une<br \/>\nfois pour Danse avec les stars et <strong>j&rsquo;ai cru que<br \/>\nc&rsquo;\u00e9tait pour l&rsquo;animer<\/strong> mais c&rsquo;\u00e9tait pour danser\u201d, a<br \/>\nexpliqu\u00e9 Matthieu Delormeau sur W9. Mais lors de ce rendez-vous<br \/>\navec la production, Matthieu Delormeau n\u2019a pas tard\u00e9 \u00e0 exprimer ses<br \/>\ndoutes. Le rythme intense de l\u2019\u00e9mission lui semblait incompatible<br \/>\navec ses autres activit\u00e9s. \u201cJe lui ai dit : &lsquo;Quand m\u00eame 13<br \/>\nprimes, c\u2019est compliqu\u00e9. Je ne peux pas animer que la moiti\u00e9\u2019\u201d,<br \/>\na-t-il racont\u00e9. Rapidement, il a compris que la production ne le<br \/>\nvoyait pas \u00e0 la pr\u00e9sentation, mais bien sur le parquet, pr\u00eat \u00e0<br \/>\nencha\u00eener les chor\u00e9graphies semaine apr\u00e8s semaine.<\/p>\n<p>Si cette proposition l\u2019a surpris, ce sont surtout certaines<br \/>\nid\u00e9es du producteur qui ont profond\u00e9ment <strong>choqu\u00e9<\/strong> le<br \/>\nchroniqueur. Toujours dans Tout beau tout n9uf, il a<br \/>\nconfi\u00e9\u00a0: \u201cIl m\u2019avait dit des trucs horribles : \u2018Au<br \/>\npremier prime, <strong>tu danses torse nu<\/strong>, on aime bien.<br \/>\nApr\u00e8s, il y aura le prime un petit peu \u00e9motion, <strong>on parlera<br \/>\nde la mort de ta maman, on va mettre une musique o\u00f9 \u00e7a<br \/>\npleure<\/strong>\u2019\u201d. Encore sid\u00e9r\u00e9 par ces souvenirs, il a ensuite<br \/>\nd\u00e9crit sa r\u00e9action \u00e0 l\u2019\u00e9poque : \u201cJe lui ai dit :<br \/>\n\u201c<strong>Va te faire f*utre<\/strong>, qu\u2019est-ce que c\u2019est que ces<br \/>\nhistoires !\u2019\u201d.<\/p>\n<blockquote class=\"twitter-tweet\"><p><a class=\"twitter-link\" rel=\"noindex, nofollow noopener\" href=\"https:\/\/twitter.com\/TF1\/status\/2005614763532018145\" target=\"_blank\"><\/p><\/blockquote>\n<p>La mise en garde de Cyril Hanouna qui a<br \/>\npes\u00e9 dans la balance<\/p>\n<p>Face \u00e0 cette situation, Matthieu Delormeau a pr\u00e9f\u00e9r\u00e9 demander<br \/>\nconseil \u00e0 son mentor et patron, <a href=\"https:\/\/www.mariefrance.fr\/tele\/cyril-hanouna-riche-neymar-geraldine-maillet-lache-bombe-direct-fortune-1234941.html\" target=\"_blank\" rel=\"noopener\"><br \/>\nCyril Hanouna<\/a>. Ce dernier n\u2019a pas h\u00e9sit\u00e9 \u00e0 le mettre en garde,<br \/>\nnotamment sur les cons\u00e9quences professionnelles d\u2019une telle<br \/>\nd\u00e9cision. \u201dTu fais ce que tu veux, mais <strong>si tu y vas, tu<br \/>\nperds l&rsquo;\u00e9mission et toutes tes productions sur C8<\/strong>\u201d,<br \/>\nlui aurait-il r\u00e9pondu.<\/p>\n<p>Un avertissement clair, qui a d\u00e9finitivement refroidi les<br \/>\nintentions de l\u2019ancien animateur de NRJ12. Matthieu Delormeau<br \/>\nsemble aujourd\u2019hui plut\u00f4t satisfait d\u2019avoir d\u00e9clin\u00e9 la proposition<br \/>\nde TF1.<\/p>\n<p><script async src=\"https:\/\/platform.twitter.com\/widgets.js\" charset=\"utf-8\"><\/script><\/p>\n","protected":false},"excerpt":{"rendered":"En 2016, la production de Danse avec les stars contacte Matthieu Delormeau. Mais le chroniqueur, qui croyait qu\u2019on&hellip;\n","protected":false},"author":2,"featured_media":654257,"comment_status":"","ping_status":"","sticky":false,"template":"","format":"standard","meta":{"footnotes":""},"categories":[1356],"tags":[58,59,1011,27,252,1364],"class_list":{"0":"post-654256","1":"post","2":"type-post","3":"status-publish","4":"format-standard","5":"has-post-thumbnail","7":"category-television","8":"tag-divertissement","9":"tag-entertainment","10":"tag-fr","11":"tag-france","12":"tag-television","13":"tag-tv"},"share_on_mastodon":{"url":"https:\/\/pubeurope.com\/@fr\/115871566129928962","error":""},"_links":{"self":[{"href":"https:\/\/www.europesays.com\/fr\/wp-json\/wp\/v2\/posts\/654256","targetHints":{"allow":["GET"]}}],"collection":[{"href":"https:\/\/www.europesays.com\/fr\/wp-json\/wp\/v2\/posts"}],"about":[{"href":"https:\/\/www.europesays.com\/fr\/wp-json\/wp\/v2\/types\/post"}],"author":[{"embeddable":true,"href":"https:\/\/www.europesays.com\/fr\/wp-json\/wp\/v2\/users\/2"}],"replies":[{"embeddable":true,"href":"https:\/\/www.europesays.com\/fr\/wp-json\/wp\/v2\/comments?post=654256"}],"version-history":[{"count":0,"href":"https:\/\/www.europesays.com\/fr\/wp-json\/wp\/v2\/posts\/654256\/revisions"}],"wp:featuredmedia":[{"embeddable":true,"href":"https:\/\/www.europesays.com\/fr\/wp-json\/wp\/v2\/media\/654257"}],"wp:attachment":[{"href":"https:\/\/www.europesays.com\/fr\/wp-json\/wp\/v2\/media?parent=654256"}],"wp:term":[{"taxonomy":"category","embeddable":true,"href":"https:\/\/www.europesays.com\/fr\/wp-json\/wp\/v2\/categories?post=654256"},{"taxonomy":"post_tag","embeddable":true,"href":"https:\/\/www.europesays.com\/fr\/wp-json\/wp\/v2\/tags?post=654256"}],"curies":[{"name":"wp","href":"https:\/\/api.w.org\/{rel}","templated":true}]}}