{"id":654260,"date":"2026-01-10T15:43:15","date_gmt":"2026-01-10T15:43:15","guid":{"rendered":"https:\/\/www.europesays.com\/fr\/654260\/"},"modified":"2026-01-10T15:43:15","modified_gmt":"2026-01-10T15:43:15","slug":"pour-cartonner-au-box-office-la-trilogie-28-ans-plus-tard-doit-miser-sur-le-temple-des-morts","status":"publish","type":"post","link":"https:\/\/www.europesays.com\/fr\/654260\/","title":{"rendered":"Pour cartonner au box-office, la trilogie 28 Ans plus tard doit miser sur Le Temple des Morts"},"content":{"rendered":"<p class=\"chapo\">Pour assurer le succ\u00e8s en salles de la trilogie \u00ab\u00a028 Ans plus tard\u00a0\u00bb, le prochain volet, intitul\u00e9 \u00ab\u00a0Le Temple des Morts\u00a0\u00bb, s\u2019annonce crucial. Son accueil par le public d\u00e9terminera la viabilit\u00e9 commerciale de l\u2019ensemble du projet cin\u00e9matographique.<\/p>\n<p>Tl;dr<\/p>\n<ul>\n<li>Le film vise un d\u00e9marrage \u00e0 20-28 millions $.<\/li>\n<li>La concurrence horreur en janvier s\u2019annonce f\u00e9roce.<\/li>\n<li>Succ\u00e8s indispensable pour poursuivre la trilogie pr\u00e9vue.<\/li>\n<\/ul>\n<p>Une suite attendue dans un contexte tendu<\/p>\n<p>Dans le paysage g\u00e9n\u00e9ralement calme de la mi-janvier, l\u2019arriv\u00e9e imminente de <strong>Sony Pictures<\/strong> avec <strong>\u00ab <a href=\"https:\/\/www.begeek.fr\/enfin-des-nouvelles-tant-attendues-sur-le-retour-de-cillian-murphy-dans-28-ans-plus-tard-425341\" target=\"_blank\" rel=\"noopener\">28 Ans plus tard : Le Temple des Morts<\/a> \u00bb<\/strong> ne passe pas inaper\u00e7ue. Alors que les studios misent traditionnellement sur les retomb\u00e9es des blockbusters de d\u00e9cembre, ce nouvel opus s\u2019impose comme le premier grand rendez-vous cin\u00e9matographique de 2026, avec une sortie programm\u00e9e d\u00e8s le 16 janvier. Pourtant, si l\u2019\u00e9v\u00e9nement fait du bruit, son succ\u00e8s n\u2019a rien d\u2019assur\u00e9. Les pr\u00e9visions actuelles font \u00e9tat d\u2019un lancement domestique compris entre 18 et 28 millions de dollars sur quatre jours, selon Box Office Theory ou encore Deadline. \u00c0 titre de comparaison, le pr\u00e9c\u00e9dent volet avait d\u00e9marr\u00e9 \u00e0 30 millions outre-Atlantique, pour terminer sa course \u00e0 151,3 millions \u00e0 l\u2019international.<\/p>\n<p>Bilan mitig\u00e9 pour le pr\u00e9c\u00e9dent opus<\/p>\n<p>Nia DaCosta, reconnue notamment pour \u00ab\u00a0Candyman\u00a0\u00bb et \u00ab\u00a0The Marvels\u00a0\u00bb, signe ici la mise en sc\u00e8ne tandis que Danny Boyle et Alex Garland, d\u00e9j\u00e0 aux commandes des \u00e9pisodes pr\u00e9c\u00e9dents, supervisent la production et l\u2019\u00e9criture. Le casting se veut solide\u2009: Ralph Fiennes, dans la peau du Dr Kelson, d\u00e9couvre une v\u00e9rit\u00e9 capable de bouleverser le monde ; Alfie Williams (Spike) fait face \u00e0 une nouvelle menace incarn\u00e9e par Jack O\u2019Connell. Parmi les seconds r\u00f4les figurent aussi Erin Kellyman, Emma Laird ou encore Chi Lewis-Parry. Malgr\u00e9 son r\u00e9sultat globalement positif \u2014 rappelons-le : plus de 150 millions engrang\u00e9s pour un budget de 60 millions \u2014 le film pr\u00e9c\u00e9dent n\u2019a pas v\u00e9ritablement d\u00e9pass\u00e9 le seuil consid\u00e9r\u00e9 comme optimal par l\u2019industrie.<\/p>\n<p>L\u2019\u00e9quilibre financier sous tension<\/p>\n<p>Or, la suite \u00e9volue dans une marge \u00e9troite : atteindre au moins deux fois et demie son budget repr\u00e9sente la condition sine qua non d\u2019un succ\u00e8s commercial en salle. Si les estimations venaient \u00e0 se confirmer, il faudrait alors esp\u00e9rer un bouche-\u00e0-oreille solide pour prolonger l\u2019int\u00e9r\u00eat au-del\u00e0 du week-end inaugural. D\u2019autant que le climat concurrentiel ne laisse gu\u00e8re de place \u00e0 l\u2019erreur : plusieurs films d\u2019horreur majeurs sont attendus simultan\u00e9ment, parmi lesquels \u00ab\u00a0Primate\u00a0\u00bb, \u00ab\u00a0<a href=\"https:\/\/www.begeek.fr\/return-to-silent-hill-le-nouveau-film-de-christophe-gans-374662\" target=\"_blank\" rel=\"noopener\">Return to Silent Hill<\/a>\u00a0\u00bb et \u00ab\u00a0Send Help\u00a0\u00bb de Sam Raimi.<\/p>\n<p>L\u2019avenir de la trilogie d\u00e9pend du public<\/p>\n<p>Reste enfin une question centrale : cette suite saura-t-elle convaincre tant les fans historiques que les nouveaux venus\u2009? Les premiers retours issus des projections sp\u00e9ciales se veulent encourageants, mais seule une r\u00e9ception enthousiaste du grand public garantira la viabilit\u00e9 du projet. L\u2019\u00e9pilogue audacieux du dernier film a laiss\u00e9 certains spectateurs perplexes\u2009; cet \u00e9l\u00e9ment pourrait tout aussi bien constituer un frein qu\u2019un moteur pour attirer vers un troisi\u00e8me volet o\u00f9 le personnage embl\u00e9matique incarn\u00e9 par Cillian Murphy, Jim (\u00ab 28 Jours plus tard \u00bb), est annonc\u00e9 en figure centrale. Pour <strong>Sony Pictures<\/strong>, tout se joue donc maintenant sur ce pari risqu\u00e9.<\/p>\n","protected":false},"excerpt":{"rendered":"Pour assurer le succ\u00e8s en salles de la trilogie \u00ab\u00a028 Ans plus tard\u00a0\u00bb, le prochain volet, intitul\u00e9 \u00ab\u00a0Le&hellip;\n","protected":false},"author":2,"featured_media":654261,"comment_status":"","ping_status":"","sticky":false,"template":"","format":"standard","meta":{"footnotes":""},"categories":[1354],"tags":[58,59,1346,1011,27,1360],"class_list":{"0":"post-654260","1":"post","2":"type-post","3":"status-publish","4":"format-standard","5":"has-post-thumbnail","7":"category-films","8":"tag-divertissement","9":"tag-entertainment","10":"tag-films","11":"tag-fr","12":"tag-france","13":"tag-movies"},"share_on_mastodon":{"url":"https:\/\/pubeurope.com\/@fr\/115871573874271008","error":""},"_links":{"self":[{"href":"https:\/\/www.europesays.com\/fr\/wp-json\/wp\/v2\/posts\/654260","targetHints":{"allow":["GET"]}}],"collection":[{"href":"https:\/\/www.europesays.com\/fr\/wp-json\/wp\/v2\/posts"}],"about":[{"href":"https:\/\/www.europesays.com\/fr\/wp-json\/wp\/v2\/types\/post"}],"author":[{"embeddable":true,"href":"https:\/\/www.europesays.com\/fr\/wp-json\/wp\/v2\/users\/2"}],"replies":[{"embeddable":true,"href":"https:\/\/www.europesays.com\/fr\/wp-json\/wp\/v2\/comments?post=654260"}],"version-history":[{"count":0,"href":"https:\/\/www.europesays.com\/fr\/wp-json\/wp\/v2\/posts\/654260\/revisions"}],"wp:featuredmedia":[{"embeddable":true,"href":"https:\/\/www.europesays.com\/fr\/wp-json\/wp\/v2\/media\/654261"}],"wp:attachment":[{"href":"https:\/\/www.europesays.com\/fr\/wp-json\/wp\/v2\/media?parent=654260"}],"wp:term":[{"taxonomy":"category","embeddable":true,"href":"https:\/\/www.europesays.com\/fr\/wp-json\/wp\/v2\/categories?post=654260"},{"taxonomy":"post_tag","embeddable":true,"href":"https:\/\/www.europesays.com\/fr\/wp-json\/wp\/v2\/tags?post=654260"}],"curies":[{"name":"wp","href":"https:\/\/api.w.org\/{rel}","templated":true}]}}