{"id":654266,"date":"2026-01-10T15:46:14","date_gmt":"2026-01-10T15:46:14","guid":{"rendered":"https:\/\/www.europesays.com\/fr\/654266\/"},"modified":"2026-01-10T15:46:14","modified_gmt":"2026-01-10T15:46:14","slug":"eric-dupond-moretti-refuse-de-repondre-aux-quest","status":"publish","type":"post","link":"https:\/\/www.europesays.com\/fr\/654266\/","title":{"rendered":"Eric Dupond-Moretti refuse de r\u00e9pondre aux quest &#8230;"},"content":{"rendered":"<p>EN BREF<\/p>\n<ul class=\"bloc_resume_post_list\">\n<li>Anne-Elisabeth Lemoine reprend l\u00a0\u00bbanimation de C \u00e0 vous le<br \/>\n5 janvier 2026, du lundi au jeudi, avec Mohamed Bouhafsi les<br \/>\nvendredis et samedis.<\/li>\n<li>Eric Dupond-Moretti, invit\u00e9 le 9 janvier 2026, refuse de<br \/>\nchoisir entre Rachida Dati et G\u00e9rald Darmanin lors d&rsquo;un<br \/>\njeu.<\/li>\n<li>Les \u00e9changes tendus avec Mohamed Bouhafsi r\u00e9v\u00e8lent des<br \/>\nopinions tranch\u00e9es sur les personnalit\u00e9s politiques, sans d\u00e9voiler<br \/>\nses pr\u00e9f\u00e9rences.<\/li>\n<\/ul>\n<p data-paragraph-index=\"1\">Apr\u00e8s une petite pause pour les f\u00eates<br \/>\nde fin de fin d&rsquo;ann\u00e9e. <a href=\"https:\/\/www.closermag.fr\/people\/alors-que-valery-giscard-destaing-anne-elisabeth-lemoine-ose-une-remarque-detonante-sur-lady-diana-3580276\" target=\"_blank\" rel=\"noopener\"><br \/>\nAnne-Elisabeth Lemoine<\/a>\u00a0\u00e9tait de retour \u00e0 la t\u00eate du<br \/>\n<a href=\"https:\/\/www.telestar.fr\/tag\/c-a-vous\" target=\"_blank\" rel=\"noopener\">talk-show quotidien<br \/>\nintitul\u00e9\u00a0C \u00e0 vous<\/a> le lundi 5 janvier 2026 de France 5.<br \/>\nPour rappel, <strong>la pr\u00e9sentatrice incarne d\u00e9sormais de<br \/>\nl&rsquo;\u00e9mission uniquement du lundi au jeudi<\/strong>\u00a0cette saison.<br \/>\nLes num\u00e9ros diffus\u00e9s les vendredis et les samedis sont quant \u00e0 eux<br \/>\npr\u00e9sent\u00e9s par son ancien chroniqueur\u00a0Mohamed Bouhafsi.<\/p>\n<p data-paragraph-index=\"1\">Ce dernier a notamment re\u00e7u <a href=\"https:\/\/www.telestar.fr\/actu_tv\/cyberharcelement-de-brigitte-macron-ca-a-pourri-sa-vie-eric-dupond-moretti-semporte-sur-le-plateau-de-c-a-vous-1750554\" target=\"_blank\" rel=\"noopener\"><br \/>\nl&rsquo;ancien ministre de la Justice Eric Dupond-Moretti<\/a> en plateau<br \/>\nle vendredi 9 janvier 2026. \u00ab\u00a0Il n&rsquo;y a pas de langue de bois<br \/>\nchez vous. Il y en avait un petit peu plus quand vous \u00e9tiez<br \/>\nministre. C&rsquo;est normal, on l&rsquo;accepte, vous le dites dans le<br \/>\nspectacle. Vous dites \u00e0 un moment : <strong>&lsquo;Un ministre, \u00e7a ferme<br \/>\nsa gueule ou \u00e7a d\u00e9gage&rsquo;<\/strong>. Vous \u00e9voquez votre devoir de<br \/>\nloyaut\u00e9 envers le pr\u00e9sident de la R\u00e9publique. L\u00e0, on va jouer \u00e0 un<br \/>\njeu, Eric Dupond-Moretti\u00a0\u00bb, a notamment lanc\u00e9 l&rsquo;animateur.<\/p>\n<p>C \u00e0 vous : une s\u00e9quence tourne au<br \/>\nfiasco \u00e0 cause d&rsquo;Eric Dupond-Moretti<\/p>\n<p data-paragraph-index=\"1\">\u00ab\u00a0On va jouer au jeu &lsquo;Tu pr\u00e9f\u00e8res<br \/>\n?&rsquo;. Vous me regardez moi, tout va bien. Vous connaissez ce jeu sans<br \/>\ndoute. C&rsquo;est un dilemme, vous avez deux propositions. Vous r\u00e9pondez<br \/>\ntr\u00e8s rapidement, un petit mot derri\u00e8re mais pas trop long. Eric<br \/>\nDupond-Moretti. Deux locataires de la place Vend\u00f4me comme vous.<br \/>\nEst-ce que vous pr\u00e9f\u00e9rez Rachida Dati ou G\u00e9rald Darmanin ?\u00a0\u00bb, a<br \/>\nensuite demand\u00e9 Mohamed Bouhafsi \u00e0 Eric Dupond-Moretti. <strong>Qui<br \/>\na imm\u00e9diatement sorti la carte \u00ab\u00a0joker\u00a0\u00bb.<\/strong><\/p>\n<p data-paragraph-index=\"1\">\u00ab\u00a0Moi je me suis toujours refus\u00e9 \u00e0<br \/>\nenvisager la carri\u00e8re de juge. J&rsquo;ai du mal \u00e0 juger les gens. Et<br \/>\nd&rsquo;abord sur quels crit\u00e8res ? Qu&rsquo;est-ce que vous me proposez comme<br \/>\ncrit\u00e8re ? Donc Rachida, je la connais depuis&#8230; Elle \u00e9tait juge<br \/>\nd&rsquo;instruction \u00e0 P\u00e9ronne, son premier poste. <strong>Je la<br \/>\nconnaissais d\u00e9j\u00e0. J&rsquo;ai m\u00eame plaid\u00e9 devant elle<\/strong>\u00ab\u00a0, a<br \/>\nensuite ajout\u00e9 l&rsquo;ancien Garde des Sceaux. \u00ab\u00a0Alors, vous venez de<br \/>\nbr\u00fbler votre joker, c&rsquo;est normal, on l&rsquo;accepte. Marine Le Pen ou<br \/>\nJean-Luc M\u00e9lenchon ?\u00a0\u00bb, a alors encha\u00een\u00e9 l&rsquo;animateur.<\/p>\n<p>Eric<br \/>\nDupond-Moretti : \u00ab\u00a0Juger un type, je vous dis que c&rsquo;est extr\u00eamement<br \/>\ncompliqu\u00e9\u00a0\u00bb<\/p>\n<p data-paragraph-index=\"1\">\u00ab\u00a0Alors l\u00e0, ni l&rsquo;un ni l&rsquo;autre pour<br \/>\nle coup. Moi, je pense que la France, elle est bien trop belle pour<br \/>\nbasculer entre les mains des extr\u00eames. Enfin, franchement&#8230;<br \/>\n<strong>Vous me proposez la peste ou le chol\u00e9ra, non<br \/>\n?<\/strong>\u00ab\u00a0, a imm\u00e9diatement r\u00e9pliqu\u00e9 Eric Dupond-Moretti.<br \/>\n\u00ab\u00a0Vous pr\u00e9f\u00e9rez Fran\u00e7ois Hollande ou Nicolas Sarkozy ?\u00a0\u00bb, a<br \/>\nensuite voulu savoir Mohamed Bouhafsi. Ce qui n&rsquo;a pas enchant\u00e9 son<br \/>\ninvit\u00e9.<\/p>\n<p data-paragraph-index=\"1\">\u00ab\u00a0Oh ! Mais l\u00e0 aussi, quels sont les<br \/>\ncrit\u00e8res ? D&rsquo;abord, juger un type, je vous dis que c&rsquo;est<br \/>\nextr\u00eamement compliqu\u00e9. En comparer, c&rsquo;est encore&#8230; Alors, je vais<br \/>\nvous r\u00e9pondre. Emmanuel Macron \u00e0 l&rsquo;\u00e9nergie de Sarkozy et l&rsquo;humour<br \/>\nde Fran\u00e7ois Hollande. \u00c7a vous va \u00e7a ?\u00a0\u00bb, a ainsi lanc\u00e9 l&rsquo;ancien<br \/>\nministre de la Justice. \u00ab\u00a0<strong>C&rsquo;est un peu fayot \u00e7a quand<br \/>\nm\u00eame<\/strong>\u00ab\u00a0, lui a alors fait remarquer l&rsquo;animateur de C \u00e0<br \/>\nvous. \u00ab\u00a0Mais non, c&rsquo;est pas un peu fayot. Je suis pas l&rsquo;arbitre<br \/>\ndes \u00e9l\u00e9gances moi\u00a0\u00bb, s&rsquo;est rapidement d\u00e9fendu Eric<br \/>\nDupond-Moretti.<\/p>\n","protected":false},"excerpt":{"rendered":"EN BREF Anne-Elisabeth Lemoine reprend l\u00a0\u00bbanimation de C \u00e0 vous le 5 janvier 2026, du lundi au jeudi,&hellip;\n","protected":false},"author":2,"featured_media":654267,"comment_status":"","ping_status":"","sticky":false,"template":"","format":"standard","meta":{"footnotes":""},"categories":[8],"tags":[548,58,59,1011,27,4467],"class_list":{"0":"post-654266","1":"post","2":"type-post","3":"status-publish","4":"format-standard","5":"has-post-thumbnail","7":"category-divertissement","8":"tag-article-simple","9":"tag-divertissement","10":"tag-entertainment","11":"tag-fr","12":"tag-france","13":"tag-france-5"},"share_on_mastodon":{"url":"https:\/\/pubeurope.com\/@fr\/115871585776716912","error":""},"_links":{"self":[{"href":"https:\/\/www.europesays.com\/fr\/wp-json\/wp\/v2\/posts\/654266","targetHints":{"allow":["GET"]}}],"collection":[{"href":"https:\/\/www.europesays.com\/fr\/wp-json\/wp\/v2\/posts"}],"about":[{"href":"https:\/\/www.europesays.com\/fr\/wp-json\/wp\/v2\/types\/post"}],"author":[{"embeddable":true,"href":"https:\/\/www.europesays.com\/fr\/wp-json\/wp\/v2\/users\/2"}],"replies":[{"embeddable":true,"href":"https:\/\/www.europesays.com\/fr\/wp-json\/wp\/v2\/comments?post=654266"}],"version-history":[{"count":0,"href":"https:\/\/www.europesays.com\/fr\/wp-json\/wp\/v2\/posts\/654266\/revisions"}],"wp:featuredmedia":[{"embeddable":true,"href":"https:\/\/www.europesays.com\/fr\/wp-json\/wp\/v2\/media\/654267"}],"wp:attachment":[{"href":"https:\/\/www.europesays.com\/fr\/wp-json\/wp\/v2\/media?parent=654266"}],"wp:term":[{"taxonomy":"category","embeddable":true,"href":"https:\/\/www.europesays.com\/fr\/wp-json\/wp\/v2\/categories?post=654266"},{"taxonomy":"post_tag","embeddable":true,"href":"https:\/\/www.europesays.com\/fr\/wp-json\/wp\/v2\/tags?post=654266"}],"curies":[{"name":"wp","href":"https:\/\/api.w.org\/{rel}","templated":true}]}}